{"id":13194,"date":"2017-04-11T10:51:19","date_gmt":"2017-04-11T07:51:19","guid":{"rendered":"http:\/\/emlaktuel.com\/?p=13194"},"modified":"2018-07-05T16:23:38","modified_gmt":"2018-07-05T13:23:38","slug":"kosgebden-540-bin-isletme-yararlanacak","status":"publish","type":"post","link":"https:\/\/emlaktuel.com\/?p=13194","title":{"rendered":"KOSGEB\u2019den 540 bin i\u015fletme yararlanacak"},"content":{"rendered":"<div class=\"col-sm-12 text-center view20\">\n<figure class=\"newsImage\"><img loading=\"lazy\" class=\"size-full wp-image-13195 aligncenter\" src=\"http:\/\/emlaktuel.com\/wp-content\/uploads\/2017\/04\/752x395-kosgebden-540-bin-isletme-yararlanacak-1491860761728.jpeg\" alt=\"kosgeb\" width=\"752\" height=\"395\" \/><\/figure>\n<\/div>\n<div class=\"col-sm-12 view20\">\n<div class=\"newsDetailText\">\n<h4 class=\"newsBox selectionShareable\"><b>Bilim<\/b>, Sanayi ve Teknoloji Bakan\u0131 Faruk \u00d6zl\u00fc, KOSGEB kredisi i\u00e7in ba\u015fvuru say\u0131s\u0131n\u0131n 770 bin 976&#8217;ya ula\u015ft\u0131\u011f\u0131n\u0131, gerekli \u015fartlar\u0131 ta\u015f\u0131yan 540 bin 999 i\u015fletmenin yararland\u0131r\u0131lmas\u0131n\u0131n planland\u0131\u011f\u0131n\u0131 a\u00e7\u0131klad\u0131. CHP Sakarya Milletvekili Engin \u00d6zko\u00e7&#8217;un soru \u00f6nergesini yan\u0131tlayan Bakan \u00d6zl\u00fc, gerekli \u015fartlar\u0131 ta\u015f\u0131yan i\u015fletmeler i\u00e7in KOSGEB Ba\u015fkanl\u0131\u011f\u0131&#8217;nca 2.5 milyar TL faiz \u00f6demesi yap\u0131laca\u011f\u0131n\u0131 ve yakla\u015f\u0131k 11 milyar TL kredi hacmi olu\u015fturulaca\u011f\u0131n\u0131 belirtti. 2017 Y\u0131l\u0131 KOSGEB S\u0131f\u0131r Faizli \u0130\u015fletme Kredisi Faiz Deste\u011fi Program\u0131&#8217;nda 20 Mart 2017 tarihi itibar\u0131yla 16 bin 121 i\u015fletmenin 430 milyon 989 bin 317 TL kredi kulland\u0131\u011f\u0131n\u0131 ifade eden \u00d6zl\u00fc, &#8220;2016 ve 2017 y\u0131l\u0131 &#8216;KOSGEB S\u0131f\u0131r Faizli \u0130\u015fletme Kredisi Faiz Deste\u011fi Program\u0131&#8217; ba\u015fvuru say\u0131s\u0131 770 bin 976&#8217;ya ula\u015fm\u0131\u015f olup gerekli \u015fartlar\u0131 ta\u015f\u0131yan 540 bin 999 i\u015fletmenin yararland\u0131r\u0131lmas\u0131 planlanmaktad\u0131r&#8221; dedi.<\/h4>\n<\/div>\n<\/div>\n","protected":false},"excerpt":{"rendered":"<p>Bilim, Sanayi ve Teknoloji Bakan\u0131 Faruk \u00d6zl\u00fc, KOSGEB kredisi i\u00e7in ba\u015fvuru say\u0131s\u0131n\u0131n 770 bin 976&#8217;ya ula\u015ft\u0131\u011f\u0131n\u0131, gerekli \u015fartlar\u0131 ta\u015f\u0131yan 540 bin 999 i\u015fletmenin yararland\u0131r\u0131lmas\u0131n\u0131n planland\u0131\u011f\u0131n\u0131 a\u00e7\u0131klad\u0131. CHP Sakarya Milletvekili Engin \u00d6zko\u00e7&#8217;un soru \u00f6nergesini yan\u0131tlayan Bakan \u00d6zl\u00fc, gerekli \u015fartlar\u0131 ta\u015f\u0131yan i\u015fletmeler i\u00e7in KOSGEB Ba\u015fkanl\u0131\u011f\u0131&#8217;nca 2.5 milyar TL faiz \u00f6demesi yap\u0131laca\u011f\u0131n\u0131 ve yakla\u015f\u0131k 11 milyar TL kredi [&hellip;]<\/p>\n","protected":false},"author":1,"featured_media":13195,"comment_status":"open","ping_status":"open","sticky":false,"template":"","format":"standard","meta":{"ngg_post_thumbnail":0},"categories":[5213],"tags":[278,5633,277,2731,11116,11533,11163],"_links":{"self":[{"href":"https:\/\/emlaktuel.com\/index.php?rest_route=\/wp\/v2\/posts\/13194"}],"collection":[{"href":"https:\/\/emlaktuel.com\/index.php?rest_route=\/wp\/v2\/posts"}],"about":[{"href":"https:\/\/emlaktuel.com\/index.php?rest_route=\/wp\/v2\/types\/post"}],"author":[{"embeddable":true,"href":"https:\/\/emlaktuel.com\/index.php?rest_route=\/wp\/v2\/users\/1"}],"replies":[{"embeddable":true,"href":"https:\/\/emlaktuel.com\/index.php?rest_route=%2Fwp%2Fv2%2Fcomments&post=13194"}],"version-history":[{"count":2,"href":"https:\/\/emlaktuel.com\/index.php?rest_route=\/wp\/v2\/posts\/13194\/revisions"}],"predecessor-version":[{"id":13197,"href":"https:\/\/emlaktuel.com\/index.php?rest_route=\/wp\/v2\/posts\/13194\/revisions\/13197"}],"wp:featuredmedia":[{"embeddable":true,"href":"https:\/\/emlaktuel.com\/index.php?rest_route=\/wp\/v2\/media\/13195"}],"wp:attachment":[{"href":"https:\/\/emlaktuel.com\/index.php?rest_route=%2Fwp%2Fv2%2Fmedia&parent=13194"}],"wp:term":[{"taxonomy":"category","embeddable":true,"href":"https:\/\/emlaktuel.com\/index.php?rest_route=%2Fwp%2Fv2%2Fcategories&post=13194"},{"taxonomy":"post_tag","embeddable":true,"href":"https:\/\/emlaktuel.com\/index.php?rest_route=%2Fwp%2Fv2%2Ftags&post=13194"}],"curies":[{"name":"wp","href":"https:\/\/api.w.org\/{rel}","templated":true}]}}