{"id":13170,"date":"2017-04-10T18:43:27","date_gmt":"2017-04-10T15:43:27","guid":{"rendered":"http:\/\/emlaktuel.com\/?p=13170"},"modified":"2018-07-05T16:23:23","modified_gmt":"2018-07-05T13:23:23","slug":"kucukcekmece-sefakoy-basaksehir-havaray-hattinin-insaati-basliyor","status":"publish","type":"post","link":"https:\/\/emlaktuel.com\/?p=13170","title":{"rendered":"K\u00fc\u00e7\u00fck\u00e7ekmece-Sefak\u00f6y-Ba\u015fak\u015fehir Havaray Hatt\u0131&#8217;n\u0131n in\u015faat\u0131 ba\u015fl\u0131yor!"},"content":{"rendered":"<h3 class=\"news-detail-title selectionShareable\"><img loading=\"lazy\" class=\"size-full wp-image-13171 aligncenter\" src=\"http:\/\/emlaktuel.com\/wp-content\/uploads\/2017\/04\/url.jpg\" alt=\"k\u00fc\u00e7\u00fck\u00e7ekmece belediyesi\" width=\"282\" height=\"178\" \/><\/h3>\n<h3 class=\"news-detail-title selectionShareable\">K\u00fc\u00e7\u00fck\u00e7ekmece Belediyesi 2016 faaliyet raporu onayland\u0131. Ger\u00e7ekle\u015fen toplant\u0131da K\u00fc\u00e7\u00fck\u00e7ekmece deki projeler hakk\u0131nda bilgiler veren K\u00fc\u00e7\u00fck\u00e7ekmece Belediye Ba\u015fkan\u0131 Temel Karadeniz, havaray in\u015faat\u0131n\u0131n Nisan ay\u0131 sonunda ba\u015flayaca\u011f\u0131n\u0131 s\u00f6yledi.<\/h3>\n<div class=\"soc2 nmobilw\"><\/div>\n<h3 class=\"clear-01\">\u00a0K\u00fc\u00e7\u00fck\u00e7ekmece Belediye Meclisi, 2016 faaliyet raporunu oy \u00e7o\u011funlu\u011fu ile onaylad\u0131.<\/h3>\n<div>\n<h3>Toplant\u0131ya K\u00fc\u00e7\u00fck\u00e7ekmece Belediye Ba\u015fkan\u0131 Temel Karadeniz, Ba\u015fkan Yard\u0131mc\u0131lar\u0131, meclis \u00fcyeleri ve birim m\u00fcd\u00fcrleri kat\u0131ld\u0131. Toplant\u0131da, belediyenin 2016 Y\u0131l\u0131 Faaliyet Raporu meclis \u00fcyeleri taraf\u0131ndan de\u011ferlendirilerek oy \u00e7o\u011funlu\u011fu ile kabul edildi.<\/h3>\n<h3>&#8220;T\u00dcRK\u0130YE&#8217;N\u0130N \u0130LK HAVARAY&#8217;I K\u00dc\u00c7\u00dcK\u00c7EKMECE&#8217;YE YAPILACAK&#8221;<\/h3>\n<h3>K\u00fc\u00e7\u00fck\u00e7ekmece deki projeler hakk\u0131nda bilgiler veren K\u00fc\u00e7\u00fck\u00e7ekmece Belediye Ba\u015fkan\u0131 Temel Karadeniz; &#8220;K\u00fc\u00e7\u00fck\u00e7ekmece&#8217;de projeler hayat bulmaya devam ediyor. 2017 y\u0131l\u0131nda 3 tane pazar yerimiz ve yeralt\u0131 otopark\u0131m\u0131z meydan d\u00fczenlemeleri ile faaliyete girecek. K\u00fc\u00e7\u00fck\u00e7ekmece Belediyesi olarak yapt\u0131\u011f\u0131m\u0131z i\u015flerin d\u0131\u015f\u0131nda B\u00fcy\u00fck\u015fehir&#8217;den de \u00f6nemli yat\u0131r\u0131mlar al\u0131yoruz ve bu da belediyemiz i\u00e7in \u00f6nemli bir art\u0131 de\u011fer kazan\u0131yor. Ayr\u0131ca Nisan ay\u0131 sonunda Havaray&#8217;\u0131n in\u015faat\u0131 ba\u015flayacak. T\u00fcrkiye&#8217;nin ve \u0130stanbul&#8217;un ilk Havaray&#8217;\u0131 K\u00fc\u00e7\u00fck\u00e7ekmece&#8217;de yap\u0131lacak ve bundan memnuniyet duyuyoruz&#8221;dedi.<\/h3>\n<h3>2016 Faaliyet Raporunda yer alan konulara de\u011finen Ba\u015fkan Karadeniz, belediyeye ait hizmet binalar\u0131, il\u00e7edeki spor tesisleri, spor yat\u0131r\u0131mlar\u0131, \u00e7evre yat\u0131r\u0131mlar\u0131, k\u00fclt\u00fcr sanat-etkinlikleri, sa\u011fl\u0131k yat\u0131r\u0131mlar\u0131, yol bak\u0131m ve onar\u0131m hizmetleri, \u00fcst yap\u0131 ve alt yap\u0131 yat\u0131r\u0131mlar\u0131 hakk\u0131nda bilgi vererek, 2017 y\u0131l\u0131 ve daha sonras\u0131nda yap\u0131lmas\u0131 planlanan projeler hakk\u0131nda da bilgi verdi.<\/h3>\n<h3>K\u00fc\u00e7\u00fck\u00e7ekmece Belediyesi<\/h3>\n<\/div>\n","protected":false},"excerpt":{"rendered":"<p>K\u00fc\u00e7\u00fck\u00e7ekmece Belediyesi 2016 faaliyet raporu onayland\u0131. Ger\u00e7ekle\u015fen toplant\u0131da K\u00fc\u00e7\u00fck\u00e7ekmece deki projeler hakk\u0131nda bilgiler veren K\u00fc\u00e7\u00fck\u00e7ekmece Belediye Ba\u015fkan\u0131 Temel Karadeniz, havaray in\u015faat\u0131n\u0131n Nisan ay\u0131 sonunda ba\u015flayaca\u011f\u0131n\u0131 s\u00f6yledi. \u00a0K\u00fc\u00e7\u00fck\u00e7ekmece Belediye Meclisi, 2016 faaliyet raporunu oy \u00e7o\u011funlu\u011fu ile onaylad\u0131. Toplant\u0131ya K\u00fc\u00e7\u00fck\u00e7ekmece Belediye Ba\u015fkan\u0131 Temel Karadeniz, Ba\u015fkan Yard\u0131mc\u0131lar\u0131, meclis \u00fcyeleri ve birim m\u00fcd\u00fcrleri kat\u0131ld\u0131. Toplant\u0131da, belediyenin 2016 Y\u0131l\u0131 Faaliyet [&hellip;]<\/p>\n","protected":false},"author":1,"featured_media":12884,"comment_status":"open","ping_status":"open","sticky":false,"template":"","format":"standard","meta":{"ngg_post_thumbnail":0},"categories":[5217,97,5388],"tags":[11142,111,114,67,132,7538,122],"_links":{"self":[{"href":"https:\/\/emlaktuel.com\/index.php?rest_route=\/wp\/v2\/posts\/13170"}],"collection":[{"href":"https:\/\/emlaktuel.com\/index.php?rest_route=\/wp\/v2\/posts"}],"about":[{"href":"https:\/\/emlaktuel.com\/index.php?rest_route=\/wp\/v2\/types\/post"}],"author":[{"embeddable":true,"href":"https:\/\/emlaktuel.com\/index.php?rest_route=\/wp\/v2\/users\/1"}],"replies":[{"embeddable":true,"href":"https:\/\/emlaktuel.com\/index.php?rest_route=%2Fwp%2Fv2%2Fcomments&post=13170"}],"version-history":[{"count":1,"href":"https:\/\/emlaktuel.com\/index.php?rest_route=\/wp\/v2\/posts\/13170\/revisions"}],"predecessor-version":[{"id":13172,"href":"https:\/\/emlaktuel.com\/index.php?rest_route=\/wp\/v2\/posts\/13170\/revisions\/13172"}],"wp:featuredmedia":[{"embeddable":true,"href":"https:\/\/emlaktuel.com\/index.php?rest_route=\/wp\/v2\/media\/12884"}],"wp:attachment":[{"href":"https:\/\/emlaktuel.com\/index.php?rest_route=%2Fwp%2Fv2%2Fmedia&parent=13170"}],"wp:term":[{"taxonomy":"category","embeddable":true,"href":"https:\/\/emlaktuel.com\/index.php?rest_route=%2Fwp%2Fv2%2Fcategories&post=13170"},{"taxonomy":"post_tag","embeddable":true,"href":"https:\/\/emlaktuel.com\/index.php?rest_route=%2Fwp%2Fv2%2Ftags&post=13170"}],"curies":[{"name":"wp","href":"https:\/\/api.w.org\/{rel}","templated":true}]}}