{"id":13122,"date":"2017-04-10T11:05:07","date_gmt":"2017-04-10T08:05:07","guid":{"rendered":"http:\/\/emlaktuel.com\/?p=13122"},"modified":"2018-07-05T16:22:42","modified_gmt":"2018-07-05T13:22:42","slug":"anadolu-yakasinda-beykozda-ev-ariyor","status":"publish","type":"post","link":"https:\/\/emlaktuel.com\/?p=13122","title":{"rendered":"Anadolu yakas\u0131nda Beykoz&#8217;da ev ar\u0131yor"},"content":{"rendered":"<h1 class=\"news-detail-title selectionShareable\">\u00a0<img loading=\"lazy\" class=\"size-full wp-image-13123 aligncenter\" src=\"http:\/\/emlaktuel.com\/wp-content\/uploads\/2017\/04\/kenan-imirzal\u0131og\u0306lu-arsa-ald\u0131.jpg\" alt=\"kenan imirzal\u0131og\u0306lu arsa ald\u0131\" width=\"2300\" height=\"1100\" \/><\/h1>\n<h4 class=\"topP\">Kenan \u0130mirzal\u0131o\u011flu, yeni yat\u0131r\u0131m\u0131n\u0131 topra\u011fa yap\u0131yor. \u00dcnl\u00fc akt\u00f6r, \u00c7erkezk\u00f6y\u2019de 10 d\u00f6n\u00fcm tarla ald\u0131. \u0130l\u00e7e merkezine 1 saat uzakl\u0131ktaki arsada \u00e7iftlik kurmay\u0131 planl\u0131yor. Ge\u00e7mi\u015fte yat\u0131r\u0131m amac\u0131yla \u0130stanbul\u2019un tarihi semtlerinde eski bina sat\u0131n al\u0131p yenileyen Kenan \u0130mirzal\u0131o\u011flu, art\u0131k topra\u011fa yat\u0131r\u0131m yap\u0131yor. Akt\u00f6r son olarak \u00c7erkezk\u00f6y\u2019de 10 d\u00f6n\u00fcm tarla ald\u0131.<\/h4>\n<div>\n<h3>\u00c7erkezk\u00f6y \u0130stanbul&#8217;a 1 saat uzakl\u0131kta<\/h3>\n<h4>Yak\u0131\u015f\u0131kl\u0131 oyuncu, Tekirda\u011f\u2019\u0131n \u0130stanbul\u2019a en yak\u0131n il\u00e7elerinden \u00c7erkezk\u00f6y\u2019de 10 d\u00f6n\u00fcm tarla ald\u0131. \u0130l\u00e7e merkezine yak\u0131n konumdaki arsay\u0131 kendi \u00fczerine kay\u0131t ettiren oyuncunun burada \u00e7iftlik kurmak istedi\u011fi konu\u015fuluyor. \u0130mirzal\u0131o\u011flu ve e\u015fi Sinem Kobal, \u00e7al\u0131\u015fmad\u0131klar\u0131 d\u00f6nemleri \u0130stanbul yerine \u00c7erkezk\u00f6y\u2019de yapt\u0131racaklar\u0131 \u00e7iftlikte ge\u00e7irmeyi planl\u0131yor.<\/h4>\n<h3>\u00c7ocuklu\u011funun ge\u00e7ti\u011fi k\u00f6yde arsa sat\u0131n ald\u0131<\/h3>\n<h4>Kenan \u0130mirzal\u0131o\u011flu\u2019ndan topra\u011fa yat\u0131r\u0131m. \u00c7ocuklu\u011fu ailesinin ya\u015fad\u0131\u011f\u0131 Ankara\u2019daki k\u00f6yde \u00e7ift\u00e7ilikle ge\u00e7en \u0130mirzal\u0131o\u011flu, topraktan kopamad\u0131. Yak\u0131n zamana kadar amcas\u0131n\u0131n o\u011fluyla birlikte Cihangir ve Tarlaba\u015f\u0131 semtlerinden eski binalar\u0131 al\u0131p yenileyerek sat\u0131\u015fa \u00e7\u0131karan veya kiralayan oyuncu \u015fu s\u0131ralar tarlaya yat\u0131r\u0131m yap\u0131yor.<\/h4>\n<h3>Beykoz taraflar\u0131nda ev ar\u0131yor<\/h3>\n<h4>Evlendikten sonra Emirgan\u2019a ta\u015f\u0131nan Kenan \u0130mirzal\u0131o\u011flu-Sinem Kobal \u00e7iftinin, \u015fehir g\u00fcr\u00fclt\u00fcs\u00fcnden tamamen uzakla\u015fabilmek i\u00e7in Beykoz\u2019da ev aray\u0131\u015f\u0131na girdikleri \u00f6\u011frenildi.<\/h4>\n<\/div>\n","protected":false},"excerpt":{"rendered":"<p>\u00a0 Kenan \u0130mirzal\u0131o\u011flu, yeni yat\u0131r\u0131m\u0131n\u0131 topra\u011fa yap\u0131yor. \u00dcnl\u00fc akt\u00f6r, \u00c7erkezk\u00f6y\u2019de 10 d\u00f6n\u00fcm tarla ald\u0131. \u0130l\u00e7e merkezine 1 saat uzakl\u0131ktaki arsada \u00e7iftlik kurmay\u0131 planl\u0131yor. Ge\u00e7mi\u015fte yat\u0131r\u0131m amac\u0131yla \u0130stanbul\u2019un tarihi semtlerinde eski bina sat\u0131n al\u0131p yenileyen Kenan \u0130mirzal\u0131o\u011flu, art\u0131k topra\u011fa yat\u0131r\u0131m yap\u0131yor. Akt\u00f6r son olarak \u00c7erkezk\u00f6y\u2019de 10 d\u00f6n\u00fcm tarla ald\u0131. \u00c7erkezk\u00f6y \u0130stanbul&#8217;a 1 saat uzakl\u0131kta Yak\u0131\u015f\u0131kl\u0131 oyuncu, [&hellip;]<\/p>\n","protected":false},"author":1,"featured_media":13123,"comment_status":"open","ping_status":"open","sticky":false,"template":"","format":"standard","meta":{"ngg_post_thumbnail":0},"categories":[221,5217,20,97,5388],"tags":[214,183,467,11142,73,644,7497,7499,7498,7500,11398],"_links":{"self":[{"href":"https:\/\/emlaktuel.com\/index.php?rest_route=\/wp\/v2\/posts\/13122"}],"collection":[{"href":"https:\/\/emlaktuel.com\/index.php?rest_route=\/wp\/v2\/posts"}],"about":[{"href":"https:\/\/emlaktuel.com\/index.php?rest_route=\/wp\/v2\/types\/post"}],"author":[{"embeddable":true,"href":"https:\/\/emlaktuel.com\/index.php?rest_route=\/wp\/v2\/users\/1"}],"replies":[{"embeddable":true,"href":"https:\/\/emlaktuel.com\/index.php?rest_route=%2Fwp%2Fv2%2Fcomments&post=13122"}],"version-history":[{"count":1,"href":"https:\/\/emlaktuel.com\/index.php?rest_route=\/wp\/v2\/posts\/13122\/revisions"}],"predecessor-version":[{"id":13124,"href":"https:\/\/emlaktuel.com\/index.php?rest_route=\/wp\/v2\/posts\/13122\/revisions\/13124"}],"wp:featuredmedia":[{"embeddable":true,"href":"https:\/\/emlaktuel.com\/index.php?rest_route=\/wp\/v2\/media\/13123"}],"wp:attachment":[{"href":"https:\/\/emlaktuel.com\/index.php?rest_route=%2Fwp%2Fv2%2Fmedia&parent=13122"}],"wp:term":[{"taxonomy":"category","embeddable":true,"href":"https:\/\/emlaktuel.com\/index.php?rest_route=%2Fwp%2Fv2%2Fcategories&post=13122"},{"taxonomy":"post_tag","embeddable":true,"href":"https:\/\/emlaktuel.com\/index.php?rest_route=%2Fwp%2Fv2%2Ftags&post=13122"}],"curies":[{"name":"wp","href":"https:\/\/api.w.org\/{rel}","templated":true}]}}