{"id":13041,"date":"2017-04-06T14:03:39","date_gmt":"2017-04-06T11:03:39","guid":{"rendered":"http:\/\/emlaktuel.com\/?p=13041"},"modified":"2018-07-05T16:21:46","modified_gmt":"2018-07-05T13:21:46","slug":"gonye-proje-tasarimdan-sehrin-enerjisini-yansitan-daire","status":"publish","type":"post","link":"https:\/\/emlaktuel.com\/?p=13041","title":{"rendered":"G\u00f6nye Proje Tasar\u0131m\u2019dan  \u015eehrin Enerjisini Yans\u0131tan Daire&#8230;"},"content":{"rendered":"<h2><img class=\"CToWUd a6T\" tabindex=\"0\" src=\"https:\/\/ci4.googleusercontent.com\/proxy\/BGGkhIDk_ZP76QTwDqWQUXRVuj59CP15ckfZOdoFk0EkMO3jSlBfwShmnstznSCugYo3eBnxiDBBP4z_7IhliQvBN4Mw_cgIwCp4zDOF_3hhPitQpDm5EtadJm9zF_aWIRKEQtoj9-QfTVFf=s0-d-e1-ft#http:\/\/img.faselis.com\/faselis_tr\/brands\/10558\/inline\/1491290035_makyol_salon2.jpg.jpg\" \/><\/h2>\n<h3>Makyol Santral Bah\u00e7e\u015fehir projesi kapsam\u0131nda yer alan ve i\u00e7 mimari projesi Mimar Yelin Evcen ve \u0130\u00e7 Mimar G\u00f6n\u00fcl Ardal liderli\u011findeki <a href=\"http:\/\/www.gonyetasarim.com\/\" target=\"_blank\" data-saferedirecturl=\"https:\/\/www.google.com\/url?hl=tr&amp;q=http:\/\/www.gonyetasarim.com\/&amp;source=gmail&amp;ust=1491562708881000&amp;usg=AFQjCNGLsSljEELNxOc9h-l7W6WjuCqdeg\">G\u00f6nye Proje Tasar\u0131m<\/a> imzas\u0131 ta\u015f\u0131yan dairede t\u00fcm detaylar gen\u00e7, dinamik, h\u0131zl\u0131 ve modern kent ya\u015fam\u0131na uygun olarak kurgulanm\u0131\u015f.<\/h3>\n<h4>\u0130n\u015faat ve gayrimenkul yat\u0131r\u0131m \u015firketleriyle \u00e7\u00f6z\u00fcm ortakl\u0131\u011f\u0131 yaparak, T\u00fcrkiye\u2019nin en \u00f6nemli rezidans, toplu konut ve ofis projelerinin i\u00e7 mimari tasar\u0131mlar\u0131na imza atan <strong>G\u00f6nye Proje Tasar\u0131m<\/strong>\u2019\u0131n i\u00e7 mimari tasar\u0131m\u0131n\u0131 \u00fcstlendi\u011fi <strong>Makyol Santral Bah\u00e7e\u015fehir<\/strong> \u00f6rnek dairesinde, enerjik dokunu\u015flar\u0131n yaratt\u0131\u011f\u0131 gen\u00e7 ruh, mekan\u0131n t\u00fcm\u00fcnde kendini hissettiriyor.<\/h4>\n<h4><strong>G\u00f6nye Proje Tasar\u0131m<\/strong>\u2019\u0131n \u0130stanbul Bah\u00e7e\u015fehir\u2019de, <strong>Makyol Santral Bah\u00e7e\u015fehir<\/strong> projesi kapsam\u0131nda tasarlad\u0131\u011f\u0131 2+1 dairedeki tasar\u0131m kriterleri, gen\u00e7 ya\u015f grubu \u00fczerinden belirlenmi\u015f. Hedef kitleyle paralel olarak tercih edilen gen\u00e7 detaylar\u0131n, giri\u015f hol\u00fcnden itibaren dairenin genelinde kendini hissettirmesi hedeflenmi\u015f. Salonda kullan\u0131lan mavi ve somon tonlar\u0131ndaki renkler, tekstil \u00fcr\u00fcnleriyle ve gen\u00e7 sanat\u00e7\u0131lar taraf\u0131ndan haz\u0131rlanan projeye \u00f6zel ya\u011fl\u0131 boya tablolarla uyum yakalayacak \u015fekilde se\u00e7ilmi\u015f. Desen tasar\u0131m\u0131n\u0131 <strong>G\u00f6nye Proje Tasar\u0131m<\/strong>\u2019\u0131n \u00fcstlendi\u011fi hal\u0131n\u0131n, standart \u00f6l\u00e7\u00fclerin d\u0131\u015f\u0131nda daha geni\u015f bir alanda kullan\u0131lmas\u0131, b\u00f6ylelikle mekanda daha s\u0131cak bir atmosfer olu\u015fmas\u0131 sa\u011flanm\u0131\u015f. Hareket alan\u0131n\u0131n geni\u015fletilmesi ilkesiyle yola \u00e7\u0131k\u0131lan tasar\u0131m kriterleri do\u011frultusunda, salonda yuvarlak mermer masa ve sehpalar\u0131n kullan\u0131m\u0131na yer verilmi\u015f. Masa \u00fczerinde kullan\u0131lan ayd\u0131nlatma ve deri kaplamal\u0131, metal ayakl\u0131 sandalyelerin kullan\u0131m\u0131yla modern tarz vurgulan\u0131rken, \u00f6zel tasar\u0131m mobilyalarda, mermer detaylar \u00f6ne \u00e7\u0131kar\u0131lm\u0131\u015f.<\/h4>\n<h4><\/h4>\n<h4>Detaylardaki m\u00fckemmelli\u011fin b\u00fct\u00fcn\u00fc etkiledi\u011fine inanan <strong>G\u00f6nye Proje Tasar\u0131m<\/strong>, yatak odas\u0131nda da bu prensip \u00fczerinden tasar\u0131mlar\u0131n\u0131 s\u00fcrd\u00fcrm\u00fc\u015f. Mekanda kullan\u0131lan s\u0131cak gri tonlar\u0131n, aksesuarlar ve yatak ba\u015f\u0131nda kullan\u0131lan ya\u011fl\u0131 boya tablonun i\u00e7indeki sonbahar renkleriyle uyumu yakalamas\u0131 sa\u011flanarak s\u0131cak etki devam ettirilmi\u015f. A\u00e7\u0131k olarak planlanan giyinme odas\u0131nda, raf altlar\u0131ndan tekstil tabanl\u0131 duvar ka\u011f\u0131d\u0131na yans\u0131yan gizli \u0131\u015f\u0131k detaylar\u0131yla, fonksiyonel bir kullan\u0131m sa\u011flanm\u0131\u015f. \u00c7ekmecelerde kullan\u0131lan \u0131\u015f\u0131kl\u0131, sonbahar rengini vurgulayan taba rengi deri kaplama detaylarda, noktasal dokunu\u015flara dikkat \u00e7ekilmi\u015f.<\/h4>\n<h4>\u00c7ocuk odas\u0131 tasar\u0131mlar\u0131n\u0131 her proje i\u00e7in farkl\u0131 konseptler \u00fczerinden s\u00fcrd\u00fcren <strong>G\u00f6nye Proje Tasar\u0131m<\/strong>, <strong>Makyol Santral Bah\u00e7e\u015fehir<\/strong>\u2019deki \u00e7ocuk odas\u0131n\u0131 da yenilik\u00e7i bir yakla\u015f\u0131mla ele almay\u0131 ba\u015farm\u0131\u015f. Tasar\u0131m\u0131n \u201cuzay bilimlerine merak sarm\u0131\u015f 9-10 ya\u015flar\u0131ndaki erkek \u00e7ocuk\u201d senaryosu \u00fczerinden kurguland\u0131\u011f\u0131 odada, mekana ve konsepte \u00f6zel olarak se\u00e7ilen y\u0131ld\u0131z haritas\u0131 desenli duvar ka\u011f\u0131d\u0131 kullan\u0131lm\u0131\u015f. Teleskop gibi aksesuarlarla da kurgudaki b\u00fct\u00fcnl\u00fck tamamlanm\u0131\u015f.<\/h4>\n<h4>Banyo ve mutfak tasar\u0131mlar\u0131nda mekana sadelikle hayat veren <strong>G\u00f6nye Proje Tasar\u0131m<\/strong>, mutfak ve banyo dolaplar\u0131nda b\u00fcy\u00fck ve tek y\u00fczey malzemeleri tercih etmi\u015f. Mekandaki b\u00fct\u00fcnl\u00fck hissinin yal\u0131nl\u0131kla kurguland\u0131\u011f\u0131 banyoda hem zeminde hem de duvarlarda kullan\u0131lan mermer dokulu parlak seramiklerin yan\u0131 s\u0131ra, tekstil tabanl\u0131, dokulu duvar ka\u011f\u0131d\u0131 tercih edilmi\u015f.<\/h4>\n<h4><img loading=\"lazy\" class=\"size-full wp-image-13042 aligncenter\" src=\"http:\/\/emlaktuel.com\/wp-content\/uploads\/2017\/04\/1491296033_GonulArdal_YelinEvcen.jpg\" alt=\"1491296033_GonulArdal_YelinEvcen\" width=\"3425\" height=\"2283\" \/><\/h4>\n<h4><span class=\"m_-3347875857226111204il\"><strong><i>G\u00f6nye<\/i><\/strong><\/span><i> <\/i><span class=\"m_-3347875857226111204il\"><strong><i>Proje<\/i><\/strong><\/span><i> <\/i><span class=\"m_-3347875857226111204il\"><strong><i>Tasar\u0131m<\/i><\/strong><\/span><i> <\/i><strong><i>Hakk\u0131nda:<\/i><\/strong><i><\/i><\/h4>\n<h4><strong><i>Mimar Yelin Evcen<\/i><\/strong><i> <\/i><i>ve<\/i><i> <\/i><strong><i>\u0130\u00e7 Mimar G\u00f6n\u00fcl Ardal<\/i><\/strong><i> <\/i><i>taraf\u0131ndan kurulan \u0130stanbul merkezli i\u00e7 mimarl\u0131k ofisi<\/i><i> <\/i><span class=\"m_-3347875857226111204il\"><strong><i>G\u00f6nye<\/i><\/strong><\/span><i> <\/i><span class=\"m_-3347875857226111204il\"><strong><i>Proje<\/i><\/strong><\/span><i> <\/i><span class=\"m_-3347875857226111204il\"><strong><i>Tasar\u0131m<\/i><\/strong><\/span><i>, \u00e7\u00f6z\u00fcm orta\u011f\u0131 olarak birlikte yol ald\u0131\u011f\u0131 in\u015faat ve gayrimenkul yat\u0131r\u0131m \u015firketleri ile rezidans, toplu konut ve ofis projeleri ba\u015fta olmak \u00fczere bir \u00e7ok i\u00e7 mimari projeye imza at\u0131yor.<\/i><\/h4>\n<h4><i>Tasarlad\u0131\u011f\u0131 mekanlarda ya\u015fayacak ki\u015filerin zevkleri, ya\u015fam tarzlar\u0131 ve ihtiya\u00e7lar\u0131 do\u011frultusunda ba\u015flad\u0131\u011f\u0131 projeleri, i\u015fverenin verilerine uygun olarak haz\u0131rlad\u0131\u011f\u0131 konsept sunumu, fiyat analizleri, uygulama projelerinin haz\u0131rlanmas\u0131,<\/i><i> <\/i><span class=\"m_-3347875857226111204il\"><i>proje<\/i><\/span><i> <\/i><i>imalat takibi, kalite kontrol s\u00fcreci ve i\u015f program\u0131 ile zaman\u0131nda teslim etmenin \u00f6nemini bilerek ger\u00e7ekle\u015ftiren<\/i><i><\/i><span class=\"m_-3347875857226111204il\"><strong><i>G\u00f6nye Proje<\/i><\/strong><\/span><i> <\/i><span class=\"m_-3347875857226111204il\"><strong><i>Tasar\u0131m<\/i><\/strong><\/span><i>, projenin<\/i><i> <\/i><span class=\"m_-3347875857226111204il\"><i>tasar\u0131m<\/i><\/span><i> <\/i><i>\u00f6yk\u00fcs\u00fcnden uygulaman\u0131n son noktas\u0131na kadar, bir yandan ince detaylarla olu\u015fan konsept b\u00fct\u00fcnl\u00fc\u011f\u00fcn\u00fc korumak i\u00e7in \u00f6zen g\u00f6sterirken di\u011fer yandan da belirlenen maliyet hesaplar\u0131 \u00e7er\u00e7evesinde projeyi tamamlamak ilkesiyle \u00e7al\u0131\u015f\u0131yor.<\/i><\/h4>\n<h4><i>\u00dcretimlerini hayal etti\u011fi mekanlara i\u015fveren memnuniyeti ile sonu\u00e7lanan konsept ruhunu tatt\u0131rma ve birbirini tekrar etmeyen kaliteli projelere imza atma hedefiyle ger\u00e7ekle\u015ftiren<\/i><i><\/i><span class=\"m_-3347875857226111204il\"><strong><i>G\u00f6nye<\/i><\/strong><\/span><i> <\/i><span class=\"m_-3347875857226111204il\"><strong><i>Proje<\/i><\/strong><\/span><i> <\/i><span class=\"m_-3347875857226111204il\"><strong><i>Tasar\u0131m<\/i><\/strong><\/span><i>, ele ald\u0131\u011f\u0131 projeleri, i\u015flevsel ve estetik<\/i><i> <\/i><span class=\"m_-3347875857226111204il\"><i>tasar\u0131m<\/i><\/span><i> <\/i><i>anlay\u0131\u015f\u0131 ile y\u00f6nlendirerek sekt\u00f6rde fark yarat\u0131yor.<\/i><\/h4>\n","protected":false},"excerpt":{"rendered":"<p>Makyol Santral Bah\u00e7e\u015fehir projesi kapsam\u0131nda yer alan ve i\u00e7 mimari projesi Mimar Yelin Evcen ve \u0130\u00e7 Mimar G\u00f6n\u00fcl Ardal liderli\u011findeki G\u00f6nye Proje Tasar\u0131m imzas\u0131 ta\u015f\u0131yan dairede t\u00fcm detaylar gen\u00e7, dinamik, h\u0131zl\u0131 ve modern kent ya\u015fam\u0131na uygun olarak kurgulanm\u0131\u015f. \u0130n\u015faat ve gayrimenkul yat\u0131r\u0131m \u015firketleriyle \u00e7\u00f6z\u00fcm ortakl\u0131\u011f\u0131 yaparak, T\u00fcrkiye\u2019nin en \u00f6nemli rezidans, toplu konut ve ofis projelerinin [&hellip;]<\/p>\n","protected":false},"author":1,"featured_media":13044,"comment_status":"open","ping_status":"open","sticky":false,"template":"","format":"standard","meta":{"ngg_post_thumbnail":0},"categories":[223,221,5217,97,5388],"tags":[180,11641,7428,11318,7427,11111,11536,11391,106,11155,11211],"_links":{"self":[{"href":"https:\/\/emlaktuel.com\/index.php?rest_route=\/wp\/v2\/posts\/13041"}],"collection":[{"href":"https:\/\/emlaktuel.com\/index.php?rest_route=\/wp\/v2\/posts"}],"about":[{"href":"https:\/\/emlaktuel.com\/index.php?rest_route=\/wp\/v2\/types\/post"}],"author":[{"embeddable":true,"href":"https:\/\/emlaktuel.com\/index.php?rest_route=\/wp\/v2\/users\/1"}],"replies":[{"embeddable":true,"href":"https:\/\/emlaktuel.com\/index.php?rest_route=%2Fwp%2Fv2%2Fcomments&post=13041"}],"version-history":[{"count":1,"href":"https:\/\/emlaktuel.com\/index.php?rest_route=\/wp\/v2\/posts\/13041\/revisions"}],"predecessor-version":[{"id":13045,"href":"https:\/\/emlaktuel.com\/index.php?rest_route=\/wp\/v2\/posts\/13041\/revisions\/13045"}],"wp:featuredmedia":[{"embeddable":true,"href":"https:\/\/emlaktuel.com\/index.php?rest_route=\/wp\/v2\/media\/13044"}],"wp:attachment":[{"href":"https:\/\/emlaktuel.com\/index.php?rest_route=%2Fwp%2Fv2%2Fmedia&parent=13041"}],"wp:term":[{"taxonomy":"category","embeddable":true,"href":"https:\/\/emlaktuel.com\/index.php?rest_route=%2Fwp%2Fv2%2Fcategories&post=13041"},{"taxonomy":"post_tag","embeddable":true,"href":"https:\/\/emlaktuel.com\/index.php?rest_route=%2Fwp%2Fv2%2Ftags&post=13041"}],"curies":[{"name":"wp","href":"https:\/\/api.w.org\/{rel}","templated":true}]}}