{"id":13023,"date":"2017-04-05T13:00:31","date_gmt":"2017-04-05T10:00:31","guid":{"rendered":"http:\/\/emlaktuel.com\/?p=13023"},"modified":"2018-07-05T16:21:28","modified_gmt":"2018-07-05T13:21:28","slug":"galatasaraya-gol-makinesi-geliyor","status":"publish","type":"post","link":"https:\/\/emlaktuel.com\/?p=13023","title":{"rendered":"Galatasaray&#8217;a gol makinesi geliyor!"},"content":{"rendered":"<div class=\"col-sm-12 view20\">\n<h1 class=\"pageTitle\"><\/h1>\n<\/div>\n<div class=\"col-sm-12 view20\"><\/div>\n<div class=\"col-sm-12 text-center view20\">\n<figure class=\"newsImage\"><i class=\"fa fa-angle-right\"><\/i><img src=\"http:\/\/ia.sabah.com.tr\/3fa219\/0\/0\/0\/0\/0\/0?u=http:\/\/i.sabah.com.tr\/sb\/galeri\/2017\/04\/05\/galatasaraya-gol-makinesi-1491374405876.jpeg&amp;mw=752\" alt=\"Galatasaray'a gol makinesi!\" data-original=\"http:\/\/ia.sabah.com.tr\/3fa219\/0\/0\/0\/0\/0\/0?u=http:\/\/i.sabah.com.tr\/sb\/galeri\/2017\/04\/05\/galatasaraya-gol-makinesi-1491374405876.jpeg&amp;mw=752\" \/><\/figure>\n<\/div>\n<div class=\"col-sm-12 view20\">\n<div class=\"newsDetailText\">\n<div class=\"newsBox selectionShareable\">\n<p>Transfer operasyonunu erken ba\u015flatan Galatasaray&#8217;da neredeyse her b\u00f6lgeye transfer d\u00fc\u015f\u00fcnen teknik direkt\u00f6r Igor Tudor&#8217;un kafas\u0131nda isimler netle\u015fmeye ba\u015flad\u0131. (Fanatik)<\/p>\n<p>H\u0131rvat hocan\u0131n forvetteki \u00f6nceli\u011fi: Nikola Kalinic. Vatanda\u015f\u0131n\u0131 bizzat ad\u0131n\u0131 telaffuz ederek isteyen H\u0131rvat \u00e7al\u0131\u015ft\u0131r\u0131c\u0131n\u0131n bu talebi \u00fczerine s\u0131ra y\u00f6netime geldi.<\/p>\n<p>Cim Bom&#8217;un kurmaylar\u0131n\u0131n \u00e7ok k\u0131sa bir s\u00fcre i\u00e7inde 29 ya\u015f\u0131ndaki futbolcu i\u00e7in kul\u00fcb\u00fc Fiorentina&#8217;ya teklif yapaca\u011f\u0131 ortaya \u00e7\u0131kt\u0131. Y\u0131ld\u0131z oyuncunun s\u00f6zle\u015fmesi 2019&#8217;da bitiyor ve devre aras\u0131ndan bu yana \u00c7in ekipleri de dahil olmak \u00fczere talipleri var ama Aslan&#8217;\u0131n kozu ise H\u0131rvat futbolunun efsanelerinden olan Tudor&#8230;<\/p>\n<p><strong>MAA\u015e SORUNU YOK<\/strong><\/p>\n<p>\u0130\u015fin ekonomik y\u00f6n\u00fcne gelince&#8230; Japonya&#8217;ya gidece\u011fi kesinle\u015fen Podolski ba\u015fta olmak \u00fczere baz\u0131 maliyetli oyuncular\u0131yla yollar\u0131n\u0131 ay\u0131racak olan Galatasaray&#8217;da maa\u015f b\u00fct\u00e7esi ciddi \u015fekilde rahatlayacak. UEFA ile yap\u0131lan anla\u015fmada i\u015fin kritik noktas\u0131 da zaten maa\u015f b\u00fct\u00e7esiydi ve bonservis \u00f6demesiyle alakal\u0131 bir k\u0131s\u0131tlama s\u00f6z konusu olmam\u0131\u015ft\u0131.<\/p>\n<div class=\"col-sm-12 text-center view20\">\n<figure class=\"newsImage\"><img src=\"http:\/\/ia.sabah.com.tr\/22ae71\/0\/0\/0\/0\/0\/0?u=http:\/\/i.sabah.com.tr\/sb\/galeri\/2017\/04\/05\/galatasaraya-gol-makinesi-1491374409543.jpg&amp;mw=752\" alt=\"Galatasaray'a gol makinesi!\" data-original=\"http:\/\/ia.sabah.com.tr\/22ae71\/0\/0\/0\/0\/0\/0?u=http:\/\/i.sabah.com.tr\/sb\/galeri\/2017\/04\/05\/galatasaraya-gol-makinesi-1491374409543.jpg&amp;mw=752\" \/><\/figure>\n<\/div>\n<div class=\"col-sm-12 view20\">\n<div class=\"newsDetailText\">\n<div class=\"newsBox selectionShareable\">\n<p><strong>\u00c7OK FORMDA&#8230;<\/strong><\/p>\n<p>Tudor&#8217;un yeni sezon i\u00e7in r\u00fcyalar\u0131n\u0131 s\u00fcsleyen Kalinic&#8217;in son performans\u0131 da g\u00f6z kama\u015ft\u0131r\u0131yor. Bu sezon \u0130talya Serie A&#8217;da ve Avrupa Ligi&#8217;nde toplam 35 ma\u00e7ta 19 gol atan H\u0131rvat futbolcu, 4 gole de asistiyle katk\u0131 yapt\u0131. Avrupa&#8217;da kalma fikrine s\u0131cak bakan deneyimli golc\u00fc i\u00e7in kul\u00fcpler g\u00f6r\u00fc\u015f\u00fcrken Tudor&#8217;un da devreye girece\u011fi gelen haberler aras\u0131nda.<\/p>\n<div class=\"col-sm-12 text-center view20\">\n<figure class=\"newsImage\"><img src=\"http:\/\/ia.sabah.com.tr\/89a83f\/0\/0\/0\/0\/0\/0?u=http:\/\/i.sabah.com.tr\/sb\/galeri\/2017\/04\/05\/galatasaraya-gol-makinesi-1491374410791.jpg&amp;mw=752\" alt=\"Galatasaray'a gol makinesi!\" data-original=\"http:\/\/ia.sabah.com.tr\/89a83f\/0\/0\/0\/0\/0\/0?u=http:\/\/i.sabah.com.tr\/sb\/galeri\/2017\/04\/05\/galatasaraya-gol-makinesi-1491374410791.jpg&amp;mw=752\" \/><\/figure>\n<\/div>\n<div class=\"col-sm-12 view20\">\n<div class=\"newsDetailText\">\n<div class=\"newsBox selectionShareable\">\n<p><strong>Z\u0130RVEY\u0130 BLACKBURN&#8217;DE YAPTI<\/strong><\/p>\n<p>Kalinic, kariyerinde Hajduk Split, HNK Sibenik, Blackburn, Dnipro ve son olarak da Fiorentine formalar\u0131n\u0131 giydi. H\u0131rvat oyuncu i\u00e7in en y\u00fcksek bonservis bedelini ise 7 milyon Euro (21 milyon TL) ile \u0130ngiliz temsilcisi Blackburn \u00f6dedi.<\/p>\n<\/div>\n<\/div>\n<\/div>\n<\/div>\n<\/div>\n<\/div>\n<\/div>\n<\/div>\n<\/div>\n","protected":false},"excerpt":{"rendered":"<p>Transfer operasyonunu erken ba\u015flatan Galatasaray&#8217;da neredeyse her b\u00f6lgeye transfer d\u00fc\u015f\u00fcnen teknik direkt\u00f6r Igor Tudor&#8217;un kafas\u0131nda isimler netle\u015fmeye ba\u015flad\u0131. (Fanatik) H\u0131rvat hocan\u0131n forvetteki \u00f6nceli\u011fi: Nikola Kalinic. Vatanda\u015f\u0131n\u0131 bizzat ad\u0131n\u0131 telaffuz ederek isteyen H\u0131rvat \u00e7al\u0131\u015ft\u0131r\u0131c\u0131n\u0131n bu talebi \u00fczerine s\u0131ra y\u00f6netime geldi. Cim Bom&#8217;un kurmaylar\u0131n\u0131n \u00e7ok k\u0131sa bir s\u00fcre i\u00e7inde 29 ya\u015f\u0131ndaki futbolcu i\u00e7in kul\u00fcb\u00fc Fiorentina&#8217;ya teklif yapaca\u011f\u0131 [&hellip;]<\/p>\n","protected":false},"author":1,"featured_media":13024,"comment_status":"open","ping_status":"open","sticky":false,"template":"","format":"standard","meta":{"ngg_post_thumbnail":0},"categories":[5214],"tags":[325,268,11158,11320,11118],"_links":{"self":[{"href":"https:\/\/emlaktuel.com\/index.php?rest_route=\/wp\/v2\/posts\/13023"}],"collection":[{"href":"https:\/\/emlaktuel.com\/index.php?rest_route=\/wp\/v2\/posts"}],"about":[{"href":"https:\/\/emlaktuel.com\/index.php?rest_route=\/wp\/v2\/types\/post"}],"author":[{"embeddable":true,"href":"https:\/\/emlaktuel.com\/index.php?rest_route=\/wp\/v2\/users\/1"}],"replies":[{"embeddable":true,"href":"https:\/\/emlaktuel.com\/index.php?rest_route=%2Fwp%2Fv2%2Fcomments&post=13023"}],"version-history":[{"count":1,"href":"https:\/\/emlaktuel.com\/index.php?rest_route=\/wp\/v2\/posts\/13023\/revisions"}],"predecessor-version":[{"id":13025,"href":"https:\/\/emlaktuel.com\/index.php?rest_route=\/wp\/v2\/posts\/13023\/revisions\/13025"}],"wp:featuredmedia":[{"embeddable":true,"href":"https:\/\/emlaktuel.com\/index.php?rest_route=\/wp\/v2\/media\/13024"}],"wp:attachment":[{"href":"https:\/\/emlaktuel.com\/index.php?rest_route=%2Fwp%2Fv2%2Fmedia&parent=13023"}],"wp:term":[{"taxonomy":"category","embeddable":true,"href":"https:\/\/emlaktuel.com\/index.php?rest_route=%2Fwp%2Fv2%2Fcategories&post=13023"},{"taxonomy":"post_tag","embeddable":true,"href":"https:\/\/emlaktuel.com\/index.php?rest_route=%2Fwp%2Fv2%2Ftags&post=13023"}],"curies":[{"name":"wp","href":"https:\/\/api.w.org\/{rel}","templated":true}]}}