{"id":12997,"date":"2017-04-05T11:42:12","date_gmt":"2017-04-05T08:42:12","guid":{"rendered":"http:\/\/emlaktuel.com\/?p=12997"},"modified":"2018-07-05T16:21:05","modified_gmt":"2018-07-05T13:21:05","slug":"3-katli-istanbul-tunelinin-mali-teklif-zarflari-bugun-acilacik","status":"publish","type":"post","link":"https:\/\/emlaktuel.com\/?p=12997","title":{"rendered":"3 Katl\u0131 \u0130stanbul T\u00fcneli&#8217;nin mali teklif zarflar\u0131 bug\u00fcn a\u00e7\u0131lac\u0131k!"},"content":{"rendered":"<h1 class=\"news-detail-title selectionShareable\"><img loading=\"lazy\" class=\"alignleft size-full wp-image-12998\" src=\"http:\/\/emlaktuel.com\/wp-content\/uploads\/2017\/04\/3-katlu-bu\u0308yu\u0308k-istanbul-tu\u0308neli.jpg\" alt=\"3 katlu bu\u0308yu\u0308k istanbul tu\u0308neli\" width=\"2300\" height=\"1100\" \/><\/h1>\n<h1 class=\"news-detail-title selectionShareable\"><\/h1>\n<h3 class=\"topP\">\u0130stanbul trafi\u011fini rahatlatmak i\u00e7in\u00a0planlanan \u00dc\u00e7 Katl\u0131 B\u00fcy\u00fck \u0130stanbul T\u00fcneli&#8217;nin mali teklif zarflar\u0131 bug\u00fcn a\u00e7\u0131l\u0131yor&#8230;<\/h3>\n<div class=\"soc2 nmobilw\"><\/div>\n<div>\n<p>\u0130stanbul&#8217;a \u00a0<a href=\"http:\/\/emlaktuel.com\/?s=marmaray\">Marmaray<\/a>\u00a0 ve Avrasya t\u00fcnellerinin ard\u0131ndan \u00fc\u00e7\u00fcnc\u00fc bir t\u00fcnel yap\u0131m\u0131 i\u00e7in gerekli s\u00fcrenin sonuna yakla\u015f\u0131ld\u0131. \u0130stanbul trafi\u011fini rahatlatmak amac\u0131yla planlanan \u00dc\u00e7 Katl\u0131 B\u00fcy\u00fck \u0130stanbul T\u00fcneli Projesi&#8217;nin ilk ad\u0131m\u0131 olan et\u00fct, m\u00fchendislik ve dan\u0131\u015fmanl\u0131k ihalesinde 4 firman\u0131n verdi\u011fi mali teklifler bug\u00fcn a\u00e7\u0131lacak. Proje i\u00e7in Tecnimont Civil Construction SPA, Italfer SPA-Sintagma Srl \u0130\u015f Ortakl\u0131\u011f\u0131, Arcadis-Prota M\u00fchendislik \u0130\u015f Ortakl\u0131\u011f\u0131 ve Y\u00fcksel Proje verdikleri mali tekliflerin a\u00e7\u0131lmas\u0131 i\u00e7in davet edildi. T\u00fcnelde, tek t\u00fcpte hem karayolu hem de demiryolu bulunacak. B\u00fcy\u00fckl\u00fc\u011f\u00fc ve kapsam\u0131yla d\u00fcnyada ilk olacak proje Yap-\u0130\u015flet-Devret (Y\u0130D) modeliyle 5 y\u0131lda tamamlanacak. Hat tamamland\u0131\u011f\u0131nda g\u00fcnde 6.5 milyon yolcunun yararlanmas\u0131 bekleniyor.<\/p>\n<p>B\u00fcy\u00fckl\u00fc\u011f\u00fc ve kapsam\u0131yla d\u00fcnyada ilk olacak projenin birinci aya\u011f\u0131, Avrupa yakas\u0131nda E-5 aks\u0131nda \u0130ncirli&#8217;den ba\u015flayan ve \u0130stanbul Bo\u011faz\u0131&#8217;ndan ge\u00e7erek Anadolu yakas\u0131nda S\u00f6\u011f\u00fctl\u00fc\u00e7e\u015fme&#8217;ye kadar uzanan y\u00fcksek kapasiteli ve h\u0131zl\u0131 metro sisteminden, ikinci aya\u011f\u0131 ise Avrupa yakas\u0131nda TEM otoyolu aks\u0131nda Hasdal kav\u015fa\u011f\u0131ndan ba\u015flayan ve \u0130stanbul Bo\u011faz\u0131&#8217;ndan ge\u00e7erek Anadolu yakas\u0131nda \u00c7aml\u0131k kav\u015fa\u011f\u0131na ba\u011flanan 2&#215;2 \u015feritli karayolu sisteminden olu\u015facak.<\/p>\n<p>T\u00fcnel, TEM otoyolu, E-5 karayolu, Kuzey Marmara otoyolu ve 9 metro hatt\u0131yla entegre edilecek. Yap-i\u015flet-devret (Y\u0130D) modeliyle 5 y\u0131lda tamamlanmas\u0131 hedeflenen t\u00fcnelin kullan\u0131ma ge\u00e7mesiyle Avrupa yakas\u0131nda \u0130ncirli&#8217;den Anadolu yakas\u0131nda S\u00f6\u011f\u00fctl\u00fc\u00e7e\u015fme&#8217;ye, 31 kilometre uzunlu\u011funda 14 istasyondan olu\u015facak h\u0131zl\u0131 metroyla yakla\u015f\u0131k 40 dakikada ula\u015f\u0131lacak.<\/p>\n<p>Sabah<\/p>\n<\/div>\n","protected":false},"excerpt":{"rendered":"<p>\u0130stanbul trafi\u011fini rahatlatmak i\u00e7in\u00a0planlanan \u00dc\u00e7 Katl\u0131 B\u00fcy\u00fck \u0130stanbul T\u00fcneli&#8217;nin mali teklif zarflar\u0131 bug\u00fcn a\u00e7\u0131l\u0131yor&#8230; \u0130stanbul&#8217;a \u00a0Marmaray\u00a0 ve Avrasya t\u00fcnellerinin ard\u0131ndan \u00fc\u00e7\u00fcnc\u00fc bir t\u00fcnel yap\u0131m\u0131 i\u00e7in gerekli s\u00fcrenin sonuna yakla\u015f\u0131ld\u0131. \u0130stanbul trafi\u011fini rahatlatmak amac\u0131yla planlanan \u00dc\u00e7 Katl\u0131 B\u00fcy\u00fck \u0130stanbul T\u00fcneli Projesi&#8217;nin ilk ad\u0131m\u0131 olan et\u00fct, m\u00fchendislik ve dan\u0131\u015fmanl\u0131k ihalesinde 4 firman\u0131n verdi\u011fi mali teklifler bug\u00fcn a\u00e7\u0131lacak. [&hellip;]<\/p>\n","protected":false},"author":1,"featured_media":12998,"comment_status":"open","ping_status":"open","sticky":false,"template":"","format":"standard","meta":{"ngg_post_thumbnail":0},"categories":[221,5217,97,5388],"tags":[7394,7397,183,477,7395,11495,8980,73,7393,10060,11195,478,106,11501,851,7396],"_links":{"self":[{"href":"https:\/\/emlaktuel.com\/index.php?rest_route=\/wp\/v2\/posts\/12997"}],"collection":[{"href":"https:\/\/emlaktuel.com\/index.php?rest_route=\/wp\/v2\/posts"}],"about":[{"href":"https:\/\/emlaktuel.com\/index.php?rest_route=\/wp\/v2\/types\/post"}],"author":[{"embeddable":true,"href":"https:\/\/emlaktuel.com\/index.php?rest_route=\/wp\/v2\/users\/1"}],"replies":[{"embeddable":true,"href":"https:\/\/emlaktuel.com\/index.php?rest_route=%2Fwp%2Fv2%2Fcomments&post=12997"}],"version-history":[{"count":1,"href":"https:\/\/emlaktuel.com\/index.php?rest_route=\/wp\/v2\/posts\/12997\/revisions"}],"predecessor-version":[{"id":12999,"href":"https:\/\/emlaktuel.com\/index.php?rest_route=\/wp\/v2\/posts\/12997\/revisions\/12999"}],"wp:featuredmedia":[{"embeddable":true,"href":"https:\/\/emlaktuel.com\/index.php?rest_route=\/wp\/v2\/media\/12998"}],"wp:attachment":[{"href":"https:\/\/emlaktuel.com\/index.php?rest_route=%2Fwp%2Fv2%2Fmedia&parent=12997"}],"wp:term":[{"taxonomy":"category","embeddable":true,"href":"https:\/\/emlaktuel.com\/index.php?rest_route=%2Fwp%2Fv2%2Fcategories&post=12997"},{"taxonomy":"post_tag","embeddable":true,"href":"https:\/\/emlaktuel.com\/index.php?rest_route=%2Fwp%2Fv2%2Ftags&post=12997"}],"curies":[{"name":"wp","href":"https:\/\/api.w.org\/{rel}","templated":true}]}}