{"id":12922,"date":"2017-04-03T11:21:47","date_gmt":"2017-04-03T08:21:47","guid":{"rendered":"http:\/\/emlaktuel.com\/?p=12922"},"modified":"2018-07-05T16:20:16","modified_gmt":"2018-07-05T13:20:16","slug":"korfez-gecis-projesi-icin-ilk-kazma-9-eylulde","status":"publish","type":"post","link":"https:\/\/emlaktuel.com\/?p=12922","title":{"rendered":"K\u00f6rfez ge\u00e7i\u015f projesi i\u00e7in ilk kazma 9 Eyl\u00fcl&#8217;de"},"content":{"rendered":"<h3 class=\"news-detail-title selectionShareable\"><img loading=\"lazy\" class=\"alignleft size-full wp-image-12923\" src=\"http:\/\/emlaktuel.com\/wp-content\/uploads\/2017\/04\/izmir-ko\u0308rfez-gec\u0327is\u0327-projesi.jpg\" alt=\"izmir ko\u0308rfez gec\u0327is\u0327 projesi\" width=\"2300\" height=\"1100\" \/><\/h3>\n<h3 class=\"news-detail-title selectionShareable\">\u0130nciralt\u0131 2. Nesil Platformu Ba\u015fkan\u0131 Tayfun Karabulut, K\u00f6rfez Ge\u00e7i\u015f Projesi&#8217;nin \u0130zmir&#8217;i hareketlendirece\u011fini a\u00e7\u0131klad\u0131.<\/h3>\n<div class=\"centerAd\"><\/div>\n<div>\n<h4>\u0130nciralt\u0131 2. Nesil Platformu Ba\u015fkan\u0131 Tayfun Karabulut, K\u00f6rfez Ge\u00e7i\u015f Projesi&#8217;nde \u00c7ED raporunun \u00e7\u0131kmas\u0131n\u0131 ve imar\u0131n bitmesini b\u00fcy\u00fck sevin\u00e7le kar\u015f\u0131lad\u0131klar\u0131n\u0131 s\u00f6yledi. 9 Eyl\u00fcl&#8217;de ilk kazman\u0131n vurulaca\u011f\u0131 m\u00fcjdesini beklediklerini ifade eden Karabulut, \u0130nciralt\u0131&#8217;n\u0131n sa\u011fl\u0131k turizmi odakl\u0131 planlanarak ekonomiye kazand\u0131r\u0131lmas\u0131n\u0131n 15 bin ki\u015fiye yeni i\u015f imkan\u0131 yarataca\u011f\u0131n\u0131 belirtti. K\u00f6rfez Ge\u00e7i\u015f Projesi ile \u00a0<a href=\"http:\/\/emlaktuel.com\/\">\u0130zmir<\/a>\u00a0 ve \u00e7evre b\u00f6lgelerde de\u011ferlenmeler ya\u015fanacak. Arsa fiyatlar\u0131 ve konut fiyatlar\u0131 y\u00fckseli\u015fe ge\u00e7ecek.<\/h4>\n<h4>\u0130nciralt\u0131 2. Nesil Platformu, K\u00f6rfez Ge\u00e7i\u015f Projesi&#8217;nin ve \u0130nciralt\u0131&#8217;n\u0131n sa\u011fl\u0131k- turizm alan\u0131 olarak planlanmas\u0131n\u0131n \u0130zmir&#8217;e neler kazand\u0131raca\u011f\u0131n\u0131 halka daha iyi anlatmak i\u00e7in onbin bro\u015f\u00fcr haz\u0131rlad\u0131. Karabulut, &#8220;\u0130zmir bu projeyle tam bir s\u0131\u00e7rama ya\u015fayacak&#8221; diye konu\u015ftu.<\/h4>\n<h2>&#8220;\u0130zmir&#8217;e faydal\u0131 olacak&#8221;<\/h2>\n<h4>\u0130nciralt\u0131&#8217;nda kent orman\u0131 d\u0131\u015f\u0131nda kalan 5 milyon metrekare alan\u0131n planlanmas\u0131n\u0131n \u00fclke ekonomisine b\u00fcy\u00fck katk\u0131 sunaca\u011f\u0131n\u0131 kaydeden Karabulut, &#8220;Ba\u015fbakan Y\u0131ld\u0131r\u0131m&#8217;\u0131n uzla\u015fmac\u0131 yap\u0131s\u0131 ve B\u00fcy\u00fck\u015fehir Belediye Ba\u015fkan\u0131 Aziz Kocao\u011flu&#8217;nun \u00e7\u00f6z\u00fcm iradesi ile planlama s\u00fcrecinin bu y\u0131l sonuna kadar \u00e7\u00f6z\u00fclece\u011fine inan\u0131yoruz&#8221; diye konu\u015ftu.<\/h4>\n<p>Yeni As\u0131r<\/p>\n<\/div>\n","protected":false},"excerpt":{"rendered":"<p>\u0130nciralt\u0131 2. Nesil Platformu Ba\u015fkan\u0131 Tayfun Karabulut, K\u00f6rfez Ge\u00e7i\u015f Projesi&#8217;nin \u0130zmir&#8217;i hareketlendirece\u011fini a\u00e7\u0131klad\u0131. \u0130nciralt\u0131 2. Nesil Platformu Ba\u015fkan\u0131 Tayfun Karabulut, K\u00f6rfez Ge\u00e7i\u015f Projesi&#8217;nde \u00c7ED raporunun \u00e7\u0131kmas\u0131n\u0131 ve imar\u0131n bitmesini b\u00fcy\u00fck sevin\u00e7le kar\u015f\u0131lad\u0131klar\u0131n\u0131 s\u00f6yledi. 9 Eyl\u00fcl&#8217;de ilk kazman\u0131n vurulaca\u011f\u0131 m\u00fcjdesini beklediklerini ifade eden Karabulut, \u0130nciralt\u0131&#8217;n\u0131n sa\u011fl\u0131k turizmi odakl\u0131 planlanarak ekonomiye kazand\u0131r\u0131lmas\u0131n\u0131n 15 bin ki\u015fiye yeni i\u015f [&hellip;]<\/p>\n","protected":false},"author":1,"featured_media":12923,"comment_status":"open","ping_status":"open","sticky":false,"template":"","format":"standard","meta":{"ngg_post_thumbnail":0},"categories":[5217,97,5388],"tags":[898,11268,7345,7348,7346,7347,11301,1275,11310,4295,106,11159],"_links":{"self":[{"href":"https:\/\/emlaktuel.com\/index.php?rest_route=\/wp\/v2\/posts\/12922"}],"collection":[{"href":"https:\/\/emlaktuel.com\/index.php?rest_route=\/wp\/v2\/posts"}],"about":[{"href":"https:\/\/emlaktuel.com\/index.php?rest_route=\/wp\/v2\/types\/post"}],"author":[{"embeddable":true,"href":"https:\/\/emlaktuel.com\/index.php?rest_route=\/wp\/v2\/users\/1"}],"replies":[{"embeddable":true,"href":"https:\/\/emlaktuel.com\/index.php?rest_route=%2Fwp%2Fv2%2Fcomments&post=12922"}],"version-history":[{"count":1,"href":"https:\/\/emlaktuel.com\/index.php?rest_route=\/wp\/v2\/posts\/12922\/revisions"}],"predecessor-version":[{"id":12924,"href":"https:\/\/emlaktuel.com\/index.php?rest_route=\/wp\/v2\/posts\/12922\/revisions\/12924"}],"wp:featuredmedia":[{"embeddable":true,"href":"https:\/\/emlaktuel.com\/index.php?rest_route=\/wp\/v2\/media\/12923"}],"wp:attachment":[{"href":"https:\/\/emlaktuel.com\/index.php?rest_route=%2Fwp%2Fv2%2Fmedia&parent=12922"}],"wp:term":[{"taxonomy":"category","embeddable":true,"href":"https:\/\/emlaktuel.com\/index.php?rest_route=%2Fwp%2Fv2%2Fcategories&post=12922"},{"taxonomy":"post_tag","embeddable":true,"href":"https:\/\/emlaktuel.com\/index.php?rest_route=%2Fwp%2Fv2%2Ftags&post=12922"}],"curies":[{"name":"wp","href":"https:\/\/api.w.org\/{rel}","templated":true}]}}