{"id":12909,"date":"2017-04-03T10:30:25","date_gmt":"2017-04-03T07:30:25","guid":{"rendered":"http:\/\/emlaktuel.com\/?p=12909"},"modified":"2018-07-05T16:20:05","modified_gmt":"2018-07-05T13:20:05","slug":"12909","status":"publish","type":"post","link":"https:\/\/emlaktuel.com\/?p=12909","title":{"rendered":""},"content":{"rendered":"<p><img loading=\"lazy\" class=\" wp-image-12910 aligncenter\" src=\"http:\/\/emlaktuel.com\/wp-content\/uploads\/2017\/04\/1490942968_finikiaodul02.jpg\" alt=\"ege vitrifiye\" width=\"517\" height=\"633\" \/><\/p>\n<p><img loading=\"lazy\" class=\"CToWUd\" src=\"https:\/\/ci6.googleusercontent.com\/proxy\/HpicodbRgAgrscDiRJeirMx-gFZ5jSgNVPESpu9lUQV18y9bn2wedbh1uzgg_YDMzWyrif6WrNN-X9vFeadBKoMHxYhtMx6yv35SC5pcJ8Xupqu0e3Ju_h8a16scOpcmH-wrxNaBlYGIMQ=s0-d-e1-ft#http:\/\/img.faselis.com\/faselis_tr\/brands\/13836\/inline\/1490943355_ev_logo_rgb.jpg.jpg\" width=\"251\" height=\"50\" \/><\/p>\n<p>&nbsp;<\/p>\n<h4>European Product Design \u00f6d\u00fclleri a\u00e7\u0131kland\u0131. Son y\u0131llarda ba\u015far\u0131lar\u0131yla g\u00fcndemden d\u00fc\u015fmeyen Ege Vitrifiye, \u0130talyan Tasar\u0131mc\u0131 Claudio Papa tasar\u0131m\u0131 \u201cFinikia\u201d serisi ile hem estetik hem de fonksiyonel yap\u0131s\u0131 g\u00f6z \u00f6n\u00fcne al\u0131narak kendi kategorisinde \u00f6d\u00fcle lay\u0131k g\u00f6r\u00fcld\u00fc.<\/h4>\n<h4>D\u00fcnyaca \u00fcnl\u00fc tasar\u0131mc\u0131 ve mimarlardan olu\u015fan j\u00fcri, 43 farkl\u0131 \u00fclkeden 21 farkl\u0131 kategoride 500 ba\u015fvuruyu de\u011ferlendirerek hayata de\u011fer katan \u00fcr\u00fcnlerin se\u00e7imini yapt\u0131.<\/h4>\n<h4>Ege Vitrifiye Genel M\u00fcd\u00fcr\u00fc Merter Sava\u015f \u201c Ege Vitrifiye\u2019nin Avrupa \u00dcr\u00fcn Tasar\u0131m \u00d6d\u00fcl\u00fcn\u00fc almas\u0131 hepimiz i\u00e7in gurur verici. Finikia serisi, portf\u00f6y\u00fcm\u00fcz\u00fcn \u00fcst segment serilerinden biri olarak piyasaya sunuldu. Sahip oldu\u011fu yal\u0131n \u00e7izgiler ve fonksiyon yap\u0131s\u0131 d\u00fcnya standartlar\u0131nda bir seri oldu\u011funu g\u00f6zler \u00f6n\u00fcne seriyor. Finikia; batarya delikli ve batarya deliksiz minimal hatlara sahip 2 tip \u00e7anak lavabo, asma klozet ve duvara tam dayal\u0131 tek par\u00e7a klozet olmak \u00fczere toplamda d\u00f6rt par\u00e7adan olu\u015fuyor. Klozetlerimiz Aquasave \u00f6zellikleriyle su tasarrufu sa\u011flarken, \u00f6zel y\u00fczeyleri seriye ekstra hijyen kazand\u0131r\u0131yor. Ege Vitrifiye olarak bu s\u00fcrece katk\u0131da bulunan herkese te\u015fekk\u00fcr ediyoruz. Bundan sonraki zamanlarda da kusursuz tasar\u0131mlar\u0131m\u0131z ile izleyicilerimizin kar\u015f\u0131s\u0131nda olaca\u011f\u0131z.\u201d diye belirtti.<\/h4>\n<p><img loading=\"lazy\" class=\"CToWUd a6T\" tabindex=\"0\" src=\"https:\/\/ci3.googleusercontent.com\/proxy\/Rs2ffvk2lFs8_xTQvEI0nAqWs_kKmMnbk8pG7YoptoeBpLp2ENtO-S2vI0HvyUeTAM6g4MtwvpUE7yF5eyUeOAGCKxG_4oABHbgmySEEul5_HeQjkeGk0CkcNcpChrJqNnVYflRy6S7LM5IoFx1sc5YcfUavuQ=s0-d-e1-ft#http:\/\/img.faselis.com\/faselis_tr\/brands\/13836\/inline\/1490942722_finikiaodul01_epda_logo.jpg.jpg\" width=\"339\" height=\"301\" \/><\/p>\n<h4>European Product Design \u00d6d\u00fclleri Farmani Grup taraf\u0131ndan d\u00fczenleniyor. Grup ayn\u0131 zamanda d\u00fcnyada ses getiren; Uluslararas\u0131 Tasar\u0131m \u00d6d\u00fclleri (IDA), Paris Foto\u011fraf \u00d6d\u00fclleri, Londra Yarat\u0131c\u0131l\u0131k \u00d6d\u00fclleri ve Lucie \u00d6d\u00fcllerinin de organizat\u00f6rl\u00fc\u011f\u00fcn\u00fc yapmaktad\u0131r.<\/h4>\n","protected":false},"excerpt":{"rendered":"<p>&nbsp; European Product Design \u00f6d\u00fclleri a\u00e7\u0131kland\u0131. Son y\u0131llarda ba\u015far\u0131lar\u0131yla g\u00fcndemden d\u00fc\u015fmeyen Ege Vitrifiye, \u0130talyan Tasar\u0131mc\u0131 Claudio Papa tasar\u0131m\u0131 \u201cFinikia\u201d serisi ile hem estetik hem de fonksiyonel yap\u0131s\u0131 g\u00f6z \u00f6n\u00fcne al\u0131narak kendi kategorisinde \u00f6d\u00fcle lay\u0131k g\u00f6r\u00fcld\u00fc. D\u00fcnyaca \u00fcnl\u00fc tasar\u0131mc\u0131 ve mimarlardan olu\u015fan j\u00fcri, 43 farkl\u0131 \u00fclkeden 21 farkl\u0131 kategoride 500 ba\u015fvuruyu de\u011ferlendirerek hayata de\u011fer katan \u00fcr\u00fcnlerin [&hellip;]<\/p>\n","protected":false},"author":1,"featured_media":12910,"comment_status":"open","ping_status":"open","sticky":false,"template":"","format":"standard","meta":{"ngg_post_thumbnail":0},"categories":[223],"tags":[325,258,7336,7337,11341,11114,11211],"_links":{"self":[{"href":"https:\/\/emlaktuel.com\/index.php?rest_route=\/wp\/v2\/posts\/12909"}],"collection":[{"href":"https:\/\/emlaktuel.com\/index.php?rest_route=\/wp\/v2\/posts"}],"about":[{"href":"https:\/\/emlaktuel.com\/index.php?rest_route=\/wp\/v2\/types\/post"}],"author":[{"embeddable":true,"href":"https:\/\/emlaktuel.com\/index.php?rest_route=\/wp\/v2\/users\/1"}],"replies":[{"embeddable":true,"href":"https:\/\/emlaktuel.com\/index.php?rest_route=%2Fwp%2Fv2%2Fcomments&post=12909"}],"version-history":[{"count":1,"href":"https:\/\/emlaktuel.com\/index.php?rest_route=\/wp\/v2\/posts\/12909\/revisions"}],"predecessor-version":[{"id":12911,"href":"https:\/\/emlaktuel.com\/index.php?rest_route=\/wp\/v2\/posts\/12909\/revisions\/12911"}],"wp:featuredmedia":[{"embeddable":true,"href":"https:\/\/emlaktuel.com\/index.php?rest_route=\/wp\/v2\/media\/12910"}],"wp:attachment":[{"href":"https:\/\/emlaktuel.com\/index.php?rest_route=%2Fwp%2Fv2%2Fmedia&parent=12909"}],"wp:term":[{"taxonomy":"category","embeddable":true,"href":"https:\/\/emlaktuel.com\/index.php?rest_route=%2Fwp%2Fv2%2Fcategories&post=12909"},{"taxonomy":"post_tag","embeddable":true,"href":"https:\/\/emlaktuel.com\/index.php?rest_route=%2Fwp%2Fv2%2Ftags&post=12909"}],"curies":[{"name":"wp","href":"https:\/\/api.w.org\/{rel}","templated":true}]}}