{"id":12883,"date":"2017-04-02T13:19:40","date_gmt":"2017-04-02T10:19:40","guid":{"rendered":"http:\/\/emlaktuel.com\/?p=12883"},"modified":"2018-07-05T16:19:42","modified_gmt":"2018-07-05T13:19:42","slug":"kucukcekmece-sefakoy-basaksehir-havaray-hattinin-guzergahi","status":"publish","type":"post","link":"https:\/\/emlaktuel.com\/?p=12883","title":{"rendered":"K\u00fc\u00e7\u00fck\u00e7ekmece-Sefak\u00f6y-Ba\u015fak\u015fehir Havaray Hatt\u0131&#8217;n\u0131n g\u00fczergah\u0131!"},"content":{"rendered":"<h3 class=\"news-detail-title selectionShareable\"><img loading=\"lazy\" class=\"alignleft size-full wp-image-12884\" src=\"http:\/\/emlaktuel.com\/wp-content\/uploads\/2017\/04\/Sefako\u0308y-halkal\u0131-bas\u0327aks\u0327ehir-havaray.jpg\" alt=\"Sefako\u0308y-halkal\u0131-bas\u0327aks\u0327ehir havaray\" width=\"2300\" height=\"1100\" \/><\/h3>\n<h3 class=\"news-detail-title selectionShareable\">K\u00fc\u00e7\u00fck\u00e7ekmece-Sefak\u00f6y-Ba\u015fak\u015fehir aras\u0131nda hizmete girecek havaray hatt\u0131 yolculuk s\u00fcresini 27 dakikaya indirecek. \u0130\u015fte K\u00fc\u00e7\u00fck\u00e7ekmece-Sefak\u00f6y-Ba\u015fak\u015fehir Havaray Hatt\u0131&#8217;n\u0131n g\u00fczergah\u0131&#8230;<\/h3>\n<h4 class=\"centerAd\"><a href=\"https:\/\/www.ucuncuistanbul.com\/\"><img loading=\"lazy\" class=\"alignleft size-full wp-image-12378\" src=\"http:\/\/emlaktuel.com\/wp-content\/uploads\/2017\/03\/3-istanbul-300x250.gif\" alt=\"3-istanbul-300x250\" width=\"300\" height=\"250\" \/><\/a>\u00a0\u0130STANBULB\u00fcy\u00fck\u015fehir Belediye Ba\u015fkan\u0131 Kadir Topba\u015f\u2019m \u201cHer yere Metro\u201d projeleri kapsam\u0131nda T\u00fcrkiye\u2019nin ilk Havaray\u0131 K\u00fc\u00e7\u00fck\u00e7ekmece-Sefak\u00f6y-Ba\u015fak\u015fehir aras\u0131nda hizmete girecek. \u0130halesi tamamlanan, s\u00f6zle\u015fme a\u015famas\u0131na gelen havaray in\u015faat\u0131n\u0131n nisan ay\u0131 i\u00e7inde ba\u015flamas\u0131, 2019 y\u0131l\u0131n\u0131n ilk aylar\u0131nda hizmete al\u0131nmas\u0131 planlan\u0131yor. 15 kilometre uzunlu\u011fundaki K\u00fc\u00e7\u00fck\u00e7ekmece Sefak\u00f6y-Ba\u015fak\u015fehir havaray hatt\u0131nda yolculuk 27 dakika s\u00fcrecek. Tek y\u00f6nde saatte 15 bin yolcu ta\u015f\u0131yacak.<\/h4>\n<div>\n<h3>G\u00dcZERG\u00c2H SEFAK\u00d6Y\u2019DEN BA\u015eLIYOR<\/h3>\n<h4>Sefak\u00f6y\u2019den ba\u015flayacak sefer Armoni Park, Borusan, Sanayi, G\u00fcmr\u00fck Yolu, Halkal\u0131 Merkez, Toki-1, Toki-2, Arena Park(Atakent), Masko,Ziya G\u00f6kalp, Atat\u00fcrk Oto Sanayi 1, Atat\u00fcrk Oto Sanayi 2, Ba\u015fakkonutlar\u0131, Onurkent, Oyakkent istasyonundan ge\u00e7erek Fatih Terim Stadyumu istasyonunda son bulacak. Havaray hatt\u0131, Kirazl\u0131 &#8211; Halkal\u0131 Metro Hatt\u0131 ile Halkal\u0131 Merkez \u0130stasyonu\u2019nda, Yenikap\u0131 &#8211; \u0130ncirli &#8211; Sefak\u00f6y &#8211; Bey-likd\u00fcz\u00fc Metro Hatt\u0131 ile Sefak\u00f6y \u0130stasyonu\u2019nda, Mahmutbey &#8211; Bah\u00e7e\u015fehir &#8211; Esenyurt Metro Hatt\u0131 Arena Park \u0130stasyonu\u2019nda, Otogar &#8211; Ba\u011fc\u0131lar -Ba\u015fak\u015fehir Metro Hatt\u0131 ile Ba\u015fak\u015fehir Konutlar\u0131 Metro \u0130stasyonu\u2019nda entegre olacak.<\/h4>\n<p>H\u00fcrriyet<\/p>\n<\/div>\n","protected":false},"excerpt":{"rendered":"<p>K\u00fc\u00e7\u00fck\u00e7ekmece-Sefak\u00f6y-Ba\u015fak\u015fehir aras\u0131nda hizmete girecek havaray hatt\u0131 yolculuk s\u00fcresini 27 dakikaya indirecek. \u0130\u015fte K\u00fc\u00e7\u00fck\u00e7ekmece-Sefak\u00f6y-Ba\u015fak\u015fehir Havaray Hatt\u0131&#8217;n\u0131n g\u00fczergah\u0131&#8230; \u00a0\u0130STANBULB\u00fcy\u00fck\u015fehir Belediye Ba\u015fkan\u0131 Kadir Topba\u015f\u2019m \u201cHer yere Metro\u201d projeleri kapsam\u0131nda T\u00fcrkiye\u2019nin ilk Havaray\u0131 K\u00fc\u00e7\u00fck\u00e7ekmece-Sefak\u00f6y-Ba\u015fak\u015fehir aras\u0131nda hizmete girecek. \u0130halesi tamamlanan, s\u00f6zle\u015fme a\u015famas\u0131na gelen havaray in\u015faat\u0131n\u0131n nisan ay\u0131 i\u00e7inde ba\u015flamas\u0131, 2019 y\u0131l\u0131n\u0131n ilk aylar\u0131nda hizmete al\u0131nmas\u0131 planlan\u0131yor. 15 kilometre uzunlu\u011fundaki K\u00fc\u00e7\u00fck\u00e7ekmece [&hellip;]<\/p>\n","protected":false},"author":1,"featured_media":12884,"comment_status":"open","ping_status":"open","sticky":false,"template":"","format":"standard","meta":{"ngg_post_thumbnail":0},"categories":[5217,97,5388],"tags":[4618,111,114,80,132,11395,2733],"_links":{"self":[{"href":"https:\/\/emlaktuel.com\/index.php?rest_route=\/wp\/v2\/posts\/12883"}],"collection":[{"href":"https:\/\/emlaktuel.com\/index.php?rest_route=\/wp\/v2\/posts"}],"about":[{"href":"https:\/\/emlaktuel.com\/index.php?rest_route=\/wp\/v2\/types\/post"}],"author":[{"embeddable":true,"href":"https:\/\/emlaktuel.com\/index.php?rest_route=\/wp\/v2\/users\/1"}],"replies":[{"embeddable":true,"href":"https:\/\/emlaktuel.com\/index.php?rest_route=%2Fwp%2Fv2%2Fcomments&post=12883"}],"version-history":[{"count":1,"href":"https:\/\/emlaktuel.com\/index.php?rest_route=\/wp\/v2\/posts\/12883\/revisions"}],"predecessor-version":[{"id":12885,"href":"https:\/\/emlaktuel.com\/index.php?rest_route=\/wp\/v2\/posts\/12883\/revisions\/12885"}],"wp:featuredmedia":[{"embeddable":true,"href":"https:\/\/emlaktuel.com\/index.php?rest_route=\/wp\/v2\/media\/12884"}],"wp:attachment":[{"href":"https:\/\/emlaktuel.com\/index.php?rest_route=%2Fwp%2Fv2%2Fmedia&parent=12883"}],"wp:term":[{"taxonomy":"category","embeddable":true,"href":"https:\/\/emlaktuel.com\/index.php?rest_route=%2Fwp%2Fv2%2Fcategories&post=12883"},{"taxonomy":"post_tag","embeddable":true,"href":"https:\/\/emlaktuel.com\/index.php?rest_route=%2Fwp%2Fv2%2Ftags&post=12883"}],"curies":[{"name":"wp","href":"https:\/\/api.w.org\/{rel}","templated":true}]}}