{"id":12719,"date":"2017-03-28T14:37:29","date_gmt":"2017-03-28T11:37:29","guid":{"rendered":"http:\/\/emlaktuel.com\/?p=12719"},"modified":"2018-07-05T16:17:21","modified_gmt":"2018-07-05T13:17:21","slug":"sokede-dev-bir-entegre-tesis-yatirimi","status":"publish","type":"post","link":"https:\/\/emlaktuel.com\/?p=12719","title":{"rendered":"S\u00f6ke\u2019de dev bir entegre tesis yat\u0131r\u0131m\u0131"},"content":{"rendered":"<h3><\/h3>\n<p><img loading=\"lazy\" class=\"size-full wp-image-12721 aligncenter\" src=\"http:\/\/emlaktuel.com\/wp-content\/uploads\/2017\/03\/bat\u0131-anadolu-grubu.jpg\" alt=\"bat\u0131 anadolu grubu\" width=\"2300\" height=\"1100\" \/><\/p>\n<h3>Bat\u0131s\u00f6ke fabrikas\u0131 T\u00fcrkiye\u2019nin \u00e7imento ve klinker ihracat\u0131n\u0131n % 10\u2019unu tek ba\u015f\u0131na kar\u015f\u0131layacak<\/h3>\n<h3>Bat\u0131 Anadolu Grubu S\u00f6ke\u2019de dev bir entegre tesis yat\u0131r\u0131m\u0131 ger\u00e7ekle\u015ftiriyor. Yap\u0131m\u0131 s\u00fcren Bat\u0131s\u00f6ke \u00e7imento fabrikas\u0131n\u0131n toplam maliyeti 500 milyon TL\u2019ye ula\u015facak. Grubun \u00e7imento ve klinker \u00fcretim kapasitesini iki kat\u0131na \u00e7\u0131karacak olan yeni fabrika, T\u00fcrkiye\u2019nin bu alandaki toplam ihracat\u0131n\u0131n y\u00fczde 10\u2019unu tek ba\u015f\u0131na kar\u015f\u0131layacak.<\/h3>\n<h4>Bat\u0131 Anadolu Grubu \u0130cra Kurulu \u00dcyesi <strong>Feyyaz \u00dcnal<\/strong>, fabrika alan\u0131nda d\u00fczenlenen toplant\u0131da projeyi t\u00fcm \u00f6zellikleriyle bas\u0131na tan\u0131tt\u0131. <strong>\u00dcnal<\/strong>, Bat\u0131s\u00f6ke\u2019nin 2018 Ocak ay\u0131nda devreye girmesiyle \u00fcretimden istihdama, lojistikten enerji maliyetlerine, bir\u00e7ok alanda \u00f6nemli kazan\u0131mlar elde edeceklerine dikkat \u00e7ekti.<\/h4>\n<h2><strong>\u0130hracata y\u0131lda 40 milyon $ katk\u0131<\/strong><\/h2>\n<h4>Tesislerin tamamlanmas\u0131yla birlikte y\u0131lda 800 bin ton \u00e7imento ihracat\u0131 ger\u00e7ekle\u015ftirme olana\u011f\u0131na kavu\u015facaklar\u0131n\u0131 belirten <strong>Feyyaz \u00dcnal<\/strong> \u015funlar\u0131 s\u00f6yledi: \u201c<strong>Yeni yat\u0131r\u0131m\u0131m\u0131zla grubumuzun y\u0131ll\u0131k klinker \u00fcretim kapasitemiz 3.8 milyon tona, \u00e7imento \u00fcretim kapasitemiz ise 5.8 milyon tona ula\u015facak. B\u00f6ylece Bat\u0131s\u00f6ke ve Bat\u0131\u00e7im fabrikalar\u0131m\u0131zdan y\u0131lda 40 milyon $\u2019a yak\u0131n ihracat yapabilece\u011fiz.<\/strong><\/h4>\n<h4><strong>Bununla birlikte, faaliyet g\u00f6sterdi\u011fimiz b\u00f6lgenin istihdam\u0131na katk\u0131 sa\u011flama misyonumuzu da s\u00fcrd\u00fcrm\u00fc\u015f oluyoruz. Yeni yat\u0131r\u0131m S\u00f6ke\u2019deki \u00e7al\u0131\u015fan say\u0131m\u0131z\u0131 yakla\u015f\u0131k % 50 oran\u0131nda art\u0131racak.\u201d<\/strong><\/h4>\n<h4>Ba\u015fta Ege B\u00f6lgesi olmak \u00fczere, yurti\u00e7i ve yurtd\u0131\u015f\u0131ndaki m\u00fc\u015fterilerine en h\u0131zl\u0131 ve en kaliteli hizmeti sunmay\u0131 ama\u00e7lad\u0131klar\u0131na de\u011finen <strong>\u00dcnal <\/strong>konu\u015fmas\u0131na \u015f\u00f6yle devam etti: \u201c<strong>Fabrikam\u0131z tamamland\u0131\u011f\u0131nda 4 adet paketleme tesisi, kamyon dolum \u00fcnitesi, 2 adet paletizing \u00fcnitesi ve 2 adet big bag dolum sisteminden meydana gelen dev bir tesis haline gelecek.\u201d<\/strong><\/h4>\n<h4>Bat\u0131s\u00f6ke &#8211; Alia\u011fa demiryolu hatt\u0131n\u0131n kullan\u0131lmas\u0131yla \u00e7ok \u00f6nemli bir lojistik avantaj sa\u011flayacaklar\u0131na de\u011finen <strong>Feyyaz<\/strong> <strong>\u00dcnal <\/strong>fabrikan\u0131n \u00e7evreye etkileri konusunda da \u015funlar\u0131 s\u00f6yledi<strong>: \u201cBu yat\u0131r\u0131m\u0131 t\u00fcm\u00fcyle s\u00fcrd\u00fcr\u00fclebilirlik felsefesiyle hayata ge\u00e7iriyoruz, alan\u0131nda en ileri teknolojileri kullan\u0131yoruz. Bu nedenle <\/strong><strong>karbon sal\u0131n\u0131m\u0131n\u0131n \u00e7evreye etkisi minimuma inecek. Enerji maliyetlerimiz ise klinker \u00fcretiminde %14, farinde %33 ve \u00e7imento \u00fcretiminde ise %16 oran\u0131nda d\u00fc\u015fecek. Enerji tasarrufu i\u00e7in T\u00fcrkiye\u2019deki t\u00fcm fabrikalar\u0131n benzer iyile\u015ftirmeleri yapmalar\u0131 gerekti\u011fini d\u00fc\u015f\u00fcn\u00fcyoruz.\u201d<\/strong><\/h4>\n<h2><img loading=\"lazy\" class=\" wp-image-12720 aligncenter\" src=\"http:\/\/emlaktuel.com\/wp-content\/uploads\/2017\/03\/1490171253_Feyyaz___NAL.jpg\" alt=\"feyyaz \u00fcnal\" width=\"476\" height=\"397\" \/><\/h2>\n<h2><strong>\u00c7imento sekt\u00f6r\u00fc b\u00fcy\u00fcyor<\/strong><\/h2>\n<h4>D\u00fcnyada \u00e7imento \u00fcretiminin son 10 y\u0131l i\u00e7erisinde ortalama y\u0131lda % 6,5 art\u0131\u015f h\u0131z\u0131yla yakla\u015f\u0131k 2 kat\u0131na \u00e7\u0131kt\u0131\u011f\u0131na dikkat \u00e7eken <strong>\u00dcnal, <\/strong>\u00fclke s\u0131ralamas\u0131nda \u00c7in\u2019in b\u00fcy\u00fck farkla lider oldu\u011funu belirtti. Feyyaz <strong>\u00dcnal<\/strong>, <strong>\u201cD\u00fcnya \u00e7imento ihracat\u0131nda ilk 3 s\u0131rada \u0130ran, T\u00fcrkiye ve \u00c7in yer al\u0131rken, ithalatta ise Irak, Banglade\u015f ve Amerika ba\u015f\u0131 \u00e7ekiyor\u201d<\/strong> dedi.<\/h4>\n<h4>T\u00fcrkiye\u2019nin, 52\u2019si entegre tesis, 18\u2019i \u00f6\u011f\u00fctme-paketleme tesisi olmak \u00fczere toplam 70 \u00e7imento fabrikas\u0131yla Avrupa\u2019daki en b\u00fcy\u00fck \u00e7imento \u00fcreticilerinden biri oldu\u011funun alt\u0131n\u0131 \u00e7izen <strong>\u00dcnal<\/strong> sekt\u00f6r\u00fcn toplam 100 milyon ton \u00fcretim kapasitesiyle 15 bin ki\u015fiye istihdam sa\u011flad\u0131\u011f\u0131n\u0131 ifade etti.<\/h4>\n<h4>T\u00fcrkiye\u2019nin haz\u0131r beton \u00fcretiminde Avrupa\u2019da ilk s\u0131rada oldu\u011funu s\u00f6zlerine ekleyen <strong>\u00dcnal<\/strong>, \u00f6n\u00fcm\u00fczdeki y\u0131llarda da \u00f6zel konut in\u015faatlar\u0131, kentsel d\u00f6n\u00fc\u015f\u00fcm ve \u00fc\u00e7\u00fcnc\u00fc havaalan\u0131, n\u00fckleer santraller ve \u00c7anakkale K\u00f6pr\u00fcs\u00fc gibi b\u00fcy\u00fck projeler sayesinde sekt\u00f6rde b\u00fcy\u00fcmenin devam etmesini \u00f6ng\u00f6rd\u00fcklerini belirtti.<\/h4>\n<h2><strong>Bat\u0131 Anadolu Grubu<\/strong><\/h2>\n<h4>1966 y\u0131l\u0131nda Bat\u0131 Anadolu \u00c7imento Sanayii olarak temelleri at\u0131lan \u201cBat\u0131 Anadolu Grubu\u201d bug\u00fcn T\u00fcrkiye\u2019nin \u00f6nc\u00fc holdinglerinden biri konumuna sahip. Bat\u0131 Anadolu Grubu\u2019nun \u015firketleri aras\u0131nda \u00c7imento end\u00fcstrisinin g\u00fc\u00e7l\u00fc \u015firketlerinden BATI\u00c7\u0130M ve BATIS\u00d6KE, enerji \u00fcretimi ve perakende sat\u0131\u015f\u0131 alan\u0131nda faaliyet g\u00f6steren BATIENERJ\u0130; haz\u0131r beton tesisleri bulunan BATIBETON, liman i\u015fletmecili\u011fi ve lojistik alan\u0131nda BATIL\u0130MAN ve u\u00e7ucu k\u00fcl\u00fcn end\u00fcstriyel alanlarda hammadde olarak kullan\u0131m\u0131n\u0131 sa\u011flayan Ash Plus bulunuyor.<\/h4>\n","protected":false},"excerpt":{"rendered":"<p>Bat\u0131s\u00f6ke fabrikas\u0131 T\u00fcrkiye\u2019nin \u00e7imento ve klinker ihracat\u0131n\u0131n % 10\u2019unu tek ba\u015f\u0131na kar\u015f\u0131layacak Bat\u0131 Anadolu Grubu S\u00f6ke\u2019de dev bir entegre tesis yat\u0131r\u0131m\u0131 ger\u00e7ekle\u015ftiriyor. Yap\u0131m\u0131 s\u00fcren Bat\u0131s\u00f6ke \u00e7imento fabrikas\u0131n\u0131n toplam maliyeti 500 milyon TL\u2019ye ula\u015facak. Grubun \u00e7imento ve klinker \u00fcretim kapasitesini iki kat\u0131na \u00e7\u0131karacak olan yeni fabrika, T\u00fcrkiye\u2019nin bu alandaki toplam ihracat\u0131n\u0131n y\u00fczde 10\u2019unu tek ba\u015f\u0131na kar\u015f\u0131layacak. [&hellip;]<\/p>\n","protected":false},"author":1,"featured_media":0,"comment_status":"open","ping_status":"open","sticky":false,"template":"","format":"standard","meta":{"ngg_post_thumbnail":0},"categories":[26,5217,97,5388],"tags":[7215,1476,11617,345,11376,88,11531,316,96],"_links":{"self":[{"href":"https:\/\/emlaktuel.com\/index.php?rest_route=\/wp\/v2\/posts\/12719"}],"collection":[{"href":"https:\/\/emlaktuel.com\/index.php?rest_route=\/wp\/v2\/posts"}],"about":[{"href":"https:\/\/emlaktuel.com\/index.php?rest_route=\/wp\/v2\/types\/post"}],"author":[{"embeddable":true,"href":"https:\/\/emlaktuel.com\/index.php?rest_route=\/wp\/v2\/users\/1"}],"replies":[{"embeddable":true,"href":"https:\/\/emlaktuel.com\/index.php?rest_route=%2Fwp%2Fv2%2Fcomments&post=12719"}],"version-history":[{"count":1,"href":"https:\/\/emlaktuel.com\/index.php?rest_route=\/wp\/v2\/posts\/12719\/revisions"}],"predecessor-version":[{"id":12722,"href":"https:\/\/emlaktuel.com\/index.php?rest_route=\/wp\/v2\/posts\/12719\/revisions\/12722"}],"wp:attachment":[{"href":"https:\/\/emlaktuel.com\/index.php?rest_route=%2Fwp%2Fv2%2Fmedia&parent=12719"}],"wp:term":[{"taxonomy":"category","embeddable":true,"href":"https:\/\/emlaktuel.com\/index.php?rest_route=%2Fwp%2Fv2%2Fcategories&post=12719"},{"taxonomy":"post_tag","embeddable":true,"href":"https:\/\/emlaktuel.com\/index.php?rest_route=%2Fwp%2Fv2%2Ftags&post=12719"}],"curies":[{"name":"wp","href":"https:\/\/api.w.org\/{rel}","templated":true}]}}