{"id":12714,"date":"2017-03-28T14:23:35","date_gmt":"2017-03-28T11:23:35","guid":{"rendered":"http:\/\/emlaktuel.com\/?p=12714"},"modified":"2018-07-05T16:17:16","modified_gmt":"2018-07-05T13:17:16","slug":"bond-vr-cofutureda-sanal-gercekligi-anlatiyor","status":"publish","type":"post","link":"https:\/\/emlaktuel.com\/?p=12714","title":{"rendered":"Bond VR Cofuture\u2019da Sanal Ger\u00e7ekli\u011fi Anlat\u0131yor"},"content":{"rendered":"<p><strong><img loading=\"lazy\" class=\"alignleft size-full wp-image-12715\" src=\"http:\/\/emlaktuel.com\/wp-content\/uploads\/2017\/03\/1490696065_3.jpg\" alt=\"Bond VR\" width=\"600\" height=\"200\" \/><\/p>\n<p><\/strong><\/p>\n<p>Bond VR, 29-30 Mart\u2019ta d\u00fczenlenecek medya ve pazarlama sekt\u00f6r\u00fcn\u00fcn inovasyon festivali Cofuture\u2019da yerini alarak, sanal ger\u00e7eklik alan\u0131nda merak edilenleri a\u00e7\u0131kl\u0131yor<\/p>\n<p><strong>28 Mart 2017<\/strong> &#8211; WPP taraf\u0131ndan d\u00fczenlenen Cofuture \u0130novasyon Zirvesi, T\u00fcrkiye\u2019deki medya ve pazarlama d\u00fcnyas\u0131n\u0131 inovasyon oda\u011f\u0131nda bir araya getiriyor. 29-30 Mart\u2019ta WPP\u2019nin Astoria Ofisi\u2019nde d\u00fczenlenecek etkinli\u011fe, Bond VR kat\u0131larak etkinli\u011fin 360 derece izlenmesine olanak tan\u0131yor.<\/p>\n<p>T\u00fcrkiye\u2019nin ilk VR medya ajans\u0131 olan Bond VR, medya ve dijital reklamc\u0131l\u0131k sekt\u00f6r\u00fcndeki deneyimini yaz\u0131l\u0131m ve prod\u00fcksiyon hizmetleriyle birle\u015ftirerek, reklam verenler ve ajanslar\u0131n ihtiya\u00e7lar\u0131n\u0131 kar\u015f\u0131l\u0131yor. Sanal ger\u00e7eklik \u00e7\u00f6z\u00fcmlerinin yeni bir medya yat\u0131r\u0131m arac\u0131 olaca\u011f\u0131 \u00f6ng\u00f6r\u00fcs\u00fcyle hareket eden Bond VR, Cofuture \u0130novasyon Zirvesi\u2019nde en son VR teknolojilerini tan\u0131tacak.<\/p>\n<p>Bond VR, hizmetleri kapsam\u0131nda a\u015fa\u011f\u0131daki konu ba\u015fl\u0131klar\u0131nda bilgiler payla\u015facak:<\/p>\n<ul>\n<li>VR Medya Stratejisi Olu\u015fturma<\/li>\n<li>VR Medya Yat\u0131r\u0131mlar\u0131n\u0131n Y\u00f6netilmesi<\/li>\n<li>VR Medya \u0130\u00e7erik \u00dcretimi<\/li>\n<li>VR Uygulama Yaz\u0131l\u0131m\u0131<\/li>\n<li>VR Oyun Geli\u015ftirme<\/li>\n<li>VR 360 Video Prod\u00fcksiyon \u00e7al\u0131\u015fmalar\u0131<\/li>\n<\/ul>\n<p><strong>40\u2019a yak\u0131n giri\u015fimi tan\u0131ma f\u0131rsat\u0131<\/strong><\/p>\n<p>\u0130ki g\u00fcn s\u00fcrecek etkinlik boyunca kat\u0131l\u0131mc\u0131lar, WPP \u015firketleri ve teknoloji ile inovasyon alan\u0131nda \u00e7al\u0131\u015fan giri\u015fimcilerle bir araya gelerek, ihtiya\u00e7lar\u0131na y\u00f6nelik yeni \u00e7\u00f6z\u00fcmler \u00fcretebilme \u015fans\u0131 yakalarken, farkl\u0131 giri\u015fimlerle tan\u0131\u015facak ve \u00e7\u00f6z\u00fcmlerini deneyimleme f\u0131rsat\u0131 bulacaklar.<\/p>\n<p>40\u2019a yak\u0131n giri\u015fim ve teknoloji \u015firketinin kat\u0131laca\u011f\u0131 etkinlik konu\u015fmac\u0131lar\u0131 aras\u0131nda Bo\u011fazi\u00e7i \u00dcniversitesi \u0130ktisadi ve \u0130dari Bilimler Dekan\u0131 Prof. Dr. Ay\u015feg\u00fcl Toker, Sanat\u00e7\u0131 ve Yat\u0131r\u0131mc\u0131 Mustafa Sandal ile Gazeteci Serdar Kuzulo\u011flu yer al\u0131yor.<\/p>\n<p>Etkinli\u011fe kat\u0131l\u0131m ve daha fazla bilgi i\u00e7in <a href=\"http:\/\/www.cofuturefestival.com\/\" target=\"_blank\" data-saferedirecturl=\"https:\/\/www.google.com\/url?hl=tr&amp;q=http:\/\/www.cofuturefestival.com\/&amp;source=gmail&amp;ust=1490784202737000&amp;usg=AFQjCNHR8tvMhmkM02vikFM05daHYwMKCg\">www.cofuturefestival.com<\/a> adresini kullanabilirsiniz.<\/p>\n<p>_*_<\/p>\n<p><strong>Cofuture Hakk\u0131nda<\/strong><\/p>\n<p>WPP taraf\u0131ndan d\u00fczenlenen Cofuture, T\u00fcrkiye\u2019nin medya ve pazarlama odakl\u0131 ilk inovasyon zirvesidir. Cofuture ile amac\u0131m\u0131z, farkl\u0131 d\u00fc\u015f\u00fcn\u00fcp ba\u015far\u0131ya ula\u015fmam\u0131z gereken bu zorlu y\u0131lda ve h\u0131zla geli\u015fen d\u00fcnyada; markalar\u0131m\u0131z\u0131n sorunlar\u0131na en inovatif \u00e7\u00f6z\u00fcmleri bulmak ve markalar\u0131m\u0131zla kol kola girip, geli\u015fim ve d\u00f6n\u00fc\u015f\u00fcm i\u00e7in f\u0131rsatlar yaratmakt\u0131r. 2 g\u00fcn s\u00fcrecek etkinlik boyunca kat\u0131l\u0131mc\u0131lar, WPP \u015firketleri ve teknoloji \/ inovasyon alan\u0131nda \u00e7al\u0131\u015fan giri\u015fimcilerle bir araya gelerek ihtiya\u00e7lar\u0131na y\u00f6nelik yeni \u00e7\u00f6z\u00fcmler \u00fcretebilme \u015fans\u0131 yakalarken, farkl\u0131 start-up\u2019larla tan\u0131\u015facak ve onlar\u0131 deneyimleme f\u0131rsat\u0131 bulacaklar. Detayl\u0131 bilgi i\u00e7in <a href=\"http:\/\/www.cofuturefestival.com\/\" target=\"_blank\" data-saferedirecturl=\"https:\/\/www.google.com\/url?hl=tr&amp;q=http:\/\/www.cofuturefestival.com\/&amp;source=gmail&amp;ust=1490784202737000&amp;usg=AFQjCNHR8tvMhmkM02vikFM05daHYwMKCg\">http:\/\/www.cofuturefestival.<wbr \/>com\/<\/a> adresini kullanabilirsiniz.<\/p>\n","protected":false},"excerpt":{"rendered":"<p>Bond VR, 29-30 Mart\u2019ta d\u00fczenlenecek medya ve pazarlama sekt\u00f6r\u00fcn\u00fcn inovasyon festivali Cofuture\u2019da yerini alarak, sanal ger\u00e7eklik alan\u0131nda merak edilenleri a\u00e7\u0131kl\u0131yor 28 Mart 2017 &#8211; WPP taraf\u0131ndan d\u00fczenlenen Cofuture \u0130novasyon Zirvesi, T\u00fcrkiye\u2019deki medya ve pazarlama d\u00fcnyas\u0131n\u0131 inovasyon oda\u011f\u0131nda bir araya getiriyor. 29-30 Mart\u2019ta WPP\u2019nin Astoria Ofisi\u2019nde d\u00fczenlenecek etkinli\u011fe, Bond VR kat\u0131larak etkinli\u011fin 360 derece izlenmesine olanak [&hellip;]<\/p>\n","protected":false},"author":1,"featured_media":12715,"comment_status":"open","ping_status":"open","sticky":false,"template":"","format":"standard","meta":{"ngg_post_thumbnail":0},"categories":[26],"tags":[11288,11262,316,96,1257],"_links":{"self":[{"href":"https:\/\/emlaktuel.com\/index.php?rest_route=\/wp\/v2\/posts\/12714"}],"collection":[{"href":"https:\/\/emlaktuel.com\/index.php?rest_route=\/wp\/v2\/posts"}],"about":[{"href":"https:\/\/emlaktuel.com\/index.php?rest_route=\/wp\/v2\/types\/post"}],"author":[{"embeddable":true,"href":"https:\/\/emlaktuel.com\/index.php?rest_route=\/wp\/v2\/users\/1"}],"replies":[{"embeddable":true,"href":"https:\/\/emlaktuel.com\/index.php?rest_route=%2Fwp%2Fv2%2Fcomments&post=12714"}],"version-history":[{"count":1,"href":"https:\/\/emlaktuel.com\/index.php?rest_route=\/wp\/v2\/posts\/12714\/revisions"}],"predecessor-version":[{"id":12716,"href":"https:\/\/emlaktuel.com\/index.php?rest_route=\/wp\/v2\/posts\/12714\/revisions\/12716"}],"wp:featuredmedia":[{"embeddable":true,"href":"https:\/\/emlaktuel.com\/index.php?rest_route=\/wp\/v2\/media\/12715"}],"wp:attachment":[{"href":"https:\/\/emlaktuel.com\/index.php?rest_route=%2Fwp%2Fv2%2Fmedia&parent=12714"}],"wp:term":[{"taxonomy":"category","embeddable":true,"href":"https:\/\/emlaktuel.com\/index.php?rest_route=%2Fwp%2Fv2%2Fcategories&post=12714"},{"taxonomy":"post_tag","embeddable":true,"href":"https:\/\/emlaktuel.com\/index.php?rest_route=%2Fwp%2Fv2%2Ftags&post=12714"}],"curies":[{"name":"wp","href":"https:\/\/api.w.org\/{rel}","templated":true}]}}