{"id":12610,"date":"2017-03-25T12:07:19","date_gmt":"2017-03-25T09:07:19","guid":{"rendered":"http:\/\/emlaktuel.com\/?p=12610"},"modified":"2018-07-05T16:15:35","modified_gmt":"2018-07-05T13:15:35","slug":"konutderde-degisim","status":"publish","type":"post","link":"https:\/\/emlaktuel.com\/?p=12610","title":{"rendered":"KONUTDER&#8217;de de\u011fi\u015fim"},"content":{"rendered":"<h3 class=\"news-detail-title selectionShareable\"><img loading=\"lazy\" class=\"size-full wp-image-12612 aligncenter\" src=\"http:\/\/emlaktuel.com\/wp-content\/uploads\/2017\/03\/konutder-bas\u0327kan\u0131-altan-elmas-1.jpg\" alt=\"konutder bas\u0327kan\u0131 altan elmas\" width=\"2300\" height=\"1100\" \/><\/h3>\n<h3 class=\"news-detail-title selectionShareable\">KONUTDER&#8217;in 3 d\u00f6nemdir Y\u00f6netim Kurulu Ba\u015fkanl\u0131\u011f\u0131n\u0131 yapan\u00a0\u00d6mer Faruk \u00c7elik t\u00fcz\u00fck gere\u011fince g\u00f6rev s\u00fcresi sona ermesiyle birlikte Ba\u015fkanl\u0131k g\u00f6revini Z. Altan ELMAS devretti.<\/h3>\n<div class=\"soc2 nmobilw\"><\/div>\n<div class=\"clear\"><\/div>\n<div class=\"clear\"><\/div>\n<div>\n<h4>Her ge\u00e7en sene\u00a0dahada b\u00fcy\u00fcyen konut sekt\u00f6r\u00fcn\u00fcn sesini herkese\u00a0g\u00fc\u00e7l\u00fc bir \u015fekilde duyurmak amac\u0131 ile sekt\u00f6r\u00fcn \u00f6nde gelen firmalar\u0131n\u0131n \u00f6nc\u00fcl\u00fc\u011f\u00fcnde 2011 y\u0131l\u0131nda kurulan Konut Geli\u015ftiricileri ve Yat\u0131r\u0131mc\u0131lar\u0131 Derne\u011fi\u2019nde (<strong>KONUTDER<\/strong>) g\u00f6rev de\u011fi\u015fikli\u011fi ya\u015fand\u0131. 15 Temmuz Darbe giri\u015fimi sonras\u0131 kapat\u0131lan ancak k\u0131sa bir s\u00fcre sonra tekrar a\u00e7\u0131lan<strong> KONUTDER<\/strong>\u00a0kurulu\u015fundan bu yana 3 d\u00f6nem boyunca Y\u00f6netim Kurulu Ba\u015fkanl\u0131\u011f\u0131n\u0131 y\u00fcr\u00fcten \u00d6mer Faruk \u00c7elik\u2019in t\u00fcz\u00fck gere\u011fince g\u00f6rev s\u00fcresinin dolmas\u0131 nedeniyle yerine \u00f6nceki g\u00fcn yap\u0131lan y\u00f6netim kurulu toplant\u0131s\u0131 sonras\u0131 Sur yap\u0131 patronu <strong>Z. Altan ELMAS<\/strong> se\u00e7ildi.<\/h4>\n<h4><strong>\u00d6mer Faruk \u00c7EL\u0130K<\/strong> ise KONUTDER Onursal Ba\u015fkan\u0131 olarak KONUTDER Y\u00f6netim Kurulu \u00fcyeli\u011fine devam edecek.<\/h4>\n<header class=\"entry-header\">\n<h1 class=\"entry-title\">Altan Elmas kimdir?<\/h1>\n<\/header>\n<div class=\"entry-excerpt\">\n<h4>1969 y\u0131l\u0131nda Erzincan, Refahiye\u2019de do\u011fan Altan Elmas, bug\u00fcn SUR YAPI Y\u00f6netim Kurulu Ba\u015fkan\u0131.<\/h4>\n<div class=\"sharedaddy sd-sharing-enabled\">\n<div class=\"robots-nocontent sd-block sd-social sd-social-icon sd-sharing\">\n<h3 class=\"sd-title\"><img loading=\"lazy\" class=\"lazy attachment-post-thumbnail size-post-thumbnail wp-post-image lazy-loaded\" src=\"http:\/\/www.emlaknews.com.tr\/wp-content\/uploads\/2016\/04\/4d7b9035292a05e77f2f76eb72956e1456b.jpg\" sizes=\"(max-width: 800px) 100vw, 800px\" srcset=\"http:\/\/www.emlaknews.com.tr\/wp-content\/uploads\/2016\/04\/4d7b9035292a05e77f2f76eb72956e1456b.jpg 800w, http:\/\/www.emlaknews.com.tr\/wp-content\/uploads\/2016\/04\/4d7b9035292a05e77f2f76eb72956e1456b-300x188.jpg 300w, http:\/\/www.emlaknews.com.tr\/wp-content\/uploads\/2016\/04\/4d7b9035292a05e77f2f76eb72956e1456b-768x480.jpg 768w, http:\/\/www.emlaknews.com.tr\/wp-content\/uploads\/2016\/04\/4d7b9035292a05e77f2f76eb72956e1456b-294x184.jpg 294w, http:\/\/www.emlaknews.com.tr\/wp-content\/uploads\/2016\/04\/4d7b9035292a05e77f2f76eb72956e1456b-191x120.jpg 191w, http:\/\/www.emlaknews.com.tr\/wp-content\/uploads\/2016\/04\/4d7b9035292a05e77f2f76eb72956e1456b-80x50.jpg 80w\" alt=\"\" width=\"800\" height=\"500\" data-lazy-type=\"image\" data-lazy-src=\"http:\/\/www.emlaknews.com.tr\/wp-content\/uploads\/2016\/04\/4d7b9035292a05e77f2f76eb72956e1456b.jpg\" data-lazy-srcset=\"http:\/\/www.emlaknews.com.tr\/wp-content\/uploads\/2016\/04\/4d7b9035292a05e77f2f76eb72956e1456b.jpg 800w, http:\/\/www.emlaknews.com.tr\/wp-content\/uploads\/2016\/04\/4d7b9035292a05e77f2f76eb72956e1456b-300x188.jpg 300w, http:\/\/www.emlaknews.com.tr\/wp-content\/uploads\/2016\/04\/4d7b9035292a05e77f2f76eb72956e1456b-768x480.jpg 768w, http:\/\/www.emlaknews.com.tr\/wp-content\/uploads\/2016\/04\/4d7b9035292a05e77f2f76eb72956e1456b-294x184.jpg 294w, http:\/\/www.emlaknews.com.tr\/wp-content\/uploads\/2016\/04\/4d7b9035292a05e77f2f76eb72956e1456b-191x120.jpg 191w, http:\/\/www.emlaknews.com.tr\/wp-content\/uploads\/2016\/04\/4d7b9035292a05e77f2f76eb72956e1456b-80x50.jpg 80w\" \/><\/h3>\n<\/div>\n<\/div>\n<\/div>\n<div class=\"entry-content\">\n<h4>1969 y\u0131l\u0131nda Erzincan, Refahiye\u2019de do\u011fan Altan Elmas, y\u00fcksek \u00f6\u011frenimini \u0130T\u00dc Mimarl\u0131k Fak\u00fcltesi\u2019nde 92 y\u0131l\u0131nda tamamlayarak mezun oldu. Bug\u00fcn\u00a0SUR YAPI Y\u00f6netim Kurulu Ba\u015fkan\u0131.<\/h4>\n<h2>3 DA\u0130RES\u0130N\u0130 SERMAYE YAPTI<\/h2>\n<h4>Amcas\u0131 ile birlikte in\u015faat sekt\u00f6r\u00fcne giren Elmas, Abdullah Arma\u011fan ile birlikte orta\u011f\u0131 olaca\u011f\u0131 \u015firkete dairelerinden \u00fc\u00e7\u00fcn\u00fc sermaye yapmak \u00fczere, 1993 y\u0131l\u0131nda Altunizade\u2019de on katl\u0131 bir apartman ald\u0131. Altan Elmas, 1997 y\u0131l\u0131nda Sur Yap\u0131 \u0130n\u015faat \u015eirketi\u2019ni kurdu\u011fu s\u0131rada \u00fcretecekleri ya\u015fam alan\u0131n\u0131n 3 milyon metrekareyi a\u015faca\u011f\u0131n\u0131 bilmiyordu. \u0130lk projeleri ise \u00dcmraniye\u2019de bir i\u015f merkezi oldu.<\/h4>\n<h2>KR\u0130Z, ELMAS\u2019I YILDIRMADI<\/h2>\n<h4>2001 y\u0131l\u0131ndaki kriz Elmas\u2019\u0131n \u00e7al\u0131\u015fmalar\u0131n\u0131 etkilese de; Elmas, kriz sonras\u0131nda, 2004 y\u0131l\u0131nda, ilk konut projelerine \u00c7ekmek\u00f6y\u2019de ba\u015flad\u0131. Greenium isimli projede 94 villa in\u015fa edildikten sonra Sera, Dora Park, Selvice Evler, Mahalle \u0130stanbul, Adapark gibi projeler birbirini takip etti. Ard\u0131ndan Metrogarden, Exen \u0130stanbul, Corridor, Tilia, \u0130dilia gibi konut projeleri ve Novartis, Total, Opet, 3M, Sony, Casper, Bosch-Siemens, Nobel \u0130la\u00e7, Aviva, \u0130svi\u00e7re Hayat Sigorta gibi uluslararas\u0131 \u015firketlerin y\u00f6netim merkezlerinin in\u015faatlar\u0131 geldi.<\/h4>\n<h4>Misyon olarak insanlar\u0131n ideal ko\u015fullarda ya\u015famas\u0131n\u0131 isteyen Altan Elmas&#8217;\u0131n y\u00f6netimindeki Sur Yap\u0131, 2007 y\u0131l\u0131ndan itibaren farkl\u0131 yat\u0131r\u0131m alanlar\u0131na da y\u00f6neldi.<\/h4>\n<\/div>\n<\/div>\n","protected":false},"excerpt":{"rendered":"<p>KONUTDER&#8217;in 3 d\u00f6nemdir Y\u00f6netim Kurulu Ba\u015fkanl\u0131\u011f\u0131n\u0131 yapan\u00a0\u00d6mer Faruk \u00c7elik t\u00fcz\u00fck gere\u011fince g\u00f6rev s\u00fcresi sona ermesiyle birlikte Ba\u015fkanl\u0131k g\u00f6revini Z. Altan ELMAS devretti. Her ge\u00e7en sene\u00a0dahada b\u00fcy\u00fcyen konut sekt\u00f6r\u00fcn\u00fcn sesini herkese\u00a0g\u00fc\u00e7l\u00fc bir \u015fekilde duyurmak amac\u0131 ile sekt\u00f6r\u00fcn \u00f6nde gelen firmalar\u0131n\u0131n \u00f6nc\u00fcl\u00fc\u011f\u00fcnde 2011 y\u0131l\u0131nda kurulan Konut Geli\u015ftiricileri ve Yat\u0131r\u0131mc\u0131lar\u0131 Derne\u011fi\u2019nde (KONUTDER) g\u00f6rev de\u011fi\u015fikli\u011fi ya\u015fand\u0131. 15 Temmuz Darbe [&hellip;]<\/p>\n","protected":false},"author":1,"featured_media":0,"comment_status":"open","ping_status":"open","sticky":false,"template":"","format":"standard","meta":{"ngg_post_thumbnail":0},"categories":[221,5217,97,5388],"tags":[2373,4628,7146,11443,67,11358,11216,80,1551,2355,7147,7148,7149,106,7145],"_links":{"self":[{"href":"https:\/\/emlaktuel.com\/index.php?rest_route=\/wp\/v2\/posts\/12610"}],"collection":[{"href":"https:\/\/emlaktuel.com\/index.php?rest_route=\/wp\/v2\/posts"}],"about":[{"href":"https:\/\/emlaktuel.com\/index.php?rest_route=\/wp\/v2\/types\/post"}],"author":[{"embeddable":true,"href":"https:\/\/emlaktuel.com\/index.php?rest_route=\/wp\/v2\/users\/1"}],"replies":[{"embeddable":true,"href":"https:\/\/emlaktuel.com\/index.php?rest_route=%2Fwp%2Fv2%2Fcomments&post=12610"}],"version-history":[{"count":1,"href":"https:\/\/emlaktuel.com\/index.php?rest_route=\/wp\/v2\/posts\/12610\/revisions"}],"predecessor-version":[{"id":12613,"href":"https:\/\/emlaktuel.com\/index.php?rest_route=\/wp\/v2\/posts\/12610\/revisions\/12613"}],"wp:attachment":[{"href":"https:\/\/emlaktuel.com\/index.php?rest_route=%2Fwp%2Fv2%2Fmedia&parent=12610"}],"wp:term":[{"taxonomy":"category","embeddable":true,"href":"https:\/\/emlaktuel.com\/index.php?rest_route=%2Fwp%2Fv2%2Fcategories&post=12610"},{"taxonomy":"post_tag","embeddable":true,"href":"https:\/\/emlaktuel.com\/index.php?rest_route=%2Fwp%2Fv2%2Ftags&post=12610"}],"curies":[{"name":"wp","href":"https:\/\/api.w.org\/{rel}","templated":true}]}}