{"id":12585,"date":"2017-03-24T16:53:23","date_gmt":"2017-03-24T13:53:23","guid":{"rendered":"http:\/\/emlaktuel.com\/?p=12585"},"modified":"2018-07-05T16:15:13","modified_gmt":"2018-07-05T13:15:13","slug":"dky-insaatin-sponsorlugunda","status":"publish","type":"post","link":"https:\/\/emlaktuel.com\/?p=12585","title":{"rendered":"DKY \u0130n\u015faat&#8217;\u0131n sponsorlu\u011funda"},"content":{"rendered":"<p>&nbsp;<\/p>\n<h4><img loading=\"lazy\" class=\" wp-image-12586 aligncenter\" src=\"http:\/\/emlaktuel.com\/wp-content\/uploads\/2017\/03\/Ali-Dumankaya-Mehmet-S\u0327ims\u0327ek.jpg\" alt=\"Ali Dumankaya - Mehmet S\u0327ims\u0327ek\" width=\"498\" height=\"430\" \/><\/h4>\n<h4>Uluda\u011f Ekonomi Zirvesi&#8217;ne kat\u0131lan Ba\u015fbakan Yard\u0131mc\u0131s\u0131 Mehmet \u015eim\u015fek, DKY \u0130n\u015faat&#8217;\u0131n sponsorlu\u011funda d\u00fczenlenen yemekte i\u015f d\u00fcnyas\u0131n\u0131n \u00f6nemli isimleriyle bir araya geldi. \u015eim\u015fek, DKY \u0130n\u015faat Y\u00f6netim Kurulu Ba\u015fkan\u0131 Ali Dumankaya&#8217;n\u0131n ev sahipli\u011fi yapt\u0131\u011f\u0131 yemekte, in\u015faat, bankac\u0131l\u0131k ve teknoloji sekt\u00f6rleri ile ilgili yorumlar\u0131 dinledi.<\/h4>\n<h4><\/h4>\n<h4><a href=\"https:\/\/www.ucuncuistanbul.com\/\"><img loading=\"lazy\" class=\"alignleft size-full wp-image-12378\" src=\"http:\/\/emlaktuel.com\/wp-content\/uploads\/2017\/03\/3-istanbul-300x250.gif\" alt=\"3-istanbul-300x250\" width=\"300\" height=\"250\" \/><\/a>Yapt\u0131\u011f\u0131 konu\u015fmada, T\u00fcrk t\u00fcketicisi i\u00e7in t\u00fcm yat\u0131r\u0131m ara\u00e7lar\u0131 aras\u0131nda en \u00e7ok tercih edilenin gayrimenkul yat\u0131r\u0131m\u0131 oldu\u011funun alt\u0131n\u0131 \u00e7izen Ali Dumankaya, 2017\u2019de de sekt\u00f6r\u00fcn \u00e7ok daha h\u0131zl\u0131 b\u00fcy\u00fcyece\u011fini ve kendi rekorlar\u0131n\u0131 k\u0131raca\u011f\u0131n\u0131 belirtti. Ali Dumankaya; \u201c\u00d6zellikle y\u0131l\u0131n ikinci yar\u0131s\u0131 ile birlikte ekonominin daha da canlanaca\u011f\u0131na ve yakla\u015f\u0131k 60 farkl\u0131 sekt\u00f6re hayat veren, y\u00fczbinlerce ki\u015fiye ekmek kap\u0131s\u0131 olan gayrimenkul sekt\u00f6r\u00fcn\u00fcn de \u00e7ok ba\u015far\u0131l\u0131 bir y\u0131l ge\u00e7irece\u011fine hi\u00e7 ku\u015fkum yok. Bunda elbette h\u00fck\u00fcmetimizin sundu\u011fu desteklerin b\u00fcy\u00fck pay\u0131 olacak. Yabanc\u0131ya konut sat\u0131\u015f\u0131n\u0131n kolayla\u015ft\u0131r\u0131lmas\u0131 ve vergi indirimleri, hem gayrimenkul firmalar\u0131n\u0131 hem de k\u00fc\u00e7\u00fck b\u00fcy\u00fck t\u00fcm yat\u0131r\u0131mc\u0131lar\u0131n daha g\u00fcvenle hareket etmesini sa\u011flayacak.\u00a0 Yabanc\u0131 yat\u0131r\u0131mc\u0131lar i\u00e7in de T\u00fcrkiye, \u00f6zellikle de \u0130stanbul konut a\u00e7\u0131s\u0131ndan b\u00fcy\u00fck bir cazibe merkezi olmaya devam ediyor.\u00a0 Bu y\u0131l\u0131 sekt\u00f6r olarak 1.5 milyon konut sat\u0131\u015f\u0131yla kapataca\u011f\u0131m\u0131za ve \u00fclke ekonomisinde yine kald\u0131ra\u00e7 g\u00f6revini \u00fcstlenece\u011fimize inan\u0131yorum\u201d dedi.<\/h4>\n","protected":false},"excerpt":{"rendered":"<p>&nbsp; Uluda\u011f Ekonomi Zirvesi&#8217;ne kat\u0131lan Ba\u015fbakan Yard\u0131mc\u0131s\u0131 Mehmet \u015eim\u015fek, DKY \u0130n\u015faat&#8217;\u0131n sponsorlu\u011funda d\u00fczenlenen yemekte i\u015f d\u00fcnyas\u0131n\u0131n \u00f6nemli isimleriyle bir araya geldi. \u015eim\u015fek, DKY \u0130n\u015faat Y\u00f6netim Kurulu Ba\u015fkan\u0131 Ali Dumankaya&#8217;n\u0131n ev sahipli\u011fi yapt\u0131\u011f\u0131 yemekte, in\u015faat, bankac\u0131l\u0131k ve teknoloji sekt\u00f6rleri ile ilgili yorumlar\u0131 dinledi. Yapt\u0131\u011f\u0131 konu\u015fmada, T\u00fcrk t\u00fcketicisi i\u00e7in t\u00fcm yat\u0131r\u0131m ara\u00e7lar\u0131 aras\u0131nda en \u00e7ok tercih edilenin [&hellip;]<\/p>\n","protected":false},"author":1,"featured_media":12587,"comment_status":"open","ping_status":"open","sticky":false,"template":"","format":"standard","meta":{"ngg_post_thumbnail":0},"categories":[5213,5217,97,5388],"tags":[2091,11248,11219,694,7132,67,1552,80,11335,7129,7128,11163,7130,7131],"_links":{"self":[{"href":"https:\/\/emlaktuel.com\/index.php?rest_route=\/wp\/v2\/posts\/12585"}],"collection":[{"href":"https:\/\/emlaktuel.com\/index.php?rest_route=\/wp\/v2\/posts"}],"about":[{"href":"https:\/\/emlaktuel.com\/index.php?rest_route=\/wp\/v2\/types\/post"}],"author":[{"embeddable":true,"href":"https:\/\/emlaktuel.com\/index.php?rest_route=\/wp\/v2\/users\/1"}],"replies":[{"embeddable":true,"href":"https:\/\/emlaktuel.com\/index.php?rest_route=%2Fwp%2Fv2%2Fcomments&post=12585"}],"version-history":[{"count":1,"href":"https:\/\/emlaktuel.com\/index.php?rest_route=\/wp\/v2\/posts\/12585\/revisions"}],"predecessor-version":[{"id":12588,"href":"https:\/\/emlaktuel.com\/index.php?rest_route=\/wp\/v2\/posts\/12585\/revisions\/12588"}],"wp:featuredmedia":[{"embeddable":true,"href":"https:\/\/emlaktuel.com\/index.php?rest_route=\/wp\/v2\/media\/12587"}],"wp:attachment":[{"href":"https:\/\/emlaktuel.com\/index.php?rest_route=%2Fwp%2Fv2%2Fmedia&parent=12585"}],"wp:term":[{"taxonomy":"category","embeddable":true,"href":"https:\/\/emlaktuel.com\/index.php?rest_route=%2Fwp%2Fv2%2Fcategories&post=12585"},{"taxonomy":"post_tag","embeddable":true,"href":"https:\/\/emlaktuel.com\/index.php?rest_route=%2Fwp%2Fv2%2Ftags&post=12585"}],"curies":[{"name":"wp","href":"https:\/\/api.w.org\/{rel}","templated":true}]}}