{"id":12557,"date":"2017-03-23T16:01:46","date_gmt":"2017-03-23T13:01:46","guid":{"rendered":"http:\/\/emlaktuel.com\/?p=12557"},"modified":"2018-07-05T16:14:51","modified_gmt":"2018-07-05T13:14:51","slug":"sinpas-gyo-2-yeni-projesine-on-talep-toplaniyor","status":"publish","type":"post","link":"https:\/\/emlaktuel.com\/?p=12557","title":{"rendered":"\u0130stanbul Anadolu yakas\u0131na 2 yeni proje"},"content":{"rendered":"<div id=\"GenelKay\">\n<section id=\"general\" class=\"container clear\">\n<aside id=\"center\" class=\"left detail\">\n<article id=\"article\" data-title=\"Sinpa\u015f GYO Sancaktepe ve \u00dcmraniye projelerine \u00f6n talep toplan\u0131yor!\" data-url=\"http:\/\/emlakkulisi.com\/sinpas-gyo-sancaktepe-ve-umraniye-projelerine-on-talep-toplaniyor\/519797\" data-id=\"519797\">\n<h4 class=\"news-detail-title selectionShareable\"><img loading=\"lazy\" class=\"alignleft size-full wp-image-12562\" src=\"http:\/\/emlaktuel.com\/wp-content\/uploads\/2017\/03\/sinpas\u0327-gyo.jpg\" alt=\"sinpas\u0327 gyo\" width=\"2300\" height=\"1100\" \/><\/h4>\n<h4 class=\"news-detail-title selectionShareable\">Sinpa\u015f GYO taraf\u0131ndan, \u0130stanbul Anadolu yakas\u0131nda Sancaktepe ve \u00dcmraniye&#8217;de yapaca\u011f\u0131 2 yeni konut projesi i\u00e7in \u00f6n talep toplanmayand\u0131&#8230;<\/h4>\n<div>\n<p>29 bin 100 metrekare alanda in\u015fa edilecek olan <strong>Sinpa\u015f GYO Sancaktepe<\/strong> projesi, \u00dcrosan Mobilya Fabrikas\u0131 arsas\u0131nda hayata ge\u00e7iriliyor.<\/p>\n<p>Do\u011fa ile i\u00e7 i\u00e7e konseptte tasarlanan <strong>Sinpa\u015f GYO \u00dcmraniye<\/strong> projesi ise \u015eile Otoyolu \u00fczerinde yer al\u0131yor. Sinpa\u015f GYO Sancaktepe ve \u00dcmraniye projesinde avantajl\u0131 \u00f6n sat\u0131\u015flar yak\u0131nda ba\u015flayacak.<\/p>\n<p>Tel: 444 1 440<\/p>\n<p>Web:\u00a0<a href=\"http:\/\/sinpasgyo.com\/ontalep\">http:\/\/sinpasgyo.com\/ontalep<\/a><\/p>\n<\/div>\n<\/article>\n<\/aside>\n<\/section>\n<\/div>\n<footer class=\"container\">\n<aside id=\"tree\" class=\"clear\"><\/aside>\n<\/footer>\n","protected":false},"excerpt":{"rendered":"<p>Sinpa\u015f GYO taraf\u0131ndan, \u0130stanbul Anadolu yakas\u0131nda Sancaktepe ve \u00dcmraniye&#8217;de yapaca\u011f\u0131 2 yeni konut projesi i\u00e7in \u00f6n talep toplanmayand\u0131&#8230; 29 bin 100 metrekare alanda in\u015fa edilecek olan Sinpa\u015f GYO Sancaktepe projesi, \u00dcrosan Mobilya Fabrikas\u0131 arsas\u0131nda hayata ge\u00e7iriliyor. Do\u011fa ile i\u00e7 i\u00e7e konseptte tasarlanan Sinpa\u015f GYO \u00dcmraniye projesi ise \u015eile Otoyolu \u00fczerinde yer al\u0131yor. Sinpa\u015f GYO Sancaktepe [&hellip;]<\/p>\n","protected":false},"author":1,"featured_media":12562,"comment_status":"open","ping_status":"open","sticky":false,"template":"","format":"standard","meta":{"ngg_post_thumbnail":0},"categories":[5217,219,97,5388],"tags":[214,183,73,511,11111,2393,106,3475,7097,7099,7098,7100,7103,7102,7101,11408],"_links":{"self":[{"href":"https:\/\/emlaktuel.com\/index.php?rest_route=\/wp\/v2\/posts\/12557"}],"collection":[{"href":"https:\/\/emlaktuel.com\/index.php?rest_route=\/wp\/v2\/posts"}],"about":[{"href":"https:\/\/emlaktuel.com\/index.php?rest_route=\/wp\/v2\/types\/post"}],"author":[{"embeddable":true,"href":"https:\/\/emlaktuel.com\/index.php?rest_route=\/wp\/v2\/users\/1"}],"replies":[{"embeddable":true,"href":"https:\/\/emlaktuel.com\/index.php?rest_route=%2Fwp%2Fv2%2Fcomments&post=12557"}],"version-history":[{"count":3,"href":"https:\/\/emlaktuel.com\/index.php?rest_route=\/wp\/v2\/posts\/12557\/revisions"}],"predecessor-version":[{"id":12563,"href":"https:\/\/emlaktuel.com\/index.php?rest_route=\/wp\/v2\/posts\/12557\/revisions\/12563"}],"wp:featuredmedia":[{"embeddable":true,"href":"https:\/\/emlaktuel.com\/index.php?rest_route=\/wp\/v2\/media\/12562"}],"wp:attachment":[{"href":"https:\/\/emlaktuel.com\/index.php?rest_route=%2Fwp%2Fv2%2Fmedia&parent=12557"}],"wp:term":[{"taxonomy":"category","embeddable":true,"href":"https:\/\/emlaktuel.com\/index.php?rest_route=%2Fwp%2Fv2%2Fcategories&post=12557"},{"taxonomy":"post_tag","embeddable":true,"href":"https:\/\/emlaktuel.com\/index.php?rest_route=%2Fwp%2Fv2%2Ftags&post=12557"}],"curies":[{"name":"wp","href":"https:\/\/api.w.org\/{rel}","templated":true}]}}