{"id":12539,"date":"2017-03-23T14:28:07","date_gmt":"2017-03-23T11:28:07","guid":{"rendered":"http:\/\/emlaktuel.com\/?p=12539"},"modified":"2018-07-05T16:14:34","modified_gmt":"2018-07-05T13:14:34","slug":"ceyrek-altin-ne-kadar-oldu","status":"publish","type":"post","link":"https:\/\/emlaktuel.com\/?p=12539","title":{"rendered":"\u00c7eyrek alt\u0131n ne kadar oldu?"},"content":{"rendered":"<h1>\u00a0<img loading=\"lazy\" class=\"alignleft size-full wp-image-10261\" src=\"http:\/\/emlaktuel.com\/wp-content\/uploads\/2017\/01\/5878a08967b0a91d1c9cb56c.jpg\" alt=\"alt\u0131n\" width=\"590\" height=\"332\" \/><\/h1>\n<div class=\"txt\">\n<div class=\"txtIn\">\n<article id=\"contextual\" class=\"selectionShareable\">\n<h2>23 Mart Per\u015fembe g\u00fcn\u00fc alt\u0131n fiyatlar\u0131 y\u00fckseli\u015fle ba\u015flad\u0131. D\u00fcn son 3 haftan\u0131n en d\u00fc\u015f\u00fck seviyesine gerileyen alt\u0131n bu sabah itibariyle tekrar y\u00fckseldi. \u00c7eyrek alt\u0131n ne kadar oldu? Alt\u0131n almak isteyen vatanda\u015flar\u0131n merak etti\u011fi 23 Mart Per\u015fembe 2017 alt\u0131n fiyatlar\u0131&#8230;<\/h2>\n<p>Ge\u00e7ti\u011fimiz g\u00fcnlerde son \u00fc\u00e7 haftan\u0131n en d\u00fc\u015f\u00fck seviyesine gelen alt\u0131n fiyatlar\u0131 23 Mart Per\u015fembe g\u00fcn\u00fcne y\u00fckseli\u015fle ba\u015flad\u0131. Alt\u0131n almak i\u00e7in fiyatlar\u0131 takip eden binlerce vatanda\u015f g\u00fcncel alt\u0131n fiyatlar\u0131n\u0131 bu adresten takip edebilirler. Peki \u00e7eyrek alt\u0131n ne kadar oldu? Gram alt\u0131n fiyat\u0131 ka\u00e7 tl? \u0130\u015fte detaylar&#8230;<\/p>\n<p><strong>\u00c7EYREK ALTIN NE KADAR OLDU? 23 MART PER\u015eEMBE<\/strong><\/p>\n<p>D\u00fcn, alt\u0131n\u0131n gram fiyat\u0131 144,6 liraya kadar gerilemesinin ard\u0131ndan yatay seyirle g\u00fcn\u00fc 145,3 liradan tamamlad\u0131.<\/p>\n<p>Bug\u00fcne d\u00fc\u015f\u00fc\u015fle ba\u015flayan alt\u0131n\u0131n gram fiyat\u0131, saat 10.25 itibar\u0131yla 144,9 liradan al\u0131c\u0131 buluyor. Ayn\u0131 dakikalarda Kapal\u0131\u00e7ar\u015f\u0131&#8217;da \u00e7eyrek alt\u0131n 238 lira, Cumhuriyet alt\u0131n\u0131 da 970 liradan sat\u0131l\u0131yor.<\/p>\n<p>ABD Merkez Bankas\u0131&#8217;n\u0131n (Fed) faiz karar\u0131 sonras\u0131 ART arda 6 g\u00fcn de\u011fer kazanan ons alt\u0131n\u0131n fiyat\u0131, bug\u00fcne de\u011fer kayb\u0131yla ba\u015flad\u0131 ve \u015fu dakikalarda y\u00fczde 0,14 azal\u0131\u015fla 1.247,32 dolardan i\u015flem g\u00f6r\u00fcyor.<\/p>\n<p>Memi\u015f, Trump&#8217;\u0131n yeni vergi reform paketine y\u00f6nelik belirsizli\u011fin s\u00fcrmesinin tahvil faizleri ve dolar endeksini olumsuz y\u00f6nde etkiledi\u011fini belirterek, tahvil talebinin azalmas\u0131n\u0131n yat\u0131r\u0131mc\u0131lar\u0131n g\u00fcvenilir liman olarak alt\u0131n\u0131 tercih etmelerine neden oldu\u011funu s\u00f6yledi.<\/p>\n<p>Alt\u0131n yat\u0131r\u0131mc\u0131lar\u0131n\u0131n bug\u00fcn FED Ba\u015fkan\u0131 Janet Yellen&#8217;\u0131n konu\u015fmalar\u0131na odaklanaca\u011f\u0131n\u0131 ifade eden Memi\u015f, 1.260 dolar seviyesini k\u0131rmakta zorlanan alt\u0131n\u0131n ons fiyat\u0131nda kademeli olarak 1.235-1.225 dolar seviyelerine kadar d\u00fc\u015f\u00fc\u015fler g\u00f6r\u00fclebilece\u011fini bildirdi.<\/p>\n<\/article>\n<p>SABAH<\/p>\n<\/div>\n<\/div>\n","protected":false},"excerpt":{"rendered":"<p>\u00a0 23 Mart Per\u015fembe g\u00fcn\u00fc alt\u0131n fiyatlar\u0131 y\u00fckseli\u015fle ba\u015flad\u0131. D\u00fcn son 3 haftan\u0131n en d\u00fc\u015f\u00fck seviyesine gerileyen alt\u0131n bu sabah itibariyle tekrar y\u00fckseldi. \u00c7eyrek alt\u0131n ne kadar oldu? Alt\u0131n almak isteyen vatanda\u015flar\u0131n merak etti\u011fi 23 Mart Per\u015fembe 2017 alt\u0131n fiyatlar\u0131&#8230; Ge\u00e7ti\u011fimiz g\u00fcnlerde son \u00fc\u00e7 haftan\u0131n en d\u00fc\u015f\u00fck seviyesine gelen alt\u0131n fiyatlar\u0131 23 Mart Per\u015fembe g\u00fcn\u00fcne [&hellip;]<\/p>\n","protected":false},"author":1,"featured_media":10261,"comment_status":"open","ping_status":"open","sticky":false,"template":"","format":"standard","meta":{"ngg_post_thumbnail":0},"categories":[5213],"tags":[7092,7093,11165,11166,3399,11322,96],"_links":{"self":[{"href":"https:\/\/emlaktuel.com\/index.php?rest_route=\/wp\/v2\/posts\/12539"}],"collection":[{"href":"https:\/\/emlaktuel.com\/index.php?rest_route=\/wp\/v2\/posts"}],"about":[{"href":"https:\/\/emlaktuel.com\/index.php?rest_route=\/wp\/v2\/types\/post"}],"author":[{"embeddable":true,"href":"https:\/\/emlaktuel.com\/index.php?rest_route=\/wp\/v2\/users\/1"}],"replies":[{"embeddable":true,"href":"https:\/\/emlaktuel.com\/index.php?rest_route=%2Fwp%2Fv2%2Fcomments&post=12539"}],"version-history":[{"count":1,"href":"https:\/\/emlaktuel.com\/index.php?rest_route=\/wp\/v2\/posts\/12539\/revisions"}],"predecessor-version":[{"id":12540,"href":"https:\/\/emlaktuel.com\/index.php?rest_route=\/wp\/v2\/posts\/12539\/revisions\/12540"}],"wp:featuredmedia":[{"embeddable":true,"href":"https:\/\/emlaktuel.com\/index.php?rest_route=\/wp\/v2\/media\/10261"}],"wp:attachment":[{"href":"https:\/\/emlaktuel.com\/index.php?rest_route=%2Fwp%2Fv2%2Fmedia&parent=12539"}],"wp:term":[{"taxonomy":"category","embeddable":true,"href":"https:\/\/emlaktuel.com\/index.php?rest_route=%2Fwp%2Fv2%2Fcategories&post=12539"},{"taxonomy":"post_tag","embeddable":true,"href":"https:\/\/emlaktuel.com\/index.php?rest_route=%2Fwp%2Fv2%2Ftags&post=12539"}],"curies":[{"name":"wp","href":"https:\/\/api.w.org\/{rel}","templated":true}]}}