{"id":12485,"date":"2017-03-21T14:32:38","date_gmt":"2017-03-21T11:32:38","guid":{"rendered":"http:\/\/emlaktuel.com\/?p=12485"},"modified":"2018-07-05T16:14:02","modified_gmt":"2018-07-05T13:14:02","slug":"mahall-bomonti-sanatta-heykelin-izindeki-8-kadina-yogun-ilgi","status":"publish","type":"post","link":"https:\/\/emlaktuel.com\/?p=12485","title":{"rendered":"MAHALL BOMONT\u0130 SANAT\u2019TA HEYKEL\u0130N \u0130Z\u0130NDEK\u0130 8 KADINA YO\u011eUN \u0130LG\u0130"},"content":{"rendered":"<p><img loading=\"lazy\" class=\"alignleft size-full wp-image-12486\" src=\"http:\/\/emlaktuel.com\/wp-content\/uploads\/2017\/03\/mahall-bomonti.jpg\" alt=\"mahall bomonti\" width=\"2300\" height=\"1100\" \/><\/p>\n<p>\u0130zmir\u2019in yeni k\u00fclt\u00fcr-sanat merkezi Mahall Bomonti Sanat\u2019ta, 8 Mart D\u00fcnya Kad\u0131nlar G\u00fcn\u00fc\u2019nde a\u00e7\u0131lan \u201cHeykelin \u0130zinde 8 Kad\u0131n\u201d sergisi b\u00fcy\u00fck ilgi g\u00f6r\u00fcyor. Lebriz Art Solutions organizasyonuyla bir araya gelen 8 sanat\u00e7\u0131 kad\u0131n \u0130zmir\u2019de g\u00f6rd\u00fckleri ilgiden \u00e7ok memnun olduklar\u0131n\u0131 vurgulad\u0131. Eserlerinin tarihi Bomonti Tesisleri arazisinde geli\u015ftirilen Mahall Bomonti \u0130zmir projesi i\u00e7indeki \u00f6zel galeride sergilenmesinden son derece mutlu olan sanat\u00e7\u0131lar heyecanlar\u0131n\u0131 dile getirdi.<\/p>\n<h2><strong>\u201c\u0130zmirlileri \u00e7ok seviyoruz\u201d<\/strong><\/h2>\n<p>Yasemin Aslan Bakiri: \u201c\u0130zmirlilerin sanata yakla\u015f\u0131mlar\u0131n\u0131n ger\u00e7ekten \u00e7ok pozitif. \u0130zmirlileri \u00e7ok seviyoruz. \u00c7\u00fcnk\u00fc sanata kar\u015f\u0131 ger\u00e7ekten duyarl\u0131 davran\u0131yorlar. Sanatsal \u00e7al\u0131\u015fmalar\u0131n yap\u0131lmas\u0131na s\u00fcrekli katk\u0131da bulunuyorlar. Sergileri gezerken de \u00e7ok g\u00fczel bildirimler al\u0131yoruz.\u201d<\/p>\n<h2><strong>\u201cBu \u015fehirde olmas\u0131 beni heyecanland\u0131rd\u0131\u201d<\/strong><\/h2>\n<p>Ayfer Kals\u0131n: \u201c\u0130zmir\u2019de, bu \u015fehirde olmas\u0131 heyecanland\u0131rd\u0131 beni. 8 kad\u0131n aras\u0131nda benim de se\u00e7ilmem ho\u015fuma gitti. Bana \u00f6zg\u00fc bir tarzda, porselen malzemeyle \u00e7al\u0131\u015f\u0131yorum. Eserlerim \u201cF\u0131rt\u0131nalar \u015eehri\u201d ad\u0131n\u0131 ta\u015f\u0131yan bir seriden par\u00e7alar. Her biri bir sufiyi temsil ediyor. Birimlerin herhangi bir cinsiyeti yok. Sufilerin de normalde olmuyor. Yani biraz tasavvuf etkili. Birbirlerine zarar vermeden ilerliyorlar. Saf, temiz, ahlakl\u0131 bireyleri temsil ediyorlar.\u201d<\/p>\n<h2><strong>\u201cHeykellerim kad\u0131n \u00fczerine\u201d<\/strong><\/h2>\n<p>Yakut Ayverdi: \u201cHeykellerim genellikle kad\u0131n \u00fczerine\u2026 Y\u0131llard\u0131r hep ayn\u0131 konu, hep ayn\u0131 tema \u00fczerinde \u00e7al\u0131\u015f\u0131yorum. Kad\u0131nlar g\u00fcn\u00fc dolay\u0131s\u0131yla gelen teklif beni \u00e7ok sevindirdi. Benimle birlikte 8 sanat\u00e7\u0131n\u0131n b\u00f6yle g\u00fczel bir yerde sergi a\u00e7mas\u0131 \u00e7ok onur verici.\u201d<\/p>\n<h2><strong>\u201cAsl\u0131nda insano\u011flu \u00e7ok ileri gitmedi\u201d<\/strong><\/h2>\n<p>Tina Varon: \u201c8 kad\u0131n denilince baya\u011f\u0131 heyecanland\u0131m. \u0130lk defa b\u00f6yle bir \u00e7al\u0131\u015fmaya kat\u0131ld\u0131m. Sergideki eserlerim \u201cTotem\u201d serisinden yapt\u0131\u011f\u0131m \u00e7al\u0131\u015fmalar. Totem, y\u00fczy\u0131llardan beri insanlar\u0131n de\u011fi\u015fmeyen duygular\u0131n\u0131, d\u00fc\u015f\u00fcncelerini, aray\u0131\u015flar\u0131n\u0131, yakar\u0131\u015flar\u0131n\u0131 analatan bir \u015fey\u2026 Asl\u0131nda insano\u011flunun \u00e7ok ileri gitmedi\u011fini vurgulamaya \u00e7al\u0131\u015f\u0131yorum.\u201d<\/p>\n<p>Sanat\u00e7\u0131lar Ayfer Kals\u0131n, Benan Bulut, Pembe Hilal T\u00fcz\u00fcner, \u015eebnem Ke\u00e7eli, Tina Varon, Yakut Ayverdi, Yasemin Aslan Bakiri ve Y\u0131ld\u0131z Y\u0131lmaz\u2019\u0131n toplam 32 eserinden olu\u015fan \u201cHeykelin izinde 8 Kad\u0131n\u201d sergisi 5 Nisan\u2019a kadar, T\u00fcrkerler Holding taraf\u0131ndan geli\u015ftirilen Mahall Bomonti \u0130zmir projesi Tan\u0131t\u0131m Ofisi\u2019ndeki Mahall Bomonti Sanat\u2019ta a\u00e7\u0131k kalacak.<\/p>\n<p>&nbsp;<\/p>\n","protected":false},"excerpt":{"rendered":"<p>\u0130zmir\u2019in yeni k\u00fclt\u00fcr-sanat merkezi Mahall Bomonti Sanat\u2019ta, 8 Mart D\u00fcnya Kad\u0131nlar G\u00fcn\u00fc\u2019nde a\u00e7\u0131lan \u201cHeykelin \u0130zinde 8 Kad\u0131n\u201d sergisi b\u00fcy\u00fck ilgi g\u00f6r\u00fcyor. Lebriz Art Solutions organizasyonuyla bir araya gelen 8 sanat\u00e7\u0131 kad\u0131n \u0130zmir\u2019de g\u00f6rd\u00fckleri ilgiden \u00e7ok memnun olduklar\u0131n\u0131 vurgulad\u0131. Eserlerinin tarihi Bomonti Tesisleri arazisinde geli\u015ftirilen Mahall Bomonti \u0130zmir projesi i\u00e7indeki \u00f6zel galeride sergilenmesinden son derece mutlu [&hellip;]<\/p>\n","protected":false},"author":1,"featured_media":12486,"comment_status":"open","ping_status":"open","sticky":false,"template":"","format":"standard","meta":{"ngg_post_thumbnail":0},"categories":[221,26,5217,97,5388],"tags":[11370,11317,8452,4109,4372,122,11235,3070,95],"_links":{"self":[{"href":"https:\/\/emlaktuel.com\/index.php?rest_route=\/wp\/v2\/posts\/12485"}],"collection":[{"href":"https:\/\/emlaktuel.com\/index.php?rest_route=\/wp\/v2\/posts"}],"about":[{"href":"https:\/\/emlaktuel.com\/index.php?rest_route=\/wp\/v2\/types\/post"}],"author":[{"embeddable":true,"href":"https:\/\/emlaktuel.com\/index.php?rest_route=\/wp\/v2\/users\/1"}],"replies":[{"embeddable":true,"href":"https:\/\/emlaktuel.com\/index.php?rest_route=%2Fwp%2Fv2%2Fcomments&post=12485"}],"version-history":[{"count":2,"href":"https:\/\/emlaktuel.com\/index.php?rest_route=\/wp\/v2\/posts\/12485\/revisions"}],"predecessor-version":[{"id":12488,"href":"https:\/\/emlaktuel.com\/index.php?rest_route=\/wp\/v2\/posts\/12485\/revisions\/12488"}],"wp:featuredmedia":[{"embeddable":true,"href":"https:\/\/emlaktuel.com\/index.php?rest_route=\/wp\/v2\/media\/12486"}],"wp:attachment":[{"href":"https:\/\/emlaktuel.com\/index.php?rest_route=%2Fwp%2Fv2%2Fmedia&parent=12485"}],"wp:term":[{"taxonomy":"category","embeddable":true,"href":"https:\/\/emlaktuel.com\/index.php?rest_route=%2Fwp%2Fv2%2Fcategories&post=12485"},{"taxonomy":"post_tag","embeddable":true,"href":"https:\/\/emlaktuel.com\/index.php?rest_route=%2Fwp%2Fv2%2Ftags&post=12485"}],"curies":[{"name":"wp","href":"https:\/\/api.w.org\/{rel}","templated":true}]}}