{"id":12391,"date":"2017-03-20T12:24:40","date_gmt":"2017-03-20T09:24:40","guid":{"rendered":"http:\/\/emlaktuel.com\/?p=12391"},"modified":"2018-07-05T16:13:04","modified_gmt":"2018-07-05T13:13:04","slug":"peli-parke-goldenle-zemine-ruh-katiyor","status":"publish","type":"post","link":"https:\/\/emlaktuel.com\/?p=12391","title":{"rendered":"PEL\u0130 PARKE, &#8216;GOLDEN&#8217;LE ZEM\u0130NE RUH KATIYOR"},"content":{"rendered":"<h4><img loading=\"lazy\" class=\"alignleft size-full wp-image-12392\" src=\"http:\/\/emlaktuel.com\/wp-content\/uploads\/2017\/03\/1489997986_GL703_BEYAZ.jpg\" alt=\"peli parke\" width=\"1772\" height=\"1329\" \/><\/h4>\n<h4><strong>Sekt\u00f6r\u00fcn yenilik\u00e7i ve dinamik firmas\u0131 Vezirk\u00f6pr\u00fc Orman \u00dcr\u00fcnleri Grubu markas\u0131 olan Peli Parke, Golden Serisi&#8217;yle \u00e7\u0131tay\u0131 daha da y\u00fckseltiyor&#8230;<\/strong><\/h4>\n<p>Do\u011fal hayat\u0131 zarafetle zemine yayan Peli Parke, Golden Serisi&#8217;yle \u00e7e\u015fit yelpazesini tatl\u0131 tatl\u0131 a\u00e7\u0131yor&#8230; \u00dczerinden mevsimler ge\u00e7mi\u015f, mis gibi bahar ya\u011fmurlar\u0131n\u0131 i\u00e7ine \u00e7ekmi\u015f ah\u015fap g\u00f6r\u00fcnt\u00fcs\u00fcne sahip olan koleksiyon, d\u00f6\u015fendi\u011fi mekana ruhunu da kat\u0131yor.<\/p>\n<p>Klasik kahverenginin yan\u0131 s\u0131ra beyaz, gri tonlar\u0131 ve antik \u00e7am renklerine sahip olan Golden Serisi&#8217;nin en \u00f6nemli \u00f6zelli\u011fi kolay d\u00f6\u015fenmesi ve kolay temizlenmesi, standart \u00f6l\u00e7\u00fcs\u00fc ve 4 taraf\u0131na a\u00e7\u0131lm\u0131\u015f mikro derz paneller sayesinde net g\u00f6r\u00fcnt\u00fcy\u00fc size daha \u00e7ok hissettiriyor. Koleksiyon banyo haricinde b\u00fct\u00fcn i\u00e7 mekanlarda kullan\u0131l\u0131yor.<\/p>\n<p>&nbsp;<\/p>\n<p><strong><i><u>Turanlar Grup Hakk\u0131nda:<\/u><a name=\"m_650758329416589872__GoBack\"><\/a><\/i><\/strong><\/p>\n<p>1953 y\u0131l\u0131nda Hasan, Fuat ve Nihat Turan karde\u015fler taraf\u0131ndan kurulan; orman end\u00fcstrisi, k\u00e2\u011f\u0131t, g\u0131da ve turizm sekt\u00f6rlerinde faaliyet g\u00f6steren bir \u015firketler grubudur. \u00dcretim faaliyetlerini, Vezir K\u00f6pr\u00fc Orman \u00dcr\u00fcnleri ve K\u00e2\u011f\u0131t Sanayi A.\u015e., Pelit Arslan Kontrplak Fabrikas\u0131 A.\u015e. ve Pelit \u0130n\u015faat Kal\u0131p Sist. San. ve Tic. A\u015e.\u2019de ger\u00e7ekle\u015ftirmektedir. Vezirk\u00f6pr\u00fc Fabrikas\u0131 grubun \u00fcretim konusunda lokomotifi konumundad\u0131r. 1996 y\u0131l\u0131nda yap\u0131lan \u00f6zelle\u015ftirmeyle al\u0131nan fabrika, 100 milyon Euro\u2019yu a\u015fan bir \u00f6z sermaye yat\u0131r\u0131m\u0131yla Peli Parquet ve Peli Paper markalar\u0131n\u0131n \u00fcretimini ger\u00e7ekle\u015ftirmektedir.<\/p>\n<p>Vezir A\u011fa\u00e7, yani Vezirk\u00f6pr\u00fc Orman \u00dcr\u00fcnleri ve Ka\u011f\u0131t Sanayi A.\u015e., Karadeniz B\u00f6lgesinin en b\u00fcy\u00fck entegre orman \u00fcr\u00fcnleri sanayi tesislerinden biridir. \u00dcretimi olan Tutkal, MDF, Yonga Levha, Melamin Kapl\u0131 MDF-Yonga Levha, Laminat Parke ve Kontrplak ile bir entegre bir tesistir.<\/p>\n","protected":false},"excerpt":{"rendered":"<p>Sekt\u00f6r\u00fcn yenilik\u00e7i ve dinamik firmas\u0131 Vezirk\u00f6pr\u00fc Orman \u00dcr\u00fcnleri Grubu markas\u0131 olan Peli Parke, Golden Serisi&#8217;yle \u00e7\u0131tay\u0131 daha da y\u00fckseltiyor&#8230; Do\u011fal hayat\u0131 zarafetle zemine yayan Peli Parke, Golden Serisi&#8217;yle \u00e7e\u015fit yelpazesini tatl\u0131 tatl\u0131 a\u00e7\u0131yor&#8230; \u00dczerinden mevsimler ge\u00e7mi\u015f, mis gibi bahar ya\u011fmurlar\u0131n\u0131 i\u00e7ine \u00e7ekmi\u015f ah\u015fap g\u00f6r\u00fcnt\u00fcs\u00fcne sahip olan koleksiyon, d\u00f6\u015fendi\u011fi mekana ruhunu da kat\u0131yor. Klasik kahverenginin yan\u0131 [&hellip;]<\/p>\n","protected":false},"author":1,"featured_media":12392,"comment_status":"open","ping_status":"open","sticky":false,"template":"","format":"standard","meta":{"ngg_post_thumbnail":0},"categories":[223,26],"tags":[11148,67,493,2731,96],"_links":{"self":[{"href":"https:\/\/emlaktuel.com\/index.php?rest_route=\/wp\/v2\/posts\/12391"}],"collection":[{"href":"https:\/\/emlaktuel.com\/index.php?rest_route=\/wp\/v2\/posts"}],"about":[{"href":"https:\/\/emlaktuel.com\/index.php?rest_route=\/wp\/v2\/types\/post"}],"author":[{"embeddable":true,"href":"https:\/\/emlaktuel.com\/index.php?rest_route=\/wp\/v2\/users\/1"}],"replies":[{"embeddable":true,"href":"https:\/\/emlaktuel.com\/index.php?rest_route=%2Fwp%2Fv2%2Fcomments&post=12391"}],"version-history":[{"count":1,"href":"https:\/\/emlaktuel.com\/index.php?rest_route=\/wp\/v2\/posts\/12391\/revisions"}],"predecessor-version":[{"id":12394,"href":"https:\/\/emlaktuel.com\/index.php?rest_route=\/wp\/v2\/posts\/12391\/revisions\/12394"}],"wp:featuredmedia":[{"embeddable":true,"href":"https:\/\/emlaktuel.com\/index.php?rest_route=\/wp\/v2\/media\/12392"}],"wp:attachment":[{"href":"https:\/\/emlaktuel.com\/index.php?rest_route=%2Fwp%2Fv2%2Fmedia&parent=12391"}],"wp:term":[{"taxonomy":"category","embeddable":true,"href":"https:\/\/emlaktuel.com\/index.php?rest_route=%2Fwp%2Fv2%2Fcategories&post=12391"},{"taxonomy":"post_tag","embeddable":true,"href":"https:\/\/emlaktuel.com\/index.php?rest_route=%2Fwp%2Fv2%2Ftags&post=12391"}],"curies":[{"name":"wp","href":"https:\/\/api.w.org\/{rel}","templated":true}]}}