{"id":12325,"date":"2017-03-18T13:03:50","date_gmt":"2017-03-18T10:03:50","guid":{"rendered":"http:\/\/emlaktuel.com\/?p=12325"},"modified":"2018-07-05T16:12:28","modified_gmt":"2018-07-05T13:12:28","slug":"yerli-motor-geliyor","status":"publish","type":"post","link":"https:\/\/emlaktuel.com\/?p=12325","title":{"rendered":"Yerli motor geliyor!"},"content":{"rendered":"<h2>ASELSAN yerli elektrik motoru \u00fcretti. Motorun kullan\u0131ld\u0131\u011f\u0131 bir de otob\u00fcs \u00fcretildi ve bu otob\u00fcs 10 dakikada \u015farj olabiliyor.<\/h2>\n<div class=\"content\">\n<div class=\"resim\"><img class=\"resim\" src=\"http:\/\/www.otomobilgazetesi.com\/uploads\/20170317073641_yerli_elektrik_motoru_hazir_1489657926_222.jpg\" alt=\"\" border=\"0\" \/><\/div>\n<div class=\"ekstra\"><\/div>\n<p>ASELSAN Elektrikli Ara\u00e7 Sistemleri Program M\u00fcd\u00fcr\u00fc Ali Murat Top\u00e7u, toplu ula\u015f\u0131m i\u00e7in TEMSA\u00a0ile elektrikli otob\u00fcs\u00a0geli\u015ftirdiklerini, 8-10 dakikada \u015farj olabilen arac\u0131n ilk iki prototipinin haz\u0131r oldu\u011funu belirtti.<\/p>\n<p>Top\u00e7u,\u00a0<strong>&#8220;\u015earj i\u00e7in beklemeler olmuyor ve bu arac\u0131n k\u0131sa zamanda belediyelerimiz taraf\u0131ndan kullan\u0131lmaya ba\u015flanaca\u011f\u0131n\u0131 tahmin ediyoruz.&#8221;<\/strong>\u00a0dedi.<\/p>\n<p><strong>&#8220;YERL\u0130 \u00dcRET\u0130LD\u0130&#8221;<\/strong><\/p>\n<p>ASELSAN&#8217;\u0131n Ula\u015f\u0131m, G\u00fcvenlik, Enerji ve Otomasyon Sistemleri Sekt\u00f6r Ba\u015fkanl\u0131\u011f\u0131 (UGES) olarak \u00e7al\u0131\u015fmalar yapt\u0131klar\u0131n\u0131 belirten Top\u00e7u,\u00a0<strong>&#8221;Arac\u0131n en \u00f6nemli birimi olan elektrik motoru, motor s\u00fcr\u00fcc\u00fcs\u00fc, kontrol birimi ve arac\u0131n di\u011fer g\u00fc\u00e7 ihtiya\u00e7lar\u0131 i\u00e7in gerekli olan \u00e7eviriciler ASELSAN taraf\u0131ndan yerli ve milli olarak \u00fcretildi. Bunlar pek \u00e7ok farkl\u0131 ara\u00e7ta kullan\u0131labilecek \u015fekilde tasarland\u0131.&#8221;<\/strong>\u00a0dedi.<\/p>\n<p><strong>&#8220;SER\u0130 \u00dcRET\u0130ME HAZIR&#8221;<\/strong><\/p>\n<p>Top\u00e7u, elektrikli \u00e7eki\u015f sistemini bug\u00fcne kadar metro ara\u00e7lar\u0131nda, tramvaylarda, otob\u00fcste kulland\u0131klar\u0131n\u0131 ve bunlar\u0131 denemeye ba\u015flad\u0131klar\u0131n\u0131 hat\u0131rlatarak,\u00a0<strong>&#8220;\u015eu anda testleri de tamamland\u0131\u011f\u0131 i\u00e7in art\u0131k seri \u00fcretime ge\u00e7meye haz\u0131r\u0131z. Yine bu kapsamda \u015fehir i\u00e7inde kullan\u0131labilecek elektrikli \u00e7eki\u015f sistemine sahip \u00e7\u00f6p kamyonuyla ilgili de \u00e7al\u0131\u015fmalara ba\u015flad\u0131k. K\u0131sa bir s\u00fcre sonra da bu faaliyete ge\u00e7ecek.&#8221;<\/strong>\u00a0dedi.<\/p>\n<p><strong>OTONOM OTOB\u00dcSLERE HAZIR OLUN<\/strong><\/p>\n<p>Arac\u0131n i\u00e7erisinde olmazsa olmazlardan birinin de kontrol birimleri oldu\u011funu aktaran Top\u00e7u,<strong>\u00a0&#8220;Kontrol birimleri de bizim geli\u015ftirdi\u011fimiz askeri ara\u00e7larda kulland\u0131\u011f\u0131m\u0131z birimler. Bu birimleri de sivil alana ta\u015f\u0131d\u0131k. \u015eimdi bu birimlere ak\u0131l katmaya s\u0131ra geldi. Ak\u0131l katmak her t\u00fcrl\u00fc arac\u0131n otonom s\u00fcr\u00fc\u015f kabiliyetleriyle donat\u0131lmas\u0131 demek. Birka\u00e7 de\u011fi\u015fik proje kapsam\u0131nda bu faaliyetlere de ba\u015fl\u0131yoruz.&#8221;\u00a0<\/strong>diye konu\u015ftu.<\/p>\n<p>Top\u00e7u, bu projeler sonland\u0131\u011f\u0131nda T\u00fcrkiye&#8217;deki otob\u00fcslerin, kamyonlar\u0131n ve askeri ara\u00e7lar\u0131n de\u011fi\u015fik otonom \u00f6zellikler kazanabilece\u011fini ifade etti.<\/p>\n<\/div>\n","protected":false},"excerpt":{"rendered":"<p>ASELSAN yerli elektrik motoru \u00fcretti. Motorun kullan\u0131ld\u0131\u011f\u0131 bir de otob\u00fcs \u00fcretildi ve bu otob\u00fcs 10 dakikada \u015farj olabiliyor. ASELSAN Elektrikli Ara\u00e7 Sistemleri Program M\u00fcd\u00fcr\u00fc Ali Murat Top\u00e7u, toplu ula\u015f\u0131m i\u00e7in TEMSA\u00a0ile elektrikli otob\u00fcs\u00a0geli\u015ftirdiklerini, 8-10 dakikada \u015farj olabilen arac\u0131n ilk iki prototipinin haz\u0131r oldu\u011funu belirtti. Top\u00e7u,\u00a0&#8220;\u015earj i\u00e7in beklemeler olmuyor ve bu arac\u0131n k\u0131sa zamanda belediyelerimiz taraf\u0131ndan [&hellip;]<\/p>\n","protected":false},"author":1,"featured_media":12326,"comment_status":"open","ping_status":"open","sticky":false,"template":"","format":"standard","meta":{"ngg_post_thumbnail":0},"categories":[5215],"tags":[11225,106,2248,316,4714,7003],"_links":{"self":[{"href":"https:\/\/emlaktuel.com\/index.php?rest_route=\/wp\/v2\/posts\/12325"}],"collection":[{"href":"https:\/\/emlaktuel.com\/index.php?rest_route=\/wp\/v2\/posts"}],"about":[{"href":"https:\/\/emlaktuel.com\/index.php?rest_route=\/wp\/v2\/types\/post"}],"author":[{"embeddable":true,"href":"https:\/\/emlaktuel.com\/index.php?rest_route=\/wp\/v2\/users\/1"}],"replies":[{"embeddable":true,"href":"https:\/\/emlaktuel.com\/index.php?rest_route=%2Fwp%2Fv2%2Fcomments&post=12325"}],"version-history":[{"count":1,"href":"https:\/\/emlaktuel.com\/index.php?rest_route=\/wp\/v2\/posts\/12325\/revisions"}],"predecessor-version":[{"id":12327,"href":"https:\/\/emlaktuel.com\/index.php?rest_route=\/wp\/v2\/posts\/12325\/revisions\/12327"}],"wp:featuredmedia":[{"embeddable":true,"href":"https:\/\/emlaktuel.com\/index.php?rest_route=\/wp\/v2\/media\/12326"}],"wp:attachment":[{"href":"https:\/\/emlaktuel.com\/index.php?rest_route=%2Fwp%2Fv2%2Fmedia&parent=12325"}],"wp:term":[{"taxonomy":"category","embeddable":true,"href":"https:\/\/emlaktuel.com\/index.php?rest_route=%2Fwp%2Fv2%2Fcategories&post=12325"},{"taxonomy":"post_tag","embeddable":true,"href":"https:\/\/emlaktuel.com\/index.php?rest_route=%2Fwp%2Fv2%2Ftags&post=12325"}],"curies":[{"name":"wp","href":"https:\/\/api.w.org\/{rel}","templated":true}]}}