{"id":12244,"date":"2017-03-15T17:39:15","date_gmt":"2017-03-15T14:39:15","guid":{"rendered":"http:\/\/emlaktuel.com\/?p=12244"},"modified":"2018-07-05T16:11:35","modified_gmt":"2018-07-05T13:11:35","slug":"insaat-malzemeleri-birlesik-endeksi-yeniden-artisa-gecti","status":"publish","type":"post","link":"https:\/\/emlaktuel.com\/?p=12244","title":{"rendered":"\u0130n\u015faat malzemeleri birle\u015fik endeksi yeniden art\u0131\u015fa ge\u00e7ti"},"content":{"rendered":"<p><img loading=\"lazy\" class=\"alignleft size-full wp-image-12245\" src=\"http:\/\/emlaktuel.com\/wp-content\/uploads\/2017\/03\/1489587629_Turkiye_imsad_logo.jpg\" alt=\"1489587629_Turkiye_imsad_logo\" width=\"2882\" height=\"1264\" \/><\/p>\n<p><strong><u>\u0130n\u015faat Malzemeleri Sanayi Bile\u015fik Endeksi \u015eubat ay\u0131 sonu\u00e7lar\u0131 a\u00e7\u0131kland\u0131:<\/u><\/strong><\/p>\n<p><strong>\u0130N\u015eAAT MALZEMELER\u0130 SANAY\u0130 B\u0130LE\u015e\u0130K ENDEKS\u0130<\/strong><\/p>\n<p><strong>YEN\u0130DEN ARTI\u015eA GE\u00c7T\u0130<\/strong><\/p>\n<h4><strong>\u0130n\u015faat Malzemeleri Sanayi Bile\u015fik Endeksi, ge\u00e7en a\u011fustos ay\u0131ndan bu yana ilk kez \u015fubat ay\u0131nda y\u00fckseli\u015f g\u00f6sterdi. Bile\u015fik Endeks, ge\u00e7en y\u0131l\u0131n \u015fubat ay\u0131na g\u00f6re 6,91 puan gerilerken, bir \u00f6nceki aya g\u00f6re 1,25 puan artt\u0131. Bu art\u0131\u015fta her \u00fc\u00e7 alt endeksteki y\u00fckselme etkili oldu.<\/strong><\/h4>\n<h4>T\u00fcrkiye \u0130n\u015faat Malzemesi Sanayicileri Derne\u011fi (T\u00fcrkiye \u0130MSAD) taraf\u0131ndan her ay d\u00fczenli olarak yay\u0131nlanan \u0130n\u015faat Malzemeleri Sanayi Bile\u015fik Endeksi\u2019nin \u015fubat ay\u0131 anketi sonu\u00e7lar\u0131 a\u00e7\u0131kland\u0131. Bile\u015fik Endeks, 2016\u2019n\u0131n A\u011fustos ay\u0131ndan bu yana ilk kez art\u0131\u015fa ge\u00e7ti. Bile\u015fik Endeks, bir \u00f6nceki aya g\u00f6re 1,25 puan art\u0131\u015f g\u00f6stermesine kar\u015f\u0131n, ge\u00e7en y\u0131l\u0131n \u015fubat ay\u0131na g\u00f6re 6,91 puan geriledi. \u0130n\u015faat malzemesi sanayinde faaliyetler de \u015fubat ay\u0131nda beklentilerin \u00fczerinde ger\u00e7ekle\u015fti. Faaliyetlerinde, g\u00fcven ve beklentilerle birlikte art\u0131\u015f ya\u015fan\u0131rken, ekonomiye ve sekt\u00f6re verilen desteklerin iyile\u015fmeyi destekledi\u011fi g\u00f6r\u00fcld\u00fc. G\u00fcven endeksinde uzun s\u00fcre sonra ya\u015fanan art\u0131\u015f, g\u00fcvende iyile\u015fmeye i\u015faret ederken, beklenti endeksinde \u00f6n\u00fcm\u00fczdeki \u00fc\u00e7 aya ili\u015fkin, \u00f6zellikle faaliyetlerde kuvvetli toparlanma beklentisi g\u00f6r\u00fcld\u00fc.<\/h4>\n<h4>\u0130n\u015faat ve konut sekt\u00f6r\u00fcne y\u00f6nelik verilen desteklerin in\u015faat malzemesi sanayinin faaliyetleri ile g\u00fcven ve beklentileri \u00fczerindeki olumlu etkileri \u015fubat ay\u0131nda hissedilmeye ba\u015fland\u0131. Rapora g\u00f6re, referandum \u00f6ncesine kadar olan d\u00f6nemde mevsimsellik etkileri ile de temkinli bir iyile\u015fmenin s\u00fcrmesi bekleniyor.<\/h4>\n<h4><strong>Faaliyetler, beklentilerin \u00fczerinde ger\u00e7ekle\u015fti<\/strong><\/h4>\n<h4>Referandum \u00f6ncesi olu\u015fan bekle-g\u00f6r d\u00f6nemine ra\u011fmen sekt\u00f6re verilen destekler ile birlikte faaliyetlerde toparlanma ya\u015fan\u0131yor. \u015eubat ay\u0131 faaliyet endeksinde bir \u00f6nceki aya g\u00f6re toparlanma ya\u015fan\u0131rken, faaliyetler mevsimsellik etkisine ra\u011fmen beklentilerin \u00fczerinde ger\u00e7ekle\u015fti. Faaliyet endeksinde \u015fubat ay\u0131nda \u00f6zellikle i\u00e7 sat\u0131\u015flar, ihracat, \u00fcretim ve ciroda art\u0131\u015flar ya\u015fan\u0131rken, in\u015faat sekt\u00f6r\u00fc i\u00e7in a\u00e7\u0131klanan desteklerin de malzeme sanayinin faaliyetlerine yans\u0131d\u0131\u011f\u0131 g\u00f6r\u00fcld\u00fc.<\/h4>\n<h4>Faaliyet endeksi \u015fubat ay\u0131nda 1,6 puan artarken, ge\u00e7en y\u0131l \u015fubat ay\u0131n\u0131n ise 5,2 puan alt\u0131nda kald\u0131. \u015eubat ay\u0131nda faaliyetlerin tamam\u0131nda art\u0131\u015flar ya\u015fan\u0131rken, yurti\u00e7i sat\u0131\u015flarda ve ihracatta bir \u00f6nceki aya g\u00f6re \u00f6nemli bir art\u0131\u015f kaydedildi. \u00dcretim de i\u00e7 sat\u0131\u015flar ve ihracattaki art\u0131\u015fa ba\u011fl\u0131 artt\u0131. \u0130\u00e7 sat\u0131\u015flar ve ihracattaki art\u0131\u015f ile cirolarda da \u00f6nemli bir art\u0131\u015f ger\u00e7ekle\u015fti.<\/h4>\n<h4><strong>G\u00fcvende iyile\u015fme, faaliyetleri de destekliyor<\/strong><\/h4>\n<h4>G\u00fcven Endeksi\u2019nde \u015fubat ay\u0131nda uzun s\u00fcredir ya\u015fanan gerileme durdu ve s\u0131n\u0131rl\u0131 bir art\u0131\u015f g\u00f6r\u00fcld\u00fc. Temmuz ay\u0131ndan itibaren ba\u015flayan g\u00fcven kayb\u0131nda \u015fimdilik sona gelindi\u011fi ve T\u00fcrkiye ekonomisinin genel gidi\u015fat\u0131na ili\u015fkin g\u00fcvenin uzun s\u00fcre sonra ilk kez artt\u0131\u011f\u0131 g\u00f6r\u00fcld\u00fc. Ayr\u0131ca ekonomide al\u0131nan \u00f6nlemler ve sekt\u00f6rlere y\u00f6nelik destekler ile birlikte faaliyetlerde ya\u015fanan toparlanma g\u00fcvene de olumlu yans\u0131d\u0131. G\u00fcven seviyesinin bir \u00f6nceki aya g\u00f6re 0,4 puan artarken, ge\u00e7en y\u0131l\u0131n ayn\u0131 ay\u0131n\u0131n 9,5 puan alt\u0131nda kald\u0131. \u0130n\u015faat malzemeleri sanayine y\u00f6nelik g\u00fcven toparlanma g\u00f6sterirken, yurti\u00e7i pazara y\u00f6nelik g\u00fcven ise kuvvetli bir art\u0131\u015f g\u00f6r\u00fcld\u00fc. \u0130hracat pazara y\u00f6nelik g\u00fcven de ayn\u0131 \u015fekilde artt\u0131. G\u00fcven unsurlar\u0131n\u0131n tamam\u0131nda uzun s\u00fcre sonra ilk kez birlikte ya\u015fanan toparlanma \u00f6n\u00fcm\u00fczdeki d\u00f6nem i\u00e7in umut verdi.<\/h4>\n<h4><strong>Gelecek \u00fc\u00e7 aya ili\u015fkin beklentiler olumlu<\/strong><\/h4>\n<h4>\u015eubat ay\u0131nda, Beklenti Endeksi\u2019nin 7 ay sonra ilk kez artmas\u0131yla faaliyetlerde ya\u015fanan toparlanma ve al\u0131nan \u00f6nlemler ile birlikte ya\u015fanan g\u00fcven art\u0131\u015f\u0131 beklentilere olumlu yans\u0131d\u0131. \u015eubat ay\u0131nda bir \u00f6nceki aya g\u00f6re 1,7 puan artan Beklenti Endeksi, ge\u00e7en y\u0131l\u0131n ayn\u0131 d\u00f6neminin 3,7 puan alt\u0131nda kald\u0131. T\u00fcrkiye ekonomisine ili\u015fkin beklentilerde uzun s\u00fcre sonra art\u0131\u015f g\u00f6zlenirken, in\u015faat malzemeleri sanayine ili\u015fkin beklentiler ve \u00f6n\u00fcm\u00fczdeki \u00fc\u00e7 aya ili\u015fkin al\u0131nan yurti\u00e7i sipari\u015fleri de \u015fubat ay\u0131nda \u00f6nemli oranda artt\u0131. \u00d6n\u00fcm\u00fczdeki \u00fc\u00e7 aya ili\u015fkin al\u0131nan ihracat sipari\u015flerinde de kuvvetli bir art\u0131\u015f oldu. Yurti\u00e7i ve yurtd\u0131\u015f\u0131 sipari\u015flerdeki art\u0131\u015f beklentisine ba\u011fl\u0131 olarak \u00f6n\u00fcm\u00fczdeki \u00fc\u00e7 ay\u0131n \u00fcretim beklentisinde de hissedilir bir art\u0131\u015f ortaya \u00e7\u0131kard\u0131.<\/h4>\n<p>1489587623_T__rkiye___MSAD_Endeks_Raporu_Sayi27<\/p>\n","protected":false},"excerpt":{"rendered":"<p>\u0130n\u015faat Malzemeleri Sanayi Bile\u015fik Endeksi \u015eubat ay\u0131 sonu\u00e7lar\u0131 a\u00e7\u0131kland\u0131: \u0130N\u015eAAT MALZEMELER\u0130 SANAY\u0130 B\u0130LE\u015e\u0130K ENDEKS\u0130 YEN\u0130DEN ARTI\u015eA GE\u00c7T\u0130 \u0130n\u015faat Malzemeleri Sanayi Bile\u015fik Endeksi, ge\u00e7en a\u011fustos ay\u0131ndan bu yana ilk kez \u015fubat ay\u0131nda y\u00fckseli\u015f g\u00f6sterdi. Bile\u015fik Endeks, ge\u00e7en y\u0131l\u0131n \u015fubat ay\u0131na g\u00f6re 6,91 puan gerilerken, bir \u00f6nceki aya g\u00f6re 1,25 puan artt\u0131. Bu art\u0131\u015fta her \u00fc\u00e7 alt [&hellip;]<\/p>\n","protected":false},"author":1,"featured_media":12245,"comment_status":"open","ping_status":"open","sticky":false,"template":"","format":"standard","meta":{"ngg_post_thumbnail":0},"categories":[26],"tags":[11364,11148,67,8715,1258,11159,316,11539],"_links":{"self":[{"href":"https:\/\/emlaktuel.com\/index.php?rest_route=\/wp\/v2\/posts\/12244"}],"collection":[{"href":"https:\/\/emlaktuel.com\/index.php?rest_route=\/wp\/v2\/posts"}],"about":[{"href":"https:\/\/emlaktuel.com\/index.php?rest_route=\/wp\/v2\/types\/post"}],"author":[{"embeddable":true,"href":"https:\/\/emlaktuel.com\/index.php?rest_route=\/wp\/v2\/users\/1"}],"replies":[{"embeddable":true,"href":"https:\/\/emlaktuel.com\/index.php?rest_route=%2Fwp%2Fv2%2Fcomments&post=12244"}],"version-history":[{"count":1,"href":"https:\/\/emlaktuel.com\/index.php?rest_route=\/wp\/v2\/posts\/12244\/revisions"}],"predecessor-version":[{"id":12247,"href":"https:\/\/emlaktuel.com\/index.php?rest_route=\/wp\/v2\/posts\/12244\/revisions\/12247"}],"wp:featuredmedia":[{"embeddable":true,"href":"https:\/\/emlaktuel.com\/index.php?rest_route=\/wp\/v2\/media\/12245"}],"wp:attachment":[{"href":"https:\/\/emlaktuel.com\/index.php?rest_route=%2Fwp%2Fv2%2Fmedia&parent=12244"}],"wp:term":[{"taxonomy":"category","embeddable":true,"href":"https:\/\/emlaktuel.com\/index.php?rest_route=%2Fwp%2Fv2%2Fcategories&post=12244"},{"taxonomy":"post_tag","embeddable":true,"href":"https:\/\/emlaktuel.com\/index.php?rest_route=%2Fwp%2Fv2%2Ftags&post=12244"}],"curies":[{"name":"wp","href":"https:\/\/api.w.org\/{rel}","templated":true}]}}