{"id":12192,"date":"2017-03-15T11:28:08","date_gmt":"2017-03-15T08:28:08","guid":{"rendered":"http:\/\/emlaktuel.com\/?p=12192"},"modified":"2018-07-05T16:11:06","modified_gmt":"2018-07-05T13:11:06","slug":"turk-muhedislerin-urettigi-akilli-oda-termostati-dunya-sahnesinde","status":"publish","type":"post","link":"https:\/\/emlaktuel.com\/?p=12192","title":{"rendered":"T\u00fcrk m\u00fchedislerin \u00fcretti\u011fi ak\u0131ll\u0131 oda termostat\u0131 d\u00fcnya sahnesinde"},"content":{"rendered":"<h2><img loading=\"lazy\" class=\" wp-image-12193 aligncenter\" src=\"http:\/\/emlaktuel.com\/wp-content\/uploads\/2017\/03\/1489562966_cosa_lifestyle.jpg\" alt=\"ak\u0131ll\u0131 oda termostat\u0131 cosa_lifestyle\" width=\"533\" height=\"289\" \/><\/h2>\n<h2>T\u00fcrk M\u00fchendisler Taraf\u0131ndan \u00dcretilen Ak\u0131ll\u0131 Oda Termostat\u0131 COSA, ISH 2017 Fuar\u0131nda D\u00fcnya Sahnesinde<\/h2>\n<h4>Avrupa\u2019ya a\u00e7\u0131lma hedefleri do\u011frultusunda T\u00fcrkiye\u2019nin ilk ve tek yerli Ak\u0131ll\u0131 Oda Termostat\u0131 Cosa, pazar liderlerini Almanya\u2019da bulu\u015fturan, d\u00fcnyan\u0131n \u00f6nde gelen iklimlendirme fuar\u0131 ISH 2017&#8217;de yerini ald\u0131.<\/h4>\n<p>T\u00fcrkiye\u2019de ak\u0131ll\u0131 ev cihazlar\u0131n\u0131n \u00f6nc\u00fclerinden Cosa, enerji t\u00fcketiminde tasarruf sa\u011flayan teknolojiler bar\u0131nd\u0131r\u0131yor. Cosa bu \u00f6zellikleri ile, sekt\u00f6r a\u00e7\u0131s\u0131ndan d\u00fcnyan\u0131n \u00f6nc\u00fc fuar\u0131 olan ISH 2017&#8217;de, ak\u0131ll\u0131 binalar, enerji tasarrufu, ve buna ba\u011fl\u0131 teknolojilerin sergilenece\u011fi alanda yerini ald\u0131.<\/p>\n<p>Cosa, 14-18 Mart 2017 tarihleri aras\u0131nda Almanya&#8217;n\u0131n Frankfurt \u015fehrinde ger\u00e7ekle\u015fecek fuarda, Hall 10.1 B89&#8217;de \u00fcr\u00fcnlerini d\u00fcnyaya tan\u0131t\u0131yor.<\/p>\n<p><img loading=\"lazy\" class=\" wp-image-12194 aligncenter\" src=\"http:\/\/emlaktuel.com\/wp-content\/uploads\/2017\/03\/1489562920_Cosa_ISH_1.jpg\" alt=\"Cosa_ISH_1\" width=\"489\" height=\"391\" \/><\/p>\n<p><img loading=\"lazy\" class=\" wp-image-12195 aligncenter\" src=\"http:\/\/emlaktuel.com\/wp-content\/uploads\/2017\/03\/1489562945_Cosa_g__rsel.jpg\" alt=\"1489562945_Cosa_g__rsel\" width=\"563\" height=\"390\" \/> <img loading=\"lazy\" class=\" wp-image-12196 aligncenter\" src=\"http:\/\/emlaktuel.com\/wp-content\/uploads\/2017\/03\/1489562948_cosa_home.jpg\" alt=\"1489562948_cosa_home\" width=\"507\" height=\"328\" \/><\/p>\n<p><strong>Cosa Kurucu Orta\u011f\u0131 Cem G\u00fcl konu ile ilgili olarak,<\/strong> &#8220;2013\u2019te ba\u015flayarak, geli\u015ftirdi\u011fimiz ve geli\u015ftirmekte oldu\u011fumuz t\u00fcm \u00fcr\u00fcnler, ak\u0131ll\u0131 \u00f6zellikleriyle enerjiyi verimli kullanarak hem tasarruf sa\u011fl\u0131yor hem de hayatlar\u0131m\u0131z\u0131 kolayla\u015ft\u0131r\u0131yor. Cosa olarak tasarruf konusunda yaratt\u0131\u011f\u0131m\u0131z fark\u0131ndal\u0131kla h\u0131zla b\u00fcy\u00fcyoruz. D\u00fcnyan\u0131n \u00f6nde gelen fuarlar\u0131ndan biri olan ISH 2017&#8217;ye hem partner \u00fclke olarak<i>, <\/i>hem de y\u00fczde y\u00fcz yerli bir marka olarak kat\u0131lmam\u0131z gurur verici.<i> <\/i>Cosa hem T\u00fcrkiye hem de benzer altyap\u0131y\u0131 kullanan t\u00fcm \u00fclkelerle uyumlu ve \u00e7ok yak\u0131n bir zamanda Avrupa\u2019daki altyap\u0131 ile de uyumlu hale gelecek. \u015eu an uyumlu oldu\u011fumuz \u0130spanya, \u0130talya, Bel\u00e7ika, Kazakistan, \u0130ran ve Azerbaycan gibi baz\u0131 \u00fclkelerde pilot \u00e7al\u0131\u015fmalar\u0131m\u0131z ba\u015flad\u0131. 2017 y\u0131l\u0131 hedeflerimiz olduk\u00e7a b\u00fcy\u00fck&#8221; dedi.<\/p>\n<p><strong><u>Cosa Hakk\u0131nda:<\/u><\/strong><\/p>\n<p>T\u00fcrkiye\u2019de ak\u0131ll\u0131 ev cihazlar\u0131n\u0131n \u00f6nc\u00fclerinden Nuvia\u2019n\u0131n \u00fcretti\u011fi Cosa, ak\u0131ll\u0131 bir oda termostat\u0131d\u0131r. Evinizin ak\u0131ll\u0131 asistan\u0131 olma \u00f6zelli\u011fini ta\u015f\u0131yan Cosa, kombi ve klimalara ba\u011fl\u0131 \u00e7al\u0131\u015farak, kendinizi en konforlu hissetti\u011finiz s\u0131cakl\u0131k ayarlar\u0131n\u0131, cep telefonlar\u0131 ile evden veya d\u0131\u015far\u0131dan kontrol alt\u0131nda tutman\u0131z\u0131 sa\u011flar ve size enerji tasarrufu sa\u011flar. Klima Cosa ile yaz \u2013 k\u0131\u015f evinizin s\u0131cakl\u0131\u011f\u0131n\u0131 tek uygulama ve tek cihaz \u00fczerinden kontrol edebilirsiniz.<\/p>\n<p><strong><u>Cosa\u2019y\u0131 Takip Edin:<\/u><\/strong><\/p>\n<p>Web: <a href=\"http:\/\/www.cosa.com.tr\/\" target=\"_blank\" data-saferedirecturl=\"https:\/\/www.google.com\/url?hl=tr&amp;q=http:\/\/www.cosa.com.tr\/&amp;source=gmail&amp;ust=1489652399513000&amp;usg=AFQjCNFlZXeoDPHyoPrQjHI54lLX6v3LDw\">www.cosa.com.tr<\/a><\/p>\n<p>Facebook: <a href=\"https:\/\/www.facebook.com\/cosatermostat\" target=\"_blank\" data-saferedirecturl=\"https:\/\/www.google.com\/url?hl=tr&amp;q=https:\/\/www.facebook.com\/cosatermostat&amp;source=gmail&amp;ust=1489652399513000&amp;usg=AFQjCNEQcSVAxXPG37gIpNSCU0yxtjCuUA\">https:\/\/www.facebook.com\/<wbr \/>cosatermostat<\/a><\/p>\n<p>Twitter: @CosaTermostat<\/p>\n<p>Instagram:<strong> @<\/strong>cosatermostat<\/p>\n<p>Youtube: Cosa Ak\u0131ll\u0131 Kombi Kiti<\/p>\n","protected":false},"excerpt":{"rendered":"<p>T\u00fcrk M\u00fchendisler Taraf\u0131ndan \u00dcretilen Ak\u0131ll\u0131 Oda Termostat\u0131 COSA, ISH 2017 Fuar\u0131nda D\u00fcnya Sahnesinde Avrupa\u2019ya a\u00e7\u0131lma hedefleri do\u011frultusunda T\u00fcrkiye\u2019nin ilk ve tek yerli Ak\u0131ll\u0131 Oda Termostat\u0131 Cosa, pazar liderlerini Almanya\u2019da bulu\u015fturan, d\u00fcnyan\u0131n \u00f6nde gelen iklimlendirme fuar\u0131 ISH 2017&#8217;de yerini ald\u0131. T\u00fcrkiye\u2019de ak\u0131ll\u0131 ev cihazlar\u0131n\u0131n \u00f6nc\u00fclerinden Cosa, enerji t\u00fcketiminde tasarruf sa\u011flayan teknolojiler bar\u0131nd\u0131r\u0131yor. Cosa bu \u00f6zellikleri ile, [&hellip;]<\/p>\n","protected":false},"author":1,"featured_media":0,"comment_status":"open","ping_status":"open","sticky":false,"template":"","format":"standard","meta":{"ngg_post_thumbnail":0},"categories":[26],"tags":[11593,6942,6943,6944,5074,6945,258,11243,6946,1697],"_links":{"self":[{"href":"https:\/\/emlaktuel.com\/index.php?rest_route=\/wp\/v2\/posts\/12192"}],"collection":[{"href":"https:\/\/emlaktuel.com\/index.php?rest_route=\/wp\/v2\/posts"}],"about":[{"href":"https:\/\/emlaktuel.com\/index.php?rest_route=\/wp\/v2\/types\/post"}],"author":[{"embeddable":true,"href":"https:\/\/emlaktuel.com\/index.php?rest_route=\/wp\/v2\/users\/1"}],"replies":[{"embeddable":true,"href":"https:\/\/emlaktuel.com\/index.php?rest_route=%2Fwp%2Fv2%2Fcomments&post=12192"}],"version-history":[{"count":1,"href":"https:\/\/emlaktuel.com\/index.php?rest_route=\/wp\/v2\/posts\/12192\/revisions"}],"predecessor-version":[{"id":12197,"href":"https:\/\/emlaktuel.com\/index.php?rest_route=\/wp\/v2\/posts\/12192\/revisions\/12197"}],"wp:attachment":[{"href":"https:\/\/emlaktuel.com\/index.php?rest_route=%2Fwp%2Fv2%2Fmedia&parent=12192"}],"wp:term":[{"taxonomy":"category","embeddable":true,"href":"https:\/\/emlaktuel.com\/index.php?rest_route=%2Fwp%2Fv2%2Fcategories&post=12192"},{"taxonomy":"post_tag","embeddable":true,"href":"https:\/\/emlaktuel.com\/index.php?rest_route=%2Fwp%2Fv2%2Ftags&post=12192"}],"curies":[{"name":"wp","href":"https:\/\/api.w.org\/{rel}","templated":true}]}}