{"id":12185,"date":"2017-03-15T11:24:21","date_gmt":"2017-03-15T08:24:21","guid":{"rendered":"http:\/\/emlaktuel.com\/?p=12185"},"modified":"2018-07-05T16:11:02","modified_gmt":"2018-07-05T13:11:02","slug":"kalite-dendiginde-ilk-akla-gelen-v-zug-ayt-home-catisi-altinda","status":"publish","type":"post","link":"https:\/\/emlaktuel.com\/?p=12185","title":{"rendered":"Kalite dendi\u011finde ilk akla gelen V-ZUG, AYT Home \u00e7at\u0131s\u0131 alt\u0131nda"},"content":{"rendered":"<h4><strong>Kalite dendi\u011finde akla gelen ilk markalar aras\u0131nda yer alan V-ZUG, AYT Home \u00e7at\u0131s\u0131 alt\u0131nda, mutfakta tarz\u0131n\u0131 sonuna kadar hissettiren kullan\u0131c\u0131lar ile bulu\u015fuyor.<\/strong><\/h4>\n<h4><strong>D\u00fcnyaca \u00fcnl\u00fc mutfak ve mutfak \u00fcr\u00fcnleri markalar\u0131n\u0131 tek bir \u00e7at\u0131 alt\u0131nda toplayan AYT Home, \u00fcst\u00fcn \u00f6zellikli V-ZUG mutfak \u00fcr\u00fcnleri ile Ayr\u0131cal\u0131kl\u0131 Ya\u015fam Tarz\u0131\u2019n\u0131 sonuna kadar hissettiriyor.<\/strong><\/h4>\n<h4>Sekt\u00f6r\u00fcnde \u0130svi\u00e7re&#8217;nin lider markas\u0131 V-ZUG; fonksiyonel \u00e7ekmeceleri, modern set \u00fcst\u00fc ocaklar\u0131, \u00fcst\u00fcn \u00f6zellikli bula\u015f\u0131k makineleri, g\u00fc\u00e7l\u00fc davlumbazlar\u0131 ile y\u00fcksek performans ve mutfaklar i\u00e7in s\u0131n\u0131rs\u0131z kombinasyon olana\u011f\u0131 sunuyor. Ayr\u0131cal\u0131klar d\u00fcnyas\u0131n\u0131n en g\u00f6zde markalar\u0131ndan olan V-ZUG, 2016\u2019da ald\u0131\u011f\u0131, tasar\u0131m d\u00fcnyas\u0131n\u0131n en prestijli \u00f6d\u00fcllerinden iF Design Award ile kalitesini ve ba\u015far\u0131s\u0131n\u0131 ta\u00e7land\u0131rd\u0131.<\/h4>\n<h4><img loading=\"lazy\" class=\"wp-image-12186 aligncenter\" src=\"http:\/\/emlaktuel.com\/wp-content\/uploads\/2017\/03\/1489564731_9.jpg\" alt=\"V-ZUG\" width=\"546\" height=\"332\" \/><\/h4>\n<h4><strong>Hem \u015f\u0131k hem i\u015flevsel\u2026<\/strong><\/h4>\n<h4>V-ZUG, t\u00fcm \u00fcr\u00fcnlerinde her zaman en y\u00fcksek verimlili\u011fi sa\u011flayan ve inovatif \u00fcretici kimli\u011fiyle kendi alan\u0131nda pek \u00e7ok ilke imza atarak \u00f6nc\u00fcl\u00fck ediyor. \u0130\u015flevsellik ve zarafeti bir arada sundu\u011fu f\u0131r\u0131n, buharl\u0131 f\u0131r\u0131n, mikrodalga f\u0131r\u0131nlar\u0131 ile mutfaktaki her ihtiyaca en kaliteli ve \u015f\u0131k \u00e7\u00f6z\u00fcm\u00fc sunmay\u0131 ama\u00e7layan V-ZUG, tasar\u0131m\u0131n sadece d\u0131\u015f g\u00f6r\u00fcn\u00fc\u015ften ibaret olmad\u0131\u011f\u0131n\u0131 da hissettiriyor.<\/h4>\n<h4>AYT Home \u00e7at\u0131s\u0131 alt\u0131nda kullan\u0131c\u0131lar ile bulu\u015fan V-ZUG, yepyeni bir d\u00fcnyan\u0131n kap\u0131lar\u0131n\u0131 a\u00e7\u0131yor ve mutfaklara adeta sihirli bir dokunu\u015f yap\u0131yor.<\/h4>\n<p><img loading=\"lazy\" class=\"alignleft size-full wp-image-12187\" src=\"http:\/\/emlaktuel.com\/wp-content\/uploads\/2017\/03\/1489564708_Supremo_XSL_Milch_coated300.jpg\" alt=\"V-ZUG\" width=\"1000\" height=\"782\" \/> <img loading=\"lazy\" class=\"alignleft size-full wp-image-12188\" src=\"http:\/\/emlaktuel.com\/wp-content\/uploads\/2017\/03\/1489564712_2.jpg\" alt=\"1489564712_2\" width=\"4336\" height=\"3017\" \/> <img loading=\"lazy\" class=\"alignleft size-full wp-image-12189\" src=\"http:\/\/emlaktuel.com\/wp-content\/uploads\/2017\/03\/1489564721_V_ZUG_REFRESH_BUTLER_3_1200x948.jpg\" alt=\"1489564721_V_ZUG_REFRESH_BUTLER_3_1200x948\" width=\"1200\" height=\"948\" \/> <img loading=\"lazy\" class=\"size-full wp-image-12190 aligncenter\" src=\"http:\/\/emlaktuel.com\/wp-content\/uploads\/2017\/03\/1489564722_teaser_vakuumierschublade.jpg\" alt=\"1489564722_teaser_vakuumierschublade\" width=\"622\" height=\"415\" \/><\/p>\n<h4><strong>AYT HOME hakk\u0131nda:<\/strong><\/h4>\n<h4>AYT Home, Dubai ve Houston merkezli AYT Group of Companies\u2019in bir kurulu\u015fudur. AYT Home, uluslararas\u0131 kalite ve dizayn \u00f6d\u00fcll\u00fc mutfak markalar\u0131n\u0131n kullan\u0131m\u0131 ile ankastre mutfak projelerini, buzdolab\u0131ndan f\u0131r\u0131nlara, ocaklardan havaland\u0131rmalara, elektrikli mutfak cihazlar\u0131ndan kahve makinelerine batarya ve armat\u00fcrlere kadar uzanan \u00fcr\u00fcn zenginli\u011fi ile tek \u00e7at\u0131 alt\u0131nda \u00e7\u00f6z\u00fcm \u00fcretmektedir.<\/h4>\n<h4>B\u00fcnye dahilinde olan markalar\u0131n tamam\u0131 d\u00fcnyaca bilinirli\u011fi olan ve teknoloji harikalar\u0131 olarak adland\u0131r\u0131lan kategorilerde yer almaktad\u0131r.<\/h4>\n<h4>G\u00fcn\u00fcm\u00fczde, AYT Home;* Siematic * Rational * V-Zug * Liebherr * Steel * Jura * DornBracht markalar\u0131 ile sekt\u00f6r\u00fcn ihtiya\u00e7lar\u0131na hizmet ekibi ile \u00e7\u00f6z\u00fcmler sa\u011flamaktad\u0131r.<\/h4>\n<h4><a href=\"http:\/\/www.aytcompanies.com\/about-us\/\" target=\"_blank\" data-saferedirecturl=\"https:\/\/www.google.com\/url?hl=tr&amp;q=http:\/\/www.aytcompanies.com\/about-us\/&amp;source=gmail&amp;ust=1489652280715000&amp;usg=AFQjCNFiVpwYMNGOevkOssdymrKzjebtuQ\">http:\/\/www.aytcompanies.com\/<wbr \/>about-us\/<\/a><\/h4>\n","protected":false},"excerpt":{"rendered":"<p>Kalite dendi\u011finde akla gelen ilk markalar aras\u0131nda yer alan V-ZUG, AYT Home \u00e7at\u0131s\u0131 alt\u0131nda, mutfakta tarz\u0131n\u0131 sonuna kadar hissettiren kullan\u0131c\u0131lar ile bulu\u015fuyor. D\u00fcnyaca \u00fcnl\u00fc mutfak ve mutfak \u00fcr\u00fcnleri markalar\u0131n\u0131 tek bir \u00e7at\u0131 alt\u0131nda toplayan AYT Home, \u00fcst\u00fcn \u00f6zellikli V-ZUG mutfak \u00fcr\u00fcnleri ile Ayr\u0131cal\u0131kl\u0131 Ya\u015fam Tarz\u0131\u2019n\u0131 sonuna kadar hissettiriyor. Sekt\u00f6r\u00fcnde \u0130svi\u00e7re&#8217;nin lider markas\u0131 V-ZUG; fonksiyonel \u00e7ekmeceleri, [&hellip;]<\/p>\n","protected":false},"author":1,"featured_media":0,"comment_status":"open","ping_status":"open","sticky":false,"template":"","format":"standard","meta":{"ngg_post_thumbnail":0},"categories":[223],"tags":[6941,6940,258,11288,11216,106,6939,75],"_links":{"self":[{"href":"https:\/\/emlaktuel.com\/index.php?rest_route=\/wp\/v2\/posts\/12185"}],"collection":[{"href":"https:\/\/emlaktuel.com\/index.php?rest_route=\/wp\/v2\/posts"}],"about":[{"href":"https:\/\/emlaktuel.com\/index.php?rest_route=\/wp\/v2\/types\/post"}],"author":[{"embeddable":true,"href":"https:\/\/emlaktuel.com\/index.php?rest_route=\/wp\/v2\/users\/1"}],"replies":[{"embeddable":true,"href":"https:\/\/emlaktuel.com\/index.php?rest_route=%2Fwp%2Fv2%2Fcomments&post=12185"}],"version-history":[{"count":1,"href":"https:\/\/emlaktuel.com\/index.php?rest_route=\/wp\/v2\/posts\/12185\/revisions"}],"predecessor-version":[{"id":12191,"href":"https:\/\/emlaktuel.com\/index.php?rest_route=\/wp\/v2\/posts\/12185\/revisions\/12191"}],"wp:attachment":[{"href":"https:\/\/emlaktuel.com\/index.php?rest_route=%2Fwp%2Fv2%2Fmedia&parent=12185"}],"wp:term":[{"taxonomy":"category","embeddable":true,"href":"https:\/\/emlaktuel.com\/index.php?rest_route=%2Fwp%2Fv2%2Fcategories&post=12185"},{"taxonomy":"post_tag","embeddable":true,"href":"https:\/\/emlaktuel.com\/index.php?rest_route=%2Fwp%2Fv2%2Ftags&post=12185"}],"curies":[{"name":"wp","href":"https:\/\/api.w.org\/{rel}","templated":true}]}}