{"id":12180,"date":"2017-03-15T11:13:03","date_gmt":"2017-03-15T08:13:03","guid":{"rendered":"http:\/\/emlaktuel.com\/?p=12180"},"modified":"2018-07-05T16:10:57","modified_gmt":"2018-07-05T13:10:57","slug":"referandum-etkisi-olsa-da-satilamayacak-gayrimenkul-yoktur","status":"publish","type":"post","link":"https:\/\/emlaktuel.com\/?p=12180","title":{"rendered":"Referandum etkisi olsa da sat\u0131lamayacak gayrimenkul yoktur!"},"content":{"rendered":"<p><strong>D\u00fcnya birincisi ve Diamond Club \u00f6d\u00fcll\u00fc Evrim K\u0131rm\u0131z\u0131ta\u015f<\/strong><\/p>\n<p><strong>REFERANDUM ETK\u0130S\u0130 OLSA DA<\/strong><\/p>\n<p><strong>F\u0130YATLANDIRMA DO\u011eRU OLDU\u011eU S\u00dcRECE<\/strong><\/p>\n<p><strong>SATILAMAYACAK GAYR\u0130MENKUL YOKTUR!!!<\/strong><\/p>\n<p><img loading=\"lazy\" class=\"alignleft wp-image-12181\" src=\"http:\/\/emlaktuel.com\/wp-content\/uploads\/2017\/03\/1489563739_16da87008c20c4d0b78c4245648a6a0e.jpg\" alt=\"evrim k\u0131rm\u0131z\u0131ta\u015f\" width=\"230\" height=\"403\" \/><\/p>\n<h4><strong>\u00d6d\u00fcll\u00fc Gayrimenkul Dan\u0131\u015fman\u0131 Evrim K\u0131rm\u0131z\u0131ta\u015f, referandumun gayrimenkul piyasas\u0131na etkilerini de\u011ferlendirirken, \u201cGayrimenkul sekt\u00f6r\u00fcn\u00fcn durgun oldu\u011fu do\u011fru. Fakat fiyatland\u0131rma do\u011fru oldu\u011fu s\u00fcrece bu sekt\u00f6rde sat\u0131lamayacak gayrimenkul yoktur\u201d diyor.<\/strong><\/h4>\n<h4>Las Vegas\u2019ta d\u00fczenlenen Uluslararas\u0131 RE\/MAX Kongresi\u2019nde, 120 bin dan\u0131\u015fman aras\u0131ndan d\u00fcnya birincisi olan Evrim K\u0131rm\u0131z\u0131ta\u015f, \u00f6zellikle \u0130stanbul\u2019da son 10 y\u0131lda \u00e7ok say\u0131da yap\u0131lan konut ve ofis projesinin olumsuz seyreden gidi\u015fattan elbette ki etkilendi\u011fini ancak bununla ilgili s\u00f6ylenti ve d\u00fc\u015f\u00fcncelerin yanl\u0131\u015f oldu\u011funu dile getirdi:<\/h4>\n<h4><strong>Referandumun etkisi tart\u0131\u015f\u0131l\u0131r<\/strong><\/h4>\n<h4>\u201cDevam eden konut ve ofis projelerini sat\u0131n alacak ki\u015filerin ekonomik ini\u015f ve \u00e7\u0131k\u0131\u015flardan ya da ter\u00f6r gibi \u00fclkemizi ilgilendiren di\u011fer konulardan ba\u011f\u0131ms\u0131z hareket edebilece\u011fini d\u00fc\u015f\u00fcnmek yanl\u0131\u015f olur. Ve ne yaz\u0131k ki, gayrimenkul sekt\u00f6r\u00fcndeki durgunluk konu\u015fmalar\u0131 do\u011frudur. Fakat, bu piyasada fiyatland\u0131rman\u0131z do\u011fru oldu\u011fu s\u00fcrece sat\u0131lamayacak bir gayrimenkul yoktur.\u201d<\/h4>\n<h4>Referandum s\u00fcrecinin gayrimenkul ve in\u015faat piyasas\u0131ndaki mevcut durumu \u00e7ok fazla etkilemedi\u011fini s\u00f6yleyen K\u0131rm\u0131z\u0131ta\u015f, sekt\u00f6r\u00fc en \u00e7ok etkileyen konunun ekonomik istikrar oldu\u011funu belirtti.<\/h4>\n<h4><strong><a href=\"http:\/\/www.ucuncuistanbul.com\/\"><img loading=\"lazy\" class=\"alignleft size-full wp-image-11569\" src=\"http:\/\/emlaktuel.com\/wp-content\/uploads\/2017\/03\/300x250.gif\" alt=\"300x250\" width=\"300\" height=\"250\" \/><\/a>Bahar aylar\u0131 hareketli ge\u00e7ecek<\/strong><\/h4>\n<h4>Ge\u00e7en aylarda t\u00fcm sekt\u00f6rlerde ya\u015fanan genel durgunlu\u011fun, bahar aylar\u0131yla birlikte olumlu geli\u015fmelere do\u011fru ivme kazanaca\u011f\u0131n\u0131 s\u00f6yleyen Evrim K\u0131rm\u0131z\u0131ta\u015f, fiyatlar\u0131n g\u00fcn\u00fcm\u00fcz de\u011ferlerinden farkl\u0131 olmayaca\u011f\u0131n\u0131 d\u00fc\u015f\u00fcn\u00fcyor: \u201cGe\u00e7ti\u011fimiz d\u00f6nemdeki durgunluk sebebi ile gayrimenkul fiyatlar\u0131nda d\u00fc\u015f\u00fc\u015f ve gerilemeler zaten ya\u015fanm\u0131\u015ft\u0131. Dolay\u0131s\u0131yla bahar aylar\u0131n\u0131n al\u0131m yapacak ki\u015filer i\u00e7in \u00e7ok uygun bir d\u00f6nem oldu\u011funu d\u00fc\u015f\u00fcn\u00fcyorum.\u201d<\/h4>\n<h4><strong>Yeni projeleri yeni ya\u015fam tarz\u0131 arayanlar tercih ediyor<\/strong><\/h4>\n<h4>Son d\u00f6nemde h\u0131zla ve \u00e7ok\u00e7a yap\u0131lan konut projelerinin, sa\u011flam yap\u0131larda oturmak ya da daire sat\u0131n almak isteyen ki\u015filerden \u00e7ok yeni bir ya\u015fam tarz\u0131 arayanlar\u0131n tercih etti\u011fini s\u00f6yleyen K\u0131rm\u0131z\u0131ta\u015f, bunun nedenini \u015f\u00f6yle a\u00e7\u0131kl\u0131yor: \u201cKlasik dairede ya\u015fayan bir aile, konsept projeden daire sat\u0131n ald\u0131\u011f\u0131nda ya\u015fam bi\u00e7imini de de\u011fi\u015ftirmi\u015f olur. Kendi site s\u0131n\u0131rlar\u0131 i\u00e7erisinde sporunu yapan, sosyal tesisleri kullanan aileler kom\u015fular\u0131yla da daha kolay sosyalle\u015fme imkan\u0131n\u0131 bulur. Bu yeni yap\u0131lar daha \u00e7ok \u00fclkemizde ya\u015fayanlar taraf\u0131ndan tercih ediliyor. Ancak son 10 y\u0131ld\u0131r yabanc\u0131 yat\u0131r\u0131mc\u0131 say\u0131s\u0131nda da ciddi bir art\u0131\u015f\u0131n ya\u015fand\u0131\u011f\u0131 g\u00f6zlemleniyor.\u201d<\/h4>\n","protected":false},"excerpt":{"rendered":"<p>D\u00fcnya birincisi ve Diamond Club \u00f6d\u00fcll\u00fc Evrim K\u0131rm\u0131z\u0131ta\u015f REFERANDUM ETK\u0130S\u0130 OLSA DA F\u0130YATLANDIRMA DO\u011eRU OLDU\u011eU S\u00dcRECE SATILAMAYACAK GAYR\u0130MENKUL YOKTUR!!! \u00d6d\u00fcll\u00fc Gayrimenkul Dan\u0131\u015fman\u0131 Evrim K\u0131rm\u0131z\u0131ta\u015f, referandumun gayrimenkul piyasas\u0131na etkilerini de\u011ferlendirirken, \u201cGayrimenkul sekt\u00f6r\u00fcn\u00fcn durgun oldu\u011fu do\u011fru. Fakat fiyatland\u0131rma do\u011fru oldu\u011fu s\u00fcrece bu sekt\u00f6rde sat\u0131lamayacak gayrimenkul yoktur\u201d diyor. Las Vegas\u2019ta d\u00fczenlenen Uluslararas\u0131 RE\/MAX Kongresi\u2019nde, 120 bin dan\u0131\u015fman aras\u0131ndan [&hellip;]<\/p>\n","protected":false},"author":1,"featured_media":12183,"comment_status":"open","ping_status":"open","sticky":false,"template":"","format":"standard","meta":{"ngg_post_thumbnail":0},"categories":[5225],"tags":[107,10944,1923,11110,11432,80,1551,11318,6938,7659],"_links":{"self":[{"href":"https:\/\/emlaktuel.com\/index.php?rest_route=\/wp\/v2\/posts\/12180"}],"collection":[{"href":"https:\/\/emlaktuel.com\/index.php?rest_route=\/wp\/v2\/posts"}],"about":[{"href":"https:\/\/emlaktuel.com\/index.php?rest_route=\/wp\/v2\/types\/post"}],"author":[{"embeddable":true,"href":"https:\/\/emlaktuel.com\/index.php?rest_route=\/wp\/v2\/users\/1"}],"replies":[{"embeddable":true,"href":"https:\/\/emlaktuel.com\/index.php?rest_route=%2Fwp%2Fv2%2Fcomments&post=12180"}],"version-history":[{"count":2,"href":"https:\/\/emlaktuel.com\/index.php?rest_route=\/wp\/v2\/posts\/12180\/revisions"}],"predecessor-version":[{"id":12184,"href":"https:\/\/emlaktuel.com\/index.php?rest_route=\/wp\/v2\/posts\/12180\/revisions\/12184"}],"wp:featuredmedia":[{"embeddable":true,"href":"https:\/\/emlaktuel.com\/index.php?rest_route=\/wp\/v2\/media\/12183"}],"wp:attachment":[{"href":"https:\/\/emlaktuel.com\/index.php?rest_route=%2Fwp%2Fv2%2Fmedia&parent=12180"}],"wp:term":[{"taxonomy":"category","embeddable":true,"href":"https:\/\/emlaktuel.com\/index.php?rest_route=%2Fwp%2Fv2%2Fcategories&post=12180"},{"taxonomy":"post_tag","embeddable":true,"href":"https:\/\/emlaktuel.com\/index.php?rest_route=%2Fwp%2Fv2%2Ftags&post=12180"}],"curies":[{"name":"wp","href":"https:\/\/api.w.org\/{rel}","templated":true}]}}