{"id":12165,"date":"2017-03-15T10:48:25","date_gmt":"2017-03-15T07:48:25","guid":{"rendered":"http:\/\/emlaktuel.com\/?p=12165"},"modified":"2018-07-05T16:10:44","modified_gmt":"2018-07-05T13:10:44","slug":"avrupa-ulkeleri-cokerken-turkiye-liderligi-oynuyor","status":"publish","type":"post","link":"https:\/\/emlaktuel.com\/?p=12165","title":{"rendered":"Avrupa \u00fclkeleri \u00e7\u00f6kerken T\u00fcrkiye liderli\u011fi oynuyor"},"content":{"rendered":"<h1>Avrupa\u2019n\u0131n kabusu bu tablo<\/h1>\n<div class=\"newsInfo\">\n<div class=\"in\">\n<div class=\"reporter\"><\/div>\n<\/div>\n<\/div>\n<h4 class=\"image\">PwC\u2019nin raporu, Cumhurba\u015fkan\u0131 Erdo\u011fan\u2019\u0131n \u201cT\u00fcrkiye\u2019nin b\u00fcy\u00fcmesi Almanya ve Hollanda gibilerinin kabusu oldu\u201d s\u00f6zlerini hakl\u0131 \u00e7\u0131kard\u0131. Referandum \u00f6ncesi \u2018hay\u0131r\u2019 kampanyas\u0131na ba\u015flayan AB \u00fclkeleri 2050\u2019ye kadar \u00e7\u00f6kerken, T\u00fcrkiye liderli\u011fe oynayacak<\/h4>\n<div class=\"txt\">\n<div class=\"txtIn\">\n<h4 id=\"contextual\" class=\"selectionShareable\">Cumhurba\u015fkan\u0131 Recep Tayyip Erdo\u011fan, d\u00fcn T\u0131p Bayram\u0131&#8217;nda yapt\u0131\u011f\u0131 konu\u015fmada son d\u00f6nemde T\u00fcrkiye&#8217;nin \u00fczerine gelen &#8216;\u015fer&#8217; \u015febekesinin as\u0131l g\u00fcndemini de\u015fifre etti. Avrupa&#8217;n\u0131n son d\u00f6nemde T\u00fcrkiye ve referandum kar\u015f\u0131t\u0131 s\u00f6ylemleri, man\u015fetleri ve politikac\u0131lar\u0131n tav\u0131rlar\u0131n\u0131n arkas\u0131ndaki hesab\u0131 Erdo\u011fan \u015fu s\u00f6zlerle de\u011ferlendirdi:<br \/>\n&#8220;Bu \u00fclkeyi ayakta tutan de\u011ferlerden binlerce y\u0131ld\u0131r insan\u0131m\u0131za \u015fahsiyet kazand\u0131ran hasletlerden asla taviz vermedik. T\u00fcrkiye&#8217;nin b\u00fcy\u00fcmesi birileri i\u00e7in nas\u0131l umut olmu\u015fsa emin olun baz\u0131 \u00e7evrelerin de kabusu oldu, Hollanda gibi, Almanya gibi.&#8221;<br \/>\nPwC&#8217;nin ve IMF rakamlar\u0131 da bu s\u00f6zleri do\u011frular nitelikte. 2050 projeksiyonlar\u0131na g\u00f6re, d\u00fcnyada T\u00fcrkiye ve geli\u015fmekte olan \u00fclkeler s\u0131\u00e7rama yaparken, Avrupa \u00fclkelerinde ciddi gerilemeler ya\u015fanacak.<\/p>\n<p><b>G7&#8217;Y\u0130 \u0130K\u0130YE KATLAYACAKLAR<\/b><br \/>\nT\u00fcrkiye&#8217;nin de i\u00e7inde oldu\u011fu geli\u015fmekte olan yedi \u00fclke (E7) 2015&#8217;te ekonomik b\u00fcy\u00fckl\u00fck olarak geli\u015fmi\u015f yedi (G7) \u00fclkelerini yakalad\u0131 ve 2040&#8217;ta G7&#8217;nin iki kat\u0131 b\u00fcy\u00fckl\u00fc\u011fe ula\u015facak.<br \/>\nAra\u015ft\u0131rmaya g\u00f6re, T\u00fcrkiye&#8217;yi parlak bir gelecek bekliyor.<br \/>\nSat\u0131n alma g\u00fcc\u00fc paritesine g\u00f6re Gayri Safi Yurti\u00e7i Has\u0131la hesaplamas\u0131nda T\u00fcrkiye 1 trilyon 906 milyar dolarl\u0131k 2016 rakam\u0131yla 14&#8217;\u00fcnc\u00fc s\u0131rada. Bu rakam 2030&#8217;da 2 trilyon 996 milyar dolara \u00e7\u0131k\u0131yor ve T\u00fcrkiye d\u00fcnyada iki basamak atl\u0131yor. Yine ayn\u0131 projeksiyona g\u00f6re T\u00fcrkiye 2050&#8217;de 5 trilyon 184 milyar dolar ile d\u00fcnyan\u0131n 11&#8217;inci b\u00fcy\u00fck ekonomisi oluyor. T\u00fcrkiye i\u00e7in her y\u0131l ortalama b\u00fcy\u00fcme rakam\u0131 ise y\u00fczde 3 d\u00fczeyinde.<\/p>\n<p><strong>T\u00dcRK\u0130YE 3 BASAMAK ATLIYOR HOLLANDA 4 SIRA GER\u0130L\u0130YOR<\/strong><br \/>\n<img src=\"http:\/\/ia.sabah.com.tr\/834595\/0\/0\/0\/0\/580\/515?u=http:\/\/i.sabah.com.tr\/sbh\/2017\/03\/15\/avrupanin-kabusu-bu-tablo-1489529344944.jpeg\" alt=\"\" \/><\/p>\n<p><strong>AB L\u0130STEDE GER\u0130L\u0130YOR<\/strong><br \/>\nAyn\u0131 d\u00f6nemde \u00fcst s\u0131ralardan d\u00fc\u015fen \u00fclkeler ise Avrupa a\u011f\u0131rl\u0131kl\u0131. \u00d6rne\u011fin Almanya 2016&#8217;da be\u015finci s\u0131radan, 2030&#8217;da yedincili\u011fe, 2050&#8217;de ise dokuzuncu s\u0131raya geriliyor. Hollanda ise 26&#8217;nc\u0131 ekonomi iken 2030&#8217;da alt\u0131 basamak birden d\u00fc\u015ferek 32&#8217;nci s\u0131rada yer al\u0131yor ve 2050&#8217;de de ayn\u0131 s\u0131rada kalmaya devam ediyor. \u0130talya 12&#8217;nci s\u0131radan 2030&#8217;da 15&#8217;incili\u011fe gerilerken 2050&#8217;de daha da d\u00fc\u015ferek 21&#8217;nci s\u0131raya kadar iniyor. Ayn\u0131 \u015fekilde \u0130spanya ekonomisi 2016&#8217;daki 16&#8217;nc\u0131l\u0131k seviyesinden, 2030&#8217;da 17&#8217;ncili\u011fe, 2050&#8217;de ise 26&#8217;nc\u0131l\u0131\u011fa kadar geriliyor. K\u00fcresel ekonominin \u015fu anda y\u00fczde 35&#8217;ini olu\u015fturan E7 \u00fclkeleri 2050&#8217;de y\u00fczde 50&#8217;sini olu\u015fturacak.<\/p>\n<p><strong>ORTALAMA B\u00dcY\u00dcME %1.6&#8217;DA KALACAK<\/strong><br \/>\nD\u00fcnya ekonomisinin 2042 y\u0131l\u0131na kadar iki kat\u0131na \u00e7\u0131kaca\u011f\u0131 ve 2016-2050 aras\u0131nda y\u0131ll\u0131k ortalama y\u00fczde 2.6 oran\u0131nda b\u00fcy\u00fcyece\u011fini \u00f6ng\u00f6ren ara\u015ft\u0131rmada \u00f6n\u00fcm\u00fczdeki 34 y\u0131lda Kanada, Fransa, Almanya, \u0130talya, Japonya, \u0130ngiltere ve ABD ise sadece y\u00fczde 1.6 gibi bir oranda b\u00fcy\u00fcme kaydediyor. \u00c7in birincili\u011fini korurken, Hindistan ABD&#8217;yi ge\u00e7erek ikincilik koltu\u011funa oturuyor.<\/h4>\n<\/div>\n<\/div>\n","protected":false},"excerpt":{"rendered":"<p>Avrupa\u2019n\u0131n kabusu bu tablo PwC\u2019nin raporu, Cumhurba\u015fkan\u0131 Erdo\u011fan\u2019\u0131n \u201cT\u00fcrkiye\u2019nin b\u00fcy\u00fcmesi Almanya ve Hollanda gibilerinin kabusu oldu\u201d s\u00f6zlerini hakl\u0131 \u00e7\u0131kard\u0131. Referandum \u00f6ncesi \u2018hay\u0131r\u2019 kampanyas\u0131na ba\u015flayan AB \u00fclkeleri 2050\u2019ye kadar \u00e7\u00f6kerken, T\u00fcrkiye liderli\u011fe oynayacak Cumhurba\u015fkan\u0131 Recep Tayyip Erdo\u011fan, d\u00fcn T\u0131p Bayram\u0131&#8217;nda yapt\u0131\u011f\u0131 konu\u015fmada son d\u00f6nemde T\u00fcrkiye&#8217;nin \u00fczerine gelen &#8216;\u015fer&#8217; \u015febekesinin as\u0131l g\u00fcndemini de\u015fifre etti. Avrupa&#8217;n\u0131n son d\u00f6nemde [&hellip;]<\/p>\n","protected":false},"author":1,"featured_media":12166,"comment_status":"open","ping_status":"open","sticky":false,"template":"","format":"standard","meta":{"ngg_post_thumbnail":0},"categories":[5213],"tags":[325,11243,11434,106,89,316],"_links":{"self":[{"href":"https:\/\/emlaktuel.com\/index.php?rest_route=\/wp\/v2\/posts\/12165"}],"collection":[{"href":"https:\/\/emlaktuel.com\/index.php?rest_route=\/wp\/v2\/posts"}],"about":[{"href":"https:\/\/emlaktuel.com\/index.php?rest_route=\/wp\/v2\/types\/post"}],"author":[{"embeddable":true,"href":"https:\/\/emlaktuel.com\/index.php?rest_route=\/wp\/v2\/users\/1"}],"replies":[{"embeddable":true,"href":"https:\/\/emlaktuel.com\/index.php?rest_route=%2Fwp%2Fv2%2Fcomments&post=12165"}],"version-history":[{"count":1,"href":"https:\/\/emlaktuel.com\/index.php?rest_route=\/wp\/v2\/posts\/12165\/revisions"}],"predecessor-version":[{"id":12167,"href":"https:\/\/emlaktuel.com\/index.php?rest_route=\/wp\/v2\/posts\/12165\/revisions\/12167"}],"wp:featuredmedia":[{"embeddable":true,"href":"https:\/\/emlaktuel.com\/index.php?rest_route=\/wp\/v2\/media\/12166"}],"wp:attachment":[{"href":"https:\/\/emlaktuel.com\/index.php?rest_route=%2Fwp%2Fv2%2Fmedia&parent=12165"}],"wp:term":[{"taxonomy":"category","embeddable":true,"href":"https:\/\/emlaktuel.com\/index.php?rest_route=%2Fwp%2Fv2%2Fcategories&post=12165"},{"taxonomy":"post_tag","embeddable":true,"href":"https:\/\/emlaktuel.com\/index.php?rest_route=%2Fwp%2Fv2%2Ftags&post=12165"}],"curies":[{"name":"wp","href":"https:\/\/api.w.org\/{rel}","templated":true}]}}