{"id":12062,"date":"2017-03-14T11:54:55","date_gmt":"2017-03-14T08:54:55","guid":{"rendered":"http:\/\/emlaktuel.com\/?p=12062"},"modified":"2018-07-05T16:09:38","modified_gmt":"2018-07-05T13:09:38","slug":"ronesans-gayrimenkulden-yuzde-5-pesin-60-ay-vade-farksiz-firsat","status":"publish","type":"post","link":"https:\/\/emlaktuel.com\/?p=12062","title":{"rendered":"R\u00f6nesans Gayrimenkul&#8217;den y\u00fczde 5 pe\u015fin 60 ay &#8216;0&#8217; faiz f\u0131rsat\u0131"},"content":{"rendered":"<p><strong>\u00a0<img loading=\"lazy\" class=\"alignleft size-full wp-image-12063\" src=\"http:\/\/emlaktuel.com\/wp-content\/uploads\/2017\/03\/piazza.jpg\" alt=\"piazza\" width=\"2300\" height=\"1100\" \/><\/strong><\/p>\n<h4><strong>R\u00f6nesans Gayrimenkul Yat\u0131r\u0131m taraf\u0131ndan Maltepe\u2019de hayata ge\u00e7irilen Adalar manzaral\u0131 Piazza projesinde uygulanan y\u00fczde 5 pe\u015finat ile 60 ay vade farks\u0131z, 120 ay y\u00fczde 0.45 ve 240 ay y\u00fczde 0.79 vade oranlar\u0131 sat\u0131\u015flarda hareketlilik ya\u015fanmas\u0131na sebep oldu. Ekim ay\u0131nda sat\u0131\u015fa \u00e7\u0131kan Piazza\u2019n\u0131n konut blo\u011fundaki rezidanslar\u0131n y\u00fczde 65\u2019i sat\u0131ld\u0131<\/strong><\/h4>\n<p>Adalar manzaral\u0131 26 kata sahip 230 dairelik konut blo\u011fu, bir ofis blo\u011fu ve a\u00e7\u0131k alanlar\u0131n bulundu\u011fu al\u0131\u015fveri\u015f merkezinden meydana gelen Piazza\u2019da konutlar\u0131n yar\u0131s\u0131ndan fazlas\u0131 sat\u0131ld\u0131.<\/p>\n<h4>Al\u0131\u015fveri\u015f, i\u015f ve ya\u015fam\u0131 bir arada sunan Piazza\u2019da yer alan konutlar a\u011f\u0131rl\u0131kl\u0131 olarak yat\u0131r\u0131m i\u00e7in tercih ediliyor. Kolay ula\u015f\u0131m avantaj\u0131 ve kesintisiz ya\u015fam konsepti ile dikkat \u00e7eken Piazza\u2019n\u0131n al\u0131\u015fveri\u015f merkezi ve ofis b\u00f6l\u00fcm\u00fcnde ortalama 5 bin ki\u015finin \u00e7al\u0131\u015faca\u011f\u0131 \u00f6ng\u00f6r\u00fcl\u00fcyor. Bu ba\u011flamda 230 konuta sahip projenin y\u00fcksek kira getirisi sayesinde yat\u0131r\u0131mc\u0131lar i\u00e7in olduk\u00e7a karl\u0131 olaca\u011f\u0131 \u00f6ng\u00f6r\u00fcl\u00fcyor.<\/h4>\n<h4>Piazza\u2019da b\u00fcy\u00fckl\u00fckleri 58 ile 212 metrekare aras\u0131nda de\u011fi\u015fen 1+1, 2+1 ve 3+1 konut tipleri bulunuyor. 2018 y\u0131l\u0131 i\u00e7erisinde teslim edilmesi planlanan konutlar\u0131n fiyatlar\u0131 502 bin TL\u2019den ba\u015fl\u0131yor. Projede uygulanan kampanya kapsam\u0131nda y\u00fczde 5 pe\u015finat ile 60 ay vade farks\u0131z, 120 ay y\u00fczde 0.45, 240 ay y\u00fczde 0.79 vade oranlar\u0131 ile konut sat\u0131\u015f\u0131 yap\u0131l\u0131yor. Buna g\u00f6re projede pe\u015finatlar 25 bin TL\u2019den, taksitler ise 3 bin 700 TL\u2019den ba\u015fl\u0131yor.\u00a0Piazza\u2019da konut bedelinin tamam\u0131n\u0131 pe\u015fin \u00f6demek isteyenlere ise y\u00fczde 12 oran\u0131nda indirim yap\u0131l\u0131yor.<\/h4>\n<h4>Kurumsal firmalara kiralanmas\u0131 planlanan Piazza\u2019n\u0131n ofis blo\u011funda toplam 34 bin metrekare kiralanabilir alan bulunuyor. Ofis \u00e7al\u0131\u015fanlar\u0131 i\u00e7in al\u0131\u015fveri\u015f merkezi ve konut blo\u011funa kolay ge\u00e7i\u015f yapma imkan\u0131 sunuluyor. A+ s\u0131n\u0131f\u0131 ofis blo\u011funda tek katta 3 bin 250 metrekareye varan kiralanabilir alan se\u00e7enekleri mevcut. Katlarda teras kullan\u0131m\u0131n\u0131n da bulundu\u011fu ofis blo\u011fu ayn\u0131 zamanda \u00e7evre dostu binalara verilen Leed Gold Sertifikas\u0131 aday\u0131.<\/h4>\n<h4>Proje i\u00e7erisinde yer alacak metro ba\u011flant\u0131s\u0131 ile ula\u015f\u0131m y\u00f6n\u00fcnden olduk\u00e7a rahat bir imkan sunan Piazza, Sabiha G\u00f6k\u00e7en Havaalan\u0131\u2019na 20 km, sahil yoluna 3 km mesafede konumlan\u0131yor. E5 ula\u015f\u0131m hatt\u0131 \u00fczerinde yer alan Piazza, 2 bin 400 ara\u00e7l\u0131k kapal\u0131 otopark\u0131 ile ziyaret\u00e7ilerine kolayl\u0131k sunuyor.<\/h4>\n","protected":false},"excerpt":{"rendered":"<p>\u00a0 R\u00f6nesans Gayrimenkul Yat\u0131r\u0131m taraf\u0131ndan Maltepe\u2019de hayata ge\u00e7irilen Adalar manzaral\u0131 Piazza projesinde uygulanan y\u00fczde 5 pe\u015finat ile 60 ay vade farks\u0131z, 120 ay y\u00fczde 0.45 ve 240 ay y\u00fczde 0.79 vade oranlar\u0131 sat\u0131\u015flarda hareketlilik ya\u015fanmas\u0131na sebep oldu. Ekim ay\u0131nda sat\u0131\u015fa \u00e7\u0131kan Piazza\u2019n\u0131n konut blo\u011fundaki rezidanslar\u0131n y\u00fczde 65\u2019i sat\u0131ld\u0131 Adalar manzaral\u0131 26 kata sahip 230 dairelik [&hellip;]<\/p>\n","protected":false},"author":1,"featured_media":12063,"comment_status":"open","ping_status":"open","sticky":false,"template":"","format":"standard","meta":{"ngg_post_thumbnail":0},"categories":[5219,97,5388],"tags":[11171,107,11278,80,11224,11299,3999,6881,6882,11206,11611],"_links":{"self":[{"href":"https:\/\/emlaktuel.com\/index.php?rest_route=\/wp\/v2\/posts\/12062"}],"collection":[{"href":"https:\/\/emlaktuel.com\/index.php?rest_route=\/wp\/v2\/posts"}],"about":[{"href":"https:\/\/emlaktuel.com\/index.php?rest_route=\/wp\/v2\/types\/post"}],"author":[{"embeddable":true,"href":"https:\/\/emlaktuel.com\/index.php?rest_route=\/wp\/v2\/users\/1"}],"replies":[{"embeddable":true,"href":"https:\/\/emlaktuel.com\/index.php?rest_route=%2Fwp%2Fv2%2Fcomments&post=12062"}],"version-history":[{"count":2,"href":"https:\/\/emlaktuel.com\/index.php?rest_route=\/wp\/v2\/posts\/12062\/revisions"}],"predecessor-version":[{"id":12065,"href":"https:\/\/emlaktuel.com\/index.php?rest_route=\/wp\/v2\/posts\/12062\/revisions\/12065"}],"wp:featuredmedia":[{"embeddable":true,"href":"https:\/\/emlaktuel.com\/index.php?rest_route=\/wp\/v2\/media\/12063"}],"wp:attachment":[{"href":"https:\/\/emlaktuel.com\/index.php?rest_route=%2Fwp%2Fv2%2Fmedia&parent=12062"}],"wp:term":[{"taxonomy":"category","embeddable":true,"href":"https:\/\/emlaktuel.com\/index.php?rest_route=%2Fwp%2Fv2%2Fcategories&post=12062"},{"taxonomy":"post_tag","embeddable":true,"href":"https:\/\/emlaktuel.com\/index.php?rest_route=%2Fwp%2Fv2%2Ftags&post=12062"}],"curies":[{"name":"wp","href":"https:\/\/api.w.org\/{rel}","templated":true}]}}