{"id":12043,"date":"2017-03-14T11:13:19","date_gmt":"2017-03-14T08:13:19","guid":{"rendered":"http:\/\/emlaktuel.com\/?p=12043"},"modified":"2018-07-05T16:09:29","modified_gmt":"2018-07-05T13:09:29","slug":"gayrimenkul-sertifikasinin-kapsami-genisletiliyor","status":"publish","type":"post","link":"https:\/\/emlaktuel.com\/?p=12043","title":{"rendered":"Gayrimenkul sertifikas\u0131n\u0131n kapsam\u0131 geni\u015fletiliyor!"},"content":{"rendered":"<h1 class=\"news-detail-title selectionShareable\"><img loading=\"lazy\" class=\"alignleft size-full wp-image-12060\" src=\"http:\/\/emlaktuel.com\/wp-content\/uploads\/2017\/03\/kopru-1.jpg\" alt=\"kopru\" width=\"2300\" height=\"1100\" \/><\/h1>\n<h1 class=\"news-detail-title selectionShareable\">Vatanda\u015f\u0131 metrekareyle ev sahibi yapacak gayrimenkul sertifikas\u0131 d\u00fczenlemesinin kapsam\u0131 geni\u015fliyor. Ba\u015fbakan Yard\u0131mc\u0131s\u0131 Canikli, d\u00fczenlemeye k\u00f6pr\u00fcler gibi b\u00fcy\u00fck altyap\u0131 projelerinin de eklenebilece\u011fini belirtti.<\/h1>\n<div class=\"soc2 nmobilw\"><\/div>\n<div class=\"centerAd\"><\/div>\n<div>\n<h4>BA\u015eBAKAN Yard\u0131mc\u0131s\u0131 Nurettin Canikli, gayrimenkul sertifikas\u0131 d\u00fczenlemesine k\u00f6pr\u00fcler gibi b\u00fcy\u00fck altyap\u0131 projelerin de eklenebilece\u011fini, d\u00fczenlemeye kira getirili projelerin de monte edilebilece\u011fini s\u00f6yledi. Gayrimenkul sekt\u00f6r\u00fcnde finansman \u00e7e\u015fitlendirmesi ve k\u00fc\u00e7\u00fck yat\u0131r\u0131mc\u0131lar\u0131n gayrimenkule yat\u0131r\u0131m yapabilmesini ama\u00e7layan gayrimenkul sertifikas\u0131 d\u00fczenlemesinde, ilk ihrac\u0131n TOK\u0130-Makro \u0130n\u015faat ortakl\u0131\u011f\u0131ndaki konut projesine y\u00f6nelik ger\u00e7ekle\u015ftirilece\u011fi ve ihra\u00e7ta toplam has\u0131lat\u0131n 143.2 milyon lira olarak \u00f6ng\u00f6r\u00fcld\u00fc\u011f\u00fc a\u00e7\u0131klanm\u0131\u015ft\u0131. Sistem, k\u00fc\u00e7\u00fck yat\u0131r\u0131mc\u0131n\u0131n da gayrimenkul projelerinde metrekare bazl\u0131 yat\u0131r\u0131m yapabilmesini d\u00fczenliyor.<\/h4>\n<h2>\u0130LAVE MODEL<\/h2>\n<h4>Canikli, Reuters\u2019a verdi\u011fi s\u00f6yle\u015fide gayrimenkul sertifikas\u0131 d\u00fczenlemesinin zamanla ba\u015fka projeler i\u00e7in de geni\u015fletilebilece\u011fini \u015fu s\u00f6zlerle anlatt\u0131: \u201cD\u00fczenleme de\u011fer kazanacak b\u00fct\u00fcn projeler i\u00e7in ge\u00e7erli. Teorik olarak k\u00f6pr\u00fcler bile dahil edilebilir. Ancak ilave baz\u0131 detayland\u0131rmalar ve modellemeler yap\u0131lmas\u0131 gerekiyor. Mesela m\u00fclkiyetin kamuya ge\u00e7memesi gerekiyor. Belki kira getirisi \u00fczerine kurulu bir model de (gayrimenkul sertifikas\u0131 d\u00fczenlemesine) ilave edilebilir.\u201d D\u00fczenlemenin detaylar\u0131n\u0131 da anlatan Canikli, \u201cK\u00fc\u00e7\u00fck yat\u0131r\u0131mc\u0131lar\u0131n metrekare bazl\u0131 ald\u0131\u011f\u0131 konutlar haczedilemiyor, rehnedilemiyor. Sertifika sat\u0131n alanlar\u0131n \u00f6demeleri m\u00fcteahhide hak edi\u015f gibi aktar\u0131l\u0131yor. \u0130nsanlar isterlerse konutu ellerindeki sertifikalarla sonradan sat\u0131n alabiliyor\u201d diye konu\u015ftu. \u201cProje yat\u0131r\u0131mc\u0131 i\u00e7in risk i\u00e7ermiyor\u201d diyen Canikli, \u201cSermaye Piyasas\u0131 Kurulu (SPK) yetki verecek ve bu projelere girecek \u015firketlerin mali yap\u0131lar\u0131na bakacak. Sistem bankac\u0131l\u0131k sekt\u00f6r\u00fcndeki riskleri de azaltacak\u201d ifadesini kulland\u0131.<\/h4>\n<h4>H\u00fcrriyet<\/h4>\n<\/div>\n","protected":false},"excerpt":{"rendered":"<p>Vatanda\u015f\u0131 metrekareyle ev sahibi yapacak gayrimenkul sertifikas\u0131 d\u00fczenlemesinin kapsam\u0131 geni\u015fliyor. Ba\u015fbakan Yard\u0131mc\u0131s\u0131 Canikli, d\u00fczenlemeye k\u00f6pr\u00fcler gibi b\u00fcy\u00fck altyap\u0131 projelerinin de eklenebilece\u011fini belirtti. BA\u015eBAKAN Yard\u0131mc\u0131s\u0131 Nurettin Canikli, gayrimenkul sertifikas\u0131 d\u00fczenlemesine k\u00f6pr\u00fcler gibi b\u00fcy\u00fck altyap\u0131 projelerin de eklenebilece\u011fini, d\u00fczenlemeye kira getirili projelerin de monte edilebilece\u011fini s\u00f6yledi. Gayrimenkul sekt\u00f6r\u00fcnde finansman \u00e7e\u015fitlendirmesi ve k\u00fc\u00e7\u00fck yat\u0131r\u0131mc\u0131lar\u0131n gayrimenkule yat\u0131r\u0131m yapabilmesini ama\u00e7layan [&hellip;]<\/p>\n","protected":false},"author":1,"featured_media":12060,"comment_status":"open","ping_status":"open","sticky":false,"template":"","format":"standard","meta":{"ngg_post_thumbnail":0},"categories":[5213,97,5388],"tags":[107,2662,2146,6877,11300,10655,11314,106,11413],"_links":{"self":[{"href":"https:\/\/emlaktuel.com\/index.php?rest_route=\/wp\/v2\/posts\/12043"}],"collection":[{"href":"https:\/\/emlaktuel.com\/index.php?rest_route=\/wp\/v2\/posts"}],"about":[{"href":"https:\/\/emlaktuel.com\/index.php?rest_route=\/wp\/v2\/types\/post"}],"author":[{"embeddable":true,"href":"https:\/\/emlaktuel.com\/index.php?rest_route=\/wp\/v2\/users\/1"}],"replies":[{"embeddable":true,"href":"https:\/\/emlaktuel.com\/index.php?rest_route=%2Fwp%2Fv2%2Fcomments&post=12043"}],"version-history":[{"count":2,"href":"https:\/\/emlaktuel.com\/index.php?rest_route=\/wp\/v2\/posts\/12043\/revisions"}],"predecessor-version":[{"id":12061,"href":"https:\/\/emlaktuel.com\/index.php?rest_route=\/wp\/v2\/posts\/12043\/revisions\/12061"}],"wp:featuredmedia":[{"embeddable":true,"href":"https:\/\/emlaktuel.com\/index.php?rest_route=\/wp\/v2\/media\/12060"}],"wp:attachment":[{"href":"https:\/\/emlaktuel.com\/index.php?rest_route=%2Fwp%2Fv2%2Fmedia&parent=12043"}],"wp:term":[{"taxonomy":"category","embeddable":true,"href":"https:\/\/emlaktuel.com\/index.php?rest_route=%2Fwp%2Fv2%2Fcategories&post=12043"},{"taxonomy":"post_tag","embeddable":true,"href":"https:\/\/emlaktuel.com\/index.php?rest_route=%2Fwp%2Fv2%2Ftags&post=12043"}],"curies":[{"name":"wp","href":"https:\/\/api.w.org\/{rel}","templated":true}]}}