{"id":11885,"date":"2017-03-13T10:21:37","date_gmt":"2017-03-13T07:21:37","guid":{"rendered":"http:\/\/emlaktuel.com\/?p=11885"},"modified":"2018-07-05T16:07:53","modified_gmt":"2018-07-05T13:07:53","slug":"3s-firuze-konaklari-yuzde-40-50-prim-vadediyor","status":"publish","type":"post","link":"https:\/\/emlaktuel.com\/?p=11885","title":{"rendered":"3S Firuze Konaklar\u0131 y\u00fczde 40-50 prim vadediyor.."},"content":{"rendered":"<div>\n<div id=\"haberdetaybaslik\">\n<h1><img loading=\"lazy\" class=\"size-full wp-image-11887 aligncenter\" src=\"http:\/\/emlaktuel.com\/wp-content\/uploads\/2017\/03\/3S-Firuze-konaklari-nerede-630x360-1.jpg\" alt=\"3S-Firuze-konaklari\" width=\"630\" height=\"360\" \/><\/h1>\n<h1>Ge\u00e7ti\u011fimiz hafta 10 \u015fubatta \u00f6n sat\u0131\u015fa \u00e7\u0131kan\u00a03S Firuze Konaklar\u0131 projesinin teslim tarihi olan 2018&#8217;in son \u00e7eyre\u011fi.\u00a0Teslime kadar y\u00fczde 40-50 seviyelerinde prim yapmas\u0131 bekleniyor.<\/h1>\n<div><\/div>\n<\/div>\n<div><\/div>\n<\/div>\n<div><img loading=\"lazy\" class=\"size-full wp-image-11888 aligncenter\" src=\"http:\/\/emlaktuel.com\/wp-content\/uploads\/2017\/03\/alp-gurun-630x360.jpg\" alt=\"alp-gurun-630x360\" width=\"660\" height=\"380\" \/><\/div>\n<div>\n<p><span style=\"color: #2e2e2e;\"><strong>3S Kale Holding taraf\u0131ndan<\/strong>\u00a0<strong>Avc\u0131lar Firuzk\u00f6y Bulvar\u0131&#8217;nda<\/strong>\u00a0bulunan 28 bin metrekarelik arsas\u0131nda projelendirilen <strong>3S Firuze Konaklar\u0131<\/strong>\u00a0ge\u00e7ti\u011fimiz hafta 9 mart Per\u015fembe yap\u0131lan bas\u0131n toplant\u0131s\u0131ndan sonra\u00a0\u00f6n talep s\u00fcrecini tamamlayarak lansman sat\u0131\u015flar\u0131na start verdi.<strong>\u00a0<\/strong><\/span><\/p>\n<p><span style=\"color: #2e2e2e;\"><strong>3S Kale Holding Genel M\u00fcd\u00fcr\u00fc Alp G\u00fcr\u00fcn:<\/strong>\u00a0\u00d6n sat\u0131\u015f s\u00fcrecinde\u00a0projenin y\u00fczde 21&#8217;i sat\u0131ld\u0131 dedi.<\/span><\/p>\n<p><strong><a href=\"http:\/\/www.ucuncuistanbul.com\/\"><img loading=\"lazy\" class=\"alignleft size-full wp-image-11569\" src=\"http:\/\/emlaktuel.com\/wp-content\/uploads\/2017\/03\/300x250.gif\" alt=\"300x250\" width=\"300\" height=\"250\" \/><\/a>3S Firuze Konaklar\u0131\u00a0g<\/strong>\u00f6l ve deniz manzaras\u0131na sahip yatay projede 3 blok halinde toplamda 523 konut ve 45 ticari \u00fcnite yer al\u0131yor. Konutlar 1+1&#8217;den 4+1&#8217;e kadar se\u00e7eneklerinin bulundu\u011fu projede dairelerin b\u00fcy\u00fckl\u00fckleri ise br\u00fct 73 ile 200 M2 aras\u0131nda de\u011fi\u015fiyor.<\/p>\n<p><span style=\"color: #2e2e2e;\">Pe\u015fin \u00f6demede y\u00fczde 10 indirim yap\u0131l\u0131yor.\u00a0Projede lansman d\u00f6nemine \u00f6zel olarak dairelerin<strong> sat\u0131\u015f fiyatlar\u0131<\/strong> 370.000 TL&#8217;den ba\u015fl\u0131yor.<\/span><\/p>\n<\/div>\n<p>&nbsp;<\/p>\n<p>&nbsp;<\/p>\n<div>\n<p><img loading=\"lazy\" class=\"alignleft wp-image-11886\" src=\"http:\/\/emlaktuel.com\/wp-content\/uploads\/2017\/03\/varol-tezmen-225x150.jpg\" alt=\"varol-tezmen\" width=\"232\" height=\"142\" \/><\/p>\n<p><span style=\"color: #2e2e2e;\">Projenin sat\u0131\u015f dan\u0131\u015fmanl\u0131\u011f\u0131n\u0131 yapan gayrimenkul sekt\u00f6r\u00fcn\u00fcn deneyimli ismi <strong>Varol Tezmen<\/strong>;\u00a0konut teslimlerinin ba\u015flayaca\u011f\u0131 2018&#8217;in son \u00e7eyre\u011fine kadar; projenin y\u00fczde 40-50 seviyelerinde prim yapmas\u0131n\u0131 beklediklerini a\u00e7\u0131klad\u0131.<\/span><\/p>\n<p>&nbsp;<\/p>\n<p><img loading=\"lazy\" class=\"alignleft size-full wp-image-11892\" src=\"http:\/\/emlaktuel.com\/wp-content\/uploads\/2017\/03\/20170309_105824.jpg\" alt=\"3S firuze konaklar\u0131\" width=\"3984\" height=\"2988\" \/> <img loading=\"lazy\" class=\"alignleft size-full wp-image-11893\" src=\"http:\/\/emlaktuel.com\/wp-content\/uploads\/2017\/03\/20170309_112339-2.jpg\" alt=\"20170309_112339\" width=\"3984\" height=\"2988\" \/> <img loading=\"lazy\" class=\"alignleft size-full wp-image-11894\" src=\"http:\/\/emlaktuel.com\/wp-content\/uploads\/2017\/03\/20170309_113559.jpg\" alt=\"20170309_113559\" width=\"3984\" height=\"2988\" \/><\/p>\n<\/div>\n","protected":false},"excerpt":{"rendered":"<p>Ge\u00e7ti\u011fimiz hafta 10 \u015fubatta \u00f6n sat\u0131\u015fa \u00e7\u0131kan\u00a03S Firuze Konaklar\u0131 projesinin teslim tarihi olan 2018&#8217;in son \u00e7eyre\u011fi.\u00a0Teslime kadar y\u00fczde 40-50 seviyelerinde prim yapmas\u0131 bekleniyor. 3S Kale Holding taraf\u0131ndan\u00a0Avc\u0131lar Firuzk\u00f6y Bulvar\u0131&#8217;nda\u00a0bulunan 28 bin metrekarelik arsas\u0131nda projelendirilen 3S Firuze Konaklar\u0131\u00a0ge\u00e7ti\u011fimiz hafta 9 mart Per\u015fembe yap\u0131lan bas\u0131n toplant\u0131s\u0131ndan sonra\u00a0\u00f6n talep s\u00fcrecini tamamlayarak lansman sat\u0131\u015flar\u0131na start verdi.\u00a0 3S Kale Holding [&hellip;]<\/p>\n","protected":false},"author":1,"featured_media":0,"comment_status":"open","ping_status":"open","sticky":false,"template":"","format":"standard","meta":{"ngg_post_thumbnail":0},"categories":[219,97,5388],"tags":[6656,6757,1409,6755,6756,6823,6822,6821,4984,1923,80,11234,2699,106,11153,11102],"_links":{"self":[{"href":"https:\/\/emlaktuel.com\/index.php?rest_route=\/wp\/v2\/posts\/11885"}],"collection":[{"href":"https:\/\/emlaktuel.com\/index.php?rest_route=\/wp\/v2\/posts"}],"about":[{"href":"https:\/\/emlaktuel.com\/index.php?rest_route=\/wp\/v2\/types\/post"}],"author":[{"embeddable":true,"href":"https:\/\/emlaktuel.com\/index.php?rest_route=\/wp\/v2\/users\/1"}],"replies":[{"embeddable":true,"href":"https:\/\/emlaktuel.com\/index.php?rest_route=%2Fwp%2Fv2%2Fcomments&post=11885"}],"version-history":[{"count":3,"href":"https:\/\/emlaktuel.com\/index.php?rest_route=\/wp\/v2\/posts\/11885\/revisions"}],"predecessor-version":[{"id":11895,"href":"https:\/\/emlaktuel.com\/index.php?rest_route=\/wp\/v2\/posts\/11885\/revisions\/11895"}],"wp:attachment":[{"href":"https:\/\/emlaktuel.com\/index.php?rest_route=%2Fwp%2Fv2%2Fmedia&parent=11885"}],"wp:term":[{"taxonomy":"category","embeddable":true,"href":"https:\/\/emlaktuel.com\/index.php?rest_route=%2Fwp%2Fv2%2Fcategories&post=11885"},{"taxonomy":"post_tag","embeddable":true,"href":"https:\/\/emlaktuel.com\/index.php?rest_route=%2Fwp%2Fv2%2Ftags&post=11885"}],"curies":[{"name":"wp","href":"https:\/\/api.w.org\/{rel}","templated":true}]}}