{"id":11857,"date":"2017-03-12T13:57:50","date_gmt":"2017-03-12T10:57:50","guid":{"rendered":"http:\/\/emlaktuel.com\/?p=11857"},"modified":"2018-07-05T16:07:43","modified_gmt":"2018-07-05T13:07:43","slug":"3-istanbulun-ev-aldiran-odeme-planlari","status":"publish","type":"post","link":"https:\/\/emlaktuel.com\/?p=11857","title":{"rendered":""},"content":{"rendered":"<div>\n<div id=\"haberdetaybaslik\">\n<h1>Ba\u015fak\u015fehir&#8217;in en b\u00fcy\u00fck projesi olan \u00dc\u00e7\u00fcnc\u00fc \u0130stanbul&#8217;da Konut fiyatlar\u0131n 496 bin TL&#8217;den ba\u015fl\u0131yor ve\u00a0projesede yat\u0131r\u0131mc\u0131lar i\u00e7in uygun alternatifli cazip \u00f6deme se\u00e7enekleri sunuluyor.<\/h1>\n<div><\/div>\n<\/div>\n<div><\/div>\n<\/div>\n<div><\/div>\n<div>\n<div><img loading=\"lazy\" src=\"http:\/\/www.emlakdream.com\/haber_resim\/3-istanbul-nerede-630x360.jpg\" alt=\"3. \u0130stanbul un \u00f6deme planlar\u0131 cezbediyor\" width=\"630\" height=\"360\" border=\"0\" \/><\/div>\n<p><span style=\"color: #2e2e2e;\">ASAF \u0130\u015f ortakl\u0131\u011f\u0131 taraf\u0131ndan hayata ge\u00e7irilen Ba\u015fak\u015fehir&#8217;in en b\u00fcy\u00fck gayrimenkul projesi olan 3. \u0130stanbul&#8217;da\u00a01500 konut ve 209 ticari \u00fcnite bulunuyor.\u00a0<strong>3. \u0130stanbul projesi<\/strong>; Ba\u015fak\u015fehir Belediyesi&#8217;ne ait 115 bin metrekare b\u00fcy\u00fckl\u00fc\u011f\u00fcndeki arsa \u00fczerinde 3 etaptan meydana geliyor. 3. \u0130stanbul&#8217;da b\u00fcy\u00fckl\u00fckleri 105 ile 254 metrekare aras\u0131nda de\u011fi\u015fen 2+1\u00a0, 3+1 ve 4+1\u00a0<strong>dairelerin teslim tarihi<\/strong> olarak haziran 2019 \u00f6ng\u00f6r\u00fcl\u00fcyor. Konutlar\u0131n <strong>sat\u0131\u015f fiyatlar\u0131<\/strong> 496.000 TL ile 1.160.000 TL aras\u0131nda de\u011fi\u015fiyor.<br \/>\n<\/span><\/p>\n<h2><span style=\"color: #2e2e2e;\">3. \u0130stanbul&#8217;un \u00f6deme planlar\u0131 cezbediyor<br \/>\n<\/span><\/h2>\n<p><span style=\"color: #2e2e2e;\">3. \u0130stanbul&#8217;da ki\u015fiye \u00f6zel \u00f6deme planlar\u0131 haz\u0131rlanabildi\u011fi gibi ayr\u0131ca haz\u0131r olan 7 alternatifli uygun \u00f6deme planlar\u0131 yat\u0131r\u0131mc\u0131lar\u0131 cezbediyor. Bu planlar \u015f\u00f6yle:<\/span><\/p>\n<p><strong>1-<\/strong>\u00a0<strong>Pe\u015finats\u0131z ilk se\u00e7enekte<\/strong>; Haziran 2017, Aral\u0131k 2017, Haziran 2018, Aral\u0131k 2018&#8217;de y\u00fczde 7.5 dilimler halinde 4 ara \u00f6deme yap\u0131l\u0131yor. Kalan y\u00fczde 70&#8217;lik konut bedeli y\u00fczde 0.89 faiz oran\u0131yla kredilendiriliyor. Bu \u00f6deme ko\u015fuluna g\u00f6re; y\u00fczde 5\u00a0oran\u0131nda indirim uygulan\u0131yor.<br \/>\n<strong>2-<\/strong>\u00a0<strong>Pe\u015finats\u0131z ikinci se\u00e7enekte<\/strong>; Haziran 2017&#8217;de % 50 oran\u0131nda ara \u00f6deme yap\u0131l\u0131yor. Kalan % 50&#8217;lik k\u0131s\u0131m i\u00e7in ayl\u0131k % 0,70 oran\u0131nda faizle\u00a0kredi kullan\u0131labiliyor.<br \/>\n<strong>3- % 20 pe\u015finat<\/strong>;\u00a0Haziran 2017, Aral\u0131k 2017 ve Haziran 2018&#8217;de % 5&#8217;lik 3 ara \u00f6deme yap\u0131l\u0131yor. Kalan konut bedeli 24 ay taksitlendiriliyor.<br \/>\n<strong>4- % 30<\/strong> <strong>pe\u015finat<\/strong>; Haziran 2017, Aral\u0131k 2017 ve Haziran 2018&#8217;de % 5&#8217;lik 3 ara \u00f6deme yap\u0131l\u0131yor. Kalan tutar 30 ay vadelendiriliyor.<br \/>\n<strong>5- %\u00a040 pe\u015finat<\/strong>; Haziran 2017, Aral\u0131k 2017 ve Haziran 2018&#8217;de % 5&#8217;lik 3 ara \u00f6deme yap\u0131l\u0131yor. Kalan tutar 36 ay\u00a0taksitlendiriliyor.<br \/>\n<strong>6- %\u00a045 pe\u015finat<\/strong>,\u00a0Haziran 2017; Aral\u0131k 2017 ve Haziran 2018&#8217;de % 5&#8217;lik 3 ara \u00f6deme yap\u0131l\u0131yor. Kalan konut bedeli 40\u00a0ay vadelendiriliyor.<br \/>\n<strong>7- %\u00a045 pe\u015finat<\/strong>; Haziran 2017, Aral\u0131k 2017 ve Haziran 2018&#8217;de % 8&#8217;lik 3 ara \u00f6deme yap\u0131l\u0131yor. Kalan tutar 48 ay\u00a0vadelendiriliyor.<\/p>\n<p><strong><br \/>\n<a href=\"http:\/\/www.ucuncuistanbul.com\/\"><img loading=\"lazy\" class=\"alignleft size-full wp-image-11569\" src=\"http:\/\/emlaktuel.com\/wp-content\/uploads\/2017\/03\/300x250.gif\" alt=\"300x250\" width=\"300\" height=\"250\" \/><\/a>ASAF \u0130\u015f Ortakl\u0131\u011f\u0131 hakk\u0131nda:<\/strong><br \/>\nSuudi Arabistan merkezki <strong>Alzamil Gayrimenkul<\/strong> , \u0130ttifak Holding&#8217;e ba\u011fl\u0131<strong> Seha Yap\u0131<\/strong> , <strong>Adese<\/strong> ve <strong>Fuzul Yap\u0131<\/strong> ortakl\u0131\u011f\u0131yla kurulan ASAF \u0130\u015f Ortakl\u0131\u011f\u0131; ilk projeleri olan 3. \u0130stanbul&#8217;da Ba\u015fak\u015fehir Belediyesi ile has\u0131lat payla\u015f\u0131m\u0131 ortakl\u0131\u011f\u0131 yap\u0131yor.<\/p>\n<p>3. \u0130stanbul projesi ile ilgili detayl\u0131 bilgi i\u00e7in haberin alt\u0131ndaki <strong>Proje Bilgi Formunu<\/strong> doldurup taraf\u0131m\u0131za g\u00f6nderebilirsiniz.<\/p>\n<\/div>\n","protected":false},"excerpt":{"rendered":"<p>Ba\u015fak\u015fehir&#8217;in en b\u00fcy\u00fck projesi olan \u00dc\u00e7\u00fcnc\u00fc \u0130stanbul&#8217;da Konut fiyatlar\u0131n 496 bin TL&#8217;den ba\u015fl\u0131yor ve\u00a0projesede yat\u0131r\u0131mc\u0131lar i\u00e7in uygun alternatifli cazip \u00f6deme se\u00e7enekleri sunuluyor. ASAF \u0130\u015f ortakl\u0131\u011f\u0131 taraf\u0131ndan hayata ge\u00e7irilen Ba\u015fak\u015fehir&#8217;in en b\u00fcy\u00fck gayrimenkul projesi olan 3. \u0130stanbul&#8217;da\u00a01500 konut ve 209 ticari \u00fcnite bulunuyor.\u00a03. \u0130stanbul projesi; Ba\u015fak\u015fehir Belediyesi&#8217;ne ait 115 bin metrekare b\u00fcy\u00fckl\u00fc\u011f\u00fcndeki arsa \u00fczerinde 3 etaptan [&hellip;]<\/p>\n","protected":false},"author":1,"featured_media":0,"comment_status":"open","ping_status":"open","sticky":false,"template":"","format":"standard","meta":{"ngg_post_thumbnail":0},"categories":[5219,97,5388],"tags":[6751,6810,6754,6811,6812,6752,6813,11522,2935,11222,73,80,11337,106,11102],"_links":{"self":[{"href":"https:\/\/emlaktuel.com\/index.php?rest_route=\/wp\/v2\/posts\/11857"}],"collection":[{"href":"https:\/\/emlaktuel.com\/index.php?rest_route=\/wp\/v2\/posts"}],"about":[{"href":"https:\/\/emlaktuel.com\/index.php?rest_route=\/wp\/v2\/types\/post"}],"author":[{"embeddable":true,"href":"https:\/\/emlaktuel.com\/index.php?rest_route=\/wp\/v2\/users\/1"}],"replies":[{"embeddable":true,"href":"https:\/\/emlaktuel.com\/index.php?rest_route=%2Fwp%2Fv2%2Fcomments&post=11857"}],"version-history":[{"count":3,"href":"https:\/\/emlaktuel.com\/index.php?rest_route=\/wp\/v2\/posts\/11857\/revisions"}],"predecessor-version":[{"id":11869,"href":"https:\/\/emlaktuel.com\/index.php?rest_route=\/wp\/v2\/posts\/11857\/revisions\/11869"}],"wp:attachment":[{"href":"https:\/\/emlaktuel.com\/index.php?rest_route=%2Fwp%2Fv2%2Fmedia&parent=11857"}],"wp:term":[{"taxonomy":"category","embeddable":true,"href":"https:\/\/emlaktuel.com\/index.php?rest_route=%2Fwp%2Fv2%2Fcategories&post=11857"},{"taxonomy":"post_tag","embeddable":true,"href":"https:\/\/emlaktuel.com\/index.php?rest_route=%2Fwp%2Fv2%2Ftags&post=11857"}],"curies":[{"name":"wp","href":"https:\/\/api.w.org\/{rel}","templated":true}]}}