{"id":11781,"date":"2017-03-11T01:39:00","date_gmt":"2017-03-10T22:39:00","guid":{"rendered":"http:\/\/emlaktuel.com\/?p=11781"},"modified":"2018-07-05T16:06:38","modified_gmt":"2018-07-05T13:06:38","slug":"kobilerin-bekledigi-karar-cikti","status":"publish","type":"post","link":"https:\/\/emlaktuel.com\/?p=11781","title":{"rendered":"Kobilerin bekledi\u011fi karar \u00e7\u0131kt\u0131"},"content":{"rendered":"<div class=\"row clearfix news-box news-detail-top\"><\/div>\n<div class=\"news-detail-content\">\n<div class=\"row clearfix\">\n<div class=\"col-md-12\">\n<div class=\"news-detail-spot news-detail-spot-margin\">\n<h2 class=\"selectionShareable\">Kredi Garanti Fonu\u2019nun KOB\u0130\u2019lere 250 milyar liral\u0131k kredi kayna\u011f\u0131 yaratacak garanti limiti i\u00e7in beklenen Bakanlar Kurulu karar\u0131 \u00e7\u0131kt\u0131. Kredi Garanti Fonu\u2019nun, Hazine ile protokol imzalamas\u0131n\u0131n ard\u0131ndan krediler kulland\u0131r\u0131lmaya ba\u015flanacak.<\/h2>\n<\/div>\n<div class=\"news-image news-detail-image-margin\"><img loading=\"lazy\" class=\"\" src=\"http:\/\/i.hurimg.com\/i\/hurriyet\/75\/590x332\/58c2b69c18c77417c4f3a5f6.jpg\" alt=\"KOB\u0130 muslu\u011fu\" width=\"590\" height=\"332\" \/><\/div>\n<div class=\"news-detail-toolbox\">\n<div class=\"social-bar \">\n<div class=\"share-line\"><\/div>\n<div class=\"share-line\"><\/div>\n<\/div>\n<\/div>\n<div class=\"news-detail-text\">\n<div class=\"news-box\">\n<p class=\"selectionShareable\">BA\u015eBAKAN Binali Y\u0131ld\u0131r\u0131m\u2019\u0131n ge\u00e7en aral\u0131k ay\u0131nda a\u00e7\u0131klad\u0131\u011f\u0131, reel sekt\u00f6re 250 milyar liral\u0131k kredi yaratacak Kredi Garanti Fonu (KGF) i\u00e7in beklenen karar \u00e7\u0131kt\u0131. Reel sekt\u00f6re kulland\u0131r\u0131lacak 250 milyar liral\u0131k kredi i\u00e7in bir s\u00fcredir Bakanlar Kurulu karar\u0131 bekleniyordu. Bu karar\u0131n \u00e7\u0131kmas\u0131n\u0131n ard\u0131ndan KGF ile Hazine birka\u00e7 i\u00e7inde protokol imzalayacak ard\u0131ndan da krediler kulland\u0131r\u0131lmaya ba\u015flanacak.<\/p>\n<p class=\"selectionShareable\"><strong><a href=\"http:\/\/www.ucuncuistanbul.com\/\"><img loading=\"lazy\" class=\"alignleft size-full wp-image-11569\" src=\"http:\/\/emlaktuel.com\/wp-content\/uploads\/2017\/03\/300x250.gif\" alt=\"300x250\" width=\"300\" height=\"250\" \/><\/a>5 YIL VADEL\u0130<\/strong><\/p>\n<p class=\"selectionShareable\">Resmi Gazete\u2019de d\u00fcn yay\u0131nlanan Bakanlar Kurulu karar\u0131na g\u00f6re, kredi garanti kurumlar\u0131nca Hazine deste\u011fiyle sa\u011flanabilecek kefaletlerin toplam bakiye tutar\u0131 250 milyar liraya y\u00fckseltildi. Hazine taraf\u0131ndan kurumlara aktar\u0131lacak kayna\u011f\u0131n limiti ise azami 25 milyar liraya \u00e7\u0131kar\u0131ld\u0131. \u0130\u015fte karar\u0131n ayr\u0131nt\u0131lar\u0131:<\/p>\n<p class=\"selectionShareable\">* Kredi garanti kurumlar\u0131n\u0131n verdi\u011fi kefaletler kar\u015f\u0131l\u0131\u011f\u0131, yararlan\u0131c\u0131lardan her bir kefalet kulland\u0131r\u0131m\u0131 i\u00e7in bir defaya mahsus ve pe\u015fin olarak azami y\u00fczde 0.03 komisyon tahsil edilecek.<\/p>\n<p class=\"selectionShareable\">* \u0130\u015fletme kredilerinin vadesi asgari 6 ay, anapara \u00f6demesiz d\u00f6nemi en fazla bir y\u0131l olmak \u00fczere azami 5 y\u0131l olacak.<\/p>\n<p class=\"selectionShareable\">* Yat\u0131r\u0131m kredilerinin vadesi ise asgari 6 ay, anapara \u00f6demesiz d\u00f6nemi en fazla 3 y\u0131l olmak \u00fczere azami 10 y\u0131l olabilecek.<\/p>\n<p class=\"selectionShareable\">* Kefalet verilmi\u015f kredilerin yeniden vadelendirilmesi\/yap\u0131land\u0131r\u0131lmas\u0131 ve bu durumlarda s\u00f6z konusu s\u00fcrelerin a\u015f\u0131lmas\u0131 durumunda azami s\u00fcrelere en fazla 36 ay eklenebilecek.<\/p>\n<p class=\"selectionShareable\"><strong>12 M\u0130LYON L\u0130RA L\u0130M\u0130T<\/strong><\/p>\n<div class=\"adv-main-container collapsed-adv-area inlineAd\"><\/div>\n<p class=\"selectionShareable\">* Sa\u011flanan kefalet tutar\u0131, KOB\u0130\u2019lerde kredinin tazmin tarihindeki anapara bakiyesiyle temerr\u00fct faizi hari\u00e7 olmak \u00fczere faiz\/k\u00e2r pay\u0131\/kira tutar\u0131 \u00f6demeleri toplam\u0131n\u0131n azami y\u00fczde 90\u2019\u0131n\u0131, KOB\u0130 d\u0131\u015f\u0131nda kalanlarda y\u00fczde 85\u2019ini ge\u00e7emeyecek. Bu oranlar, KOB\u0130\u2019lerde y\u00fczde 85, KOB\u0130 tan\u0131m\u0131 d\u0131\u015f\u0131nda kalan i\u015fletmelerde y\u00fczde 75\u2019ti.<\/p>\n<p class=\"selectionShareable\">* KOB\u0130 ve KOB\u0130 d\u0131\u015f\u0131nda kalan ihracat\u00e7\u0131 ve d\u00f6viz kazand\u0131r\u0131c\u0131 faaliyeti bulunan yararlan\u0131c\u0131lar\u0131n kefalet taleplerinin do\u011frudan Eximbank\u2019a veya kredi veren arac\u0131l\u0131\u011f\u0131yla Eximbank\u2019a y\u00f6nelik ya da kredi veren kaynakl\u0131 olmas\u0131 durumunda bu oran y\u00fczde 100\u2019e kadar art\u0131r\u0131labilecek. B\u00f6ylelikle ihracat\u00e7\u0131ya Eximbank\u2019\u0131n yani s\u0131ra di\u011fer bankalar arac\u0131l\u0131\u011f\u0131yla da y\u00fczde 100\u2019e kadar kefalet sa\u011flanabilecek.<\/p>\n<p class=\"selectionShareable\">* Her bir yararlan\u0131c\u0131 i\u00e7in kefalet limiti, KOB\u0130\u2019lerde 12 milyon lira, di\u011fer yararlan\u0131c\u0131lar i\u00e7in azami 200 milyon lira olmak \u00fczere Hazine taraf\u0131ndan belirlenecek.<\/p>\n<p class=\"selectionShareable\">\n<p class=\"selectionShareable\"><strong>1-2 AY \u0130\u00c7\u0130NDE B\u0130TER<\/strong><\/p>\n<p class=\"selectionShareable\">KRED\u0130 Garanti Fonu yetkilileri, kendi limitlerindeki 20 milyar liral\u0131k kredinin kulland\u0131r\u0131lmas\u0131n\u0131n birka\u00e7 g\u00fcn \u00f6nce bitti\u011fini belirterek, 250 milyar liral\u0131k krediye y\u00f6nelik protokol\u00fcn de birka\u00e7 g\u00fcn i\u00e7inde Hazine ile imzalanmas\u0131n\u0131n planland\u0131\u011f\u0131n\u0131 s\u00f6ylediler. Zaten kendilerinin 250 milyar liral\u0131k krediye y\u00f6nelik de ba\u015fvurular\u0131 almaya ba\u015flad\u0131klar\u0131n\u0131, i\u015flemlerin bir yandan s\u00fcrd\u00fc\u011f\u00fcn\u00fc anlatan yetkililer, protokol\u00fcn imzalanmas\u0131n\u0131n ard\u0131ndan kredinin kulland\u0131r\u0131lmaya ba\u015flanaca\u011f\u0131n\u0131 vurgulad\u0131lar. Kredi kulland\u0131r\u0131m\u0131n\u0131n 1-2 ay i\u00e7inde bitece\u011fi tahmin ediliyor.<\/p>\n<\/div>\n<\/div>\n<\/div>\n<\/div>\n<\/div>\n","protected":false},"excerpt":{"rendered":"<p>Kredi Garanti Fonu\u2019nun KOB\u0130\u2019lere 250 milyar liral\u0131k kredi kayna\u011f\u0131 yaratacak garanti limiti i\u00e7in beklenen Bakanlar Kurulu karar\u0131 \u00e7\u0131kt\u0131. Kredi Garanti Fonu\u2019nun, Hazine ile protokol imzalamas\u0131n\u0131n ard\u0131ndan krediler kulland\u0131r\u0131lmaya ba\u015flanacak. BA\u015eBAKAN Binali Y\u0131ld\u0131r\u0131m\u2019\u0131n ge\u00e7en aral\u0131k ay\u0131nda a\u00e7\u0131klad\u0131\u011f\u0131, reel sekt\u00f6re 250 milyar liral\u0131k kredi yaratacak Kredi Garanti Fonu (KGF) i\u00e7in beklenen karar \u00e7\u0131kt\u0131. Reel sekt\u00f6re kulland\u0131r\u0131lacak 250 [&hellip;]<\/p>\n","protected":false},"author":1,"featured_media":11782,"comment_status":"open","ping_status":"open","sticky":false,"template":"","format":"standard","meta":{"ngg_post_thumbnail":0},"categories":[5213],"tags":[11421,505,11499,6771,277,11118,96],"_links":{"self":[{"href":"https:\/\/emlaktuel.com\/index.php?rest_route=\/wp\/v2\/posts\/11781"}],"collection":[{"href":"https:\/\/emlaktuel.com\/index.php?rest_route=\/wp\/v2\/posts"}],"about":[{"href":"https:\/\/emlaktuel.com\/index.php?rest_route=\/wp\/v2\/types\/post"}],"author":[{"embeddable":true,"href":"https:\/\/emlaktuel.com\/index.php?rest_route=\/wp\/v2\/users\/1"}],"replies":[{"embeddable":true,"href":"https:\/\/emlaktuel.com\/index.php?rest_route=%2Fwp%2Fv2%2Fcomments&post=11781"}],"version-history":[{"count":1,"href":"https:\/\/emlaktuel.com\/index.php?rest_route=\/wp\/v2\/posts\/11781\/revisions"}],"predecessor-version":[{"id":11783,"href":"https:\/\/emlaktuel.com\/index.php?rest_route=\/wp\/v2\/posts\/11781\/revisions\/11783"}],"wp:featuredmedia":[{"embeddable":true,"href":"https:\/\/emlaktuel.com\/index.php?rest_route=\/wp\/v2\/media\/11782"}],"wp:attachment":[{"href":"https:\/\/emlaktuel.com\/index.php?rest_route=%2Fwp%2Fv2%2Fmedia&parent=11781"}],"wp:term":[{"taxonomy":"category","embeddable":true,"href":"https:\/\/emlaktuel.com\/index.php?rest_route=%2Fwp%2Fv2%2Fcategories&post=11781"},{"taxonomy":"post_tag","embeddable":true,"href":"https:\/\/emlaktuel.com\/index.php?rest_route=%2Fwp%2Fv2%2Ftags&post=11781"}],"curies":[{"name":"wp","href":"https:\/\/api.w.org\/{rel}","templated":true}]}}