{"id":11673,"date":"2017-03-07T13:52:31","date_gmt":"2017-03-07T10:52:31","guid":{"rendered":"http:\/\/emlaktuel.com\/?p=11673"},"modified":"2018-07-05T16:05:50","modified_gmt":"2018-07-05T13:05:50","slug":"kabatas-marti-projesi-detaylari-netlesiyor","status":"publish","type":"post","link":"https:\/\/emlaktuel.com\/?p=11673","title":{"rendered":"Kabata\u015f Mart\u0131 Projesi detaylar\u0131 netle\u015fiyor"},"content":{"rendered":"<h1 class=\"news-detail-title selectionShareable\"><img loading=\"lazy\" class=\"wp-image-7063 aligncenter\" src=\"http:\/\/emlaktuel.com\/wp-content\/uploads\/2016\/10\/resized_e178b-208ec4b5marti4.jpg\" alt=\"kabatas mart\u0131 projesi\" width=\"736\" height=\"443\" \/><\/h1>\n<h1 class=\"news-detail-title selectionShareable\">\u00a0\u0130stanbul Kabata\u015f\u2019ta deniz, rayl\u0131 sistem ve karayolu ta\u015f\u0131mac\u0131l\u0131\u011f\u0131n\u0131 kolayla\u015ft\u0131rmak amac\u0131yla hayata ge\u00e7irilecek olan Kabata\u015f Mart\u0131 Proje\u2019sinin detaylar\u0131 netlik kazan\u0131yor.<\/h1>\n<div class=\"soc2 nmobilw\"><\/div>\n<div class=\"centerAd\"><\/div>\n<div class=\"clear-01\"><\/div>\n<div class=\"date-icon\">\u00a0\u0130stanbul Kabata\u015f\u2019ta deniz, rayl\u0131 sistem ve karayolu ta\u015f\u0131mac\u0131l\u0131\u011f\u0131n\u0131 entegre etmek amac\u0131yla yap\u0131m\u0131na ba\u015flanan Mart\u0131 Proje\u2019sinin detaylar\u0131 belli olmaya ba\u015flad\u0131. Projede Kabata\u015f\u2019tan \u00dcsk\u00fcdar\u2019a yap\u0131lacak denizalt\u0131 yaya yolunun yan\u0131 s\u0131ra kafeler, sebze-meyve pazar\u0131, sanat galerisi ve sahaflar da bulunacak.<\/div>\n<div>\n<p>KABATA\u015e Meydan\u0131\u2019nda 100 bin metrekare alana yay\u0131lacak Mart\u0131 Projesi\u2019nin detaylar\u0131 yava\u015f yava\u015f ortaya \u00e7\u0131kmaya ba\u015flad\u0131. \u0130stanbul B\u00fcy\u00fck\u015fehir BelediyesiMart\u0131 Kabata\u015f\u2019a b\u00f6yle konacak.<\/p>\n<p>(\u0130BB) taraf\u0131ndan, \u0130stanbul\u2019da deniz, rayl\u0131 sistem ve karayolu ta\u015f\u0131mac\u0131l\u0131\u011f\u0131n\u0131 entegre etmek amac\u0131yla yap\u0131m\u0131na ba\u015flanan, Mimar Hakan K\u0131ran\u2019\u0131n 2004 y\u0131l\u0131ndan beri \u00fczerinde \u00e7al\u0131\u015ft\u0131\u011f\u0131 proje kapsam\u0131nda denize kaz\u0131klar \u00fczerinde 11 bin 243 metrekare ilave dolgu yap\u0131lacak. Eski dolgu alanla birlikte denizdeki toplam dolgu alan 19 bin 230 metrekare olacak. R\u0131ht\u0131m ve iskeleler kaz\u0131klar \u00fczerine in\u015fa edilecek.<\/p>\n<h2>2 KAT BODRUM OLACAK<\/h2>\n<p>Proje kapsam\u0131nda Kabata\u015f ile \u00dcsk\u00fcdar denizalt\u0131na yap\u0131lacak yaya ve bisiklet yoluyla ba\u011flanacak. Kabata\u015f Meydan\u0131\u2019n\u0131n alt\u0131nda iki kat olacak. Birinde otopark ve teknik alanlar, di\u011ferinde fin\u00fck\u00fcler, toplu ula\u015f\u0131m ba\u011flant\u0131 yolu, sebze meyve pazar\u0131, kafeler, sahaflar, sanat galerisinden olu\u015fan toplam 12 d\u00fckkan bulunacak. Fin\u00fck\u00fcler istasyonunun \u00fcst kat\u0131 y\u0131k\u0131l\u0131p ara\u00e7lar\u0131n ge\u00e7mesi sa\u011flanacak. Tramvay en \u00fcstte a\u00e7\u0131kta olacak. Meydan\u0131n alt\u0131ndaki metro istasyonu eksi 40 metreden konu\u015flanacak. Metrodan inenler y\u00fcr\u00fcyen merpenlerle \u00f6nce alt meydana \u00e7\u0131kacak. Burada otob\u00fcs duraklar\u0131 ve taksi cepleri ve otopark olacak.<\/p>\n<h2>KONSERLER D\u00dcZENLENECEK<\/h2>\n<p>A\u00e7\u0131k meydanda konser, y\u0131lba\u015f\u0131 ya da Ramazan ay\u0131 organizasyonlar\u0131 d\u00fczenlenebilecek. Ula\u015ft\u0131rma raporunda yer alan bilgiye g\u00f6re, vapur iskelesi yolcu kapasitesi y\u00fczde 80 art\u0131yor. Projeye g\u00f6re toplam 4 iskele olacak. Ana iskele \u015eehir Hatlar\u0131\u2019na hizmet verecek. 2 iskele motorlara, Karak\u00f6y taraf\u0131nda olan iskele de deniz otob\u00fcslerine ayr\u0131lacak.<\/p>\n<h2>TUR ARA\u00c7LARI KALKIYOR<\/h2>\n<p>Dolmabah\u00e7e Saray\u0131\u2019n\u0131n \u00f6n\u00fcndeki alanda bekleyen tur operat\u00f6rlerinin ara\u00e7lar\u0131 kald\u0131r\u0131l\u0131p, Kabata\u015f Meydan\u0131\u2019n\u0131n bir alt kat\u0131ndaki 22 otob\u00fcs kapasiteli otopark alan\u0131na \u00e7ekilecek. \u0130SPARK\u2019\u0131n i\u015fletece\u011fi otopark, 25 bin metrekare ve 527 ara\u00e7 kapasiteli. Tur otob\u00fcsleri i\u00e7in de 3 bin 300 metrekarelik otopark yap\u0131lacak. Anadolu yakas\u0131na ge\u00e7ecek olanlar ara\u00e7lar\u0131n\u0131 bu otoparka b\u0131rakabilecek.<\/p>\n<p><img class=\"lazy\" src=\"http:\/\/emlakkulisi.com\/resim\/tamboyut\/NDAzNjU4OD-kabatas-marti-projesinin-detaylari-netlik-kazaniyor.jpg\" width=\"100%\" data-original=\"\/resim\/tamboyut\/NDAzNjU4OD-kabatas-marti-projesinin-detaylari-netlik-kazaniyor.jpg\" \/><\/p>\n<h2>TAR\u0130H\u0130 \u00c7E\u015eME KORUNACAK<\/h2>\n<p>ALANDAK\u0130 tarihi eserler aras\u0131nda, Molla \u00c7elebi Camisi, Hekimo\u011flu Ali Pa\u015fa \u00c7e\u015fmesi, \u00c7izmeci Ba\u015f\u0131 Mahmut A\u011fa Kabri, Koca Yusuf Pa\u015fa \u00c7e\u015fmesi ve sebili, \u015eeyh\u00fclislam Esad \u00c7e\u015fmesi ve Hadika Ta\u015f\u0131 (Kabata\u015f kitabesi) yer al\u0131yor. Meydandaki \u00e7e\u015fme yerinde kalacak. \u00c7e\u015fmeye dokunmamak i\u00e7in, bulundu\u011fu alan bodrum katlara kadar dolu olarak inecek. Yeni d\u00fczenlemeye g\u00f6re, \u00f6n\u00fcnden ge\u00e7en yol yeralt\u0131na al\u0131nd\u0131\u011f\u0131nda, Molla \u00c7elebi Camisi\u2019nin etraf\u0131 geni\u015fleyip, kullan\u0131m imkan\u0131 artacak.<\/p>\n<h2>510 A\u011eA\u00c7 ENVANTERE \u0130\u015eLEND\u0130<\/h2>\n<p>\u0130STANBUL \u00dcniversitesi Orman Fak\u00fcltesi \u00f6\u011fretim \u00fcyelerinden Prof. Dr. H\u00fcseyin Dirik ve Prof. Dr. Kamil \u015eeng\u00f6n\u00fcl taraf\u0131ndan haz\u0131rlanan rapora g\u00f6re, proje alan\u0131ndaki a\u011fa\u00e7 envanteri \u015f\u00f6yle: \u201c77 do\u011fu \u00e7\u0131nar\u0131, 39 kokara\u011fac, 2 incirin de aralar\u0131nda oldu\u011fu, mor salk\u0131m, defne, Londra \u00e7\u0131nar\u0131, yalanc\u0131 akasya, at kestanesi, yabani erik, Himalaya sediri, k\u0131z\u0131l\u00e7am, kiraz ve erguvan t\u00fcrlerinin yer ald\u0131\u011f\u0131 toplam 510 a\u011fa\u00e7. Bunlar\u0131n 312 tanesi normal geli\u015fmi\u015f sa\u011fl\u0131kl\u0131, 147 tanesi zay\u0131f geli\u015fmi\u015f sa\u011fl\u0131kl\u0131 a\u011fa\u00e7. 8\u2019i kurumak \u00fczere, 12\u2019si kurumu\u015f. Envanteri \u00e7\u0131kar\u0131lan a\u011fa\u00e7lar\u0131n ya\u015flar\u0131 5 ila 100 aras\u0131nda. \u00c7o\u011funlu\u011fu 30-40 y\u0131ll\u0131k a\u011fa\u00e7lar. Ba\u015fta kokara\u011fa\u00e7 olmak \u00fczere az say\u0131da kendili\u011finden alana yerle\u015fenler d\u0131\u015f\u0131nda \u00e7o\u011fu dikim yoluyla olu\u015fmu\u015f. Bunlar\u0131n aras\u0131nda 15 tane an\u0131t a\u011fa\u00e7 bulunuyor. Alana ayr\u0131ca bir\u00e7ok yeti\u015fmi\u015f a\u011fa\u00e7 eklenecek.\u201d<\/p>\n<h2>DEN\u0130ZDE ENDEM\u0130K T\u00dcR BULUNMUYOR<\/h2>\n<p>\u0130STANBUL \u00dcniversitesi Su \u00dcr\u00fcnleri Fak\u00fcltesi \u00d6\u011fretim \u00dcyesi Prof. Dr. Bayram \u00d6zt\u00fcrk taraf\u0131ndan, deniz dibi incelendikten sonra haz\u0131rlanan raporun sonu\u00e7 b\u00f6l\u00fcm\u00fcnde, \u201cDolgu veya in\u015faat yap\u0131lacak alanda korunmas\u0131 gereken denizsel t\u00fcrler bulunmamaktad\u0131r. Ayr\u0131ca endemik t\u00fcrler de mevcut de\u011fildir\u201d ifadesi yer al\u0131yor.<\/p>\n<p>H\u00fcrriyet<\/p>\n<\/div>\n","protected":false},"excerpt":{"rendered":"<p>\u00a0\u0130stanbul Kabata\u015f\u2019ta deniz, rayl\u0131 sistem ve karayolu ta\u015f\u0131mac\u0131l\u0131\u011f\u0131n\u0131 kolayla\u015ft\u0131rmak amac\u0131yla hayata ge\u00e7irilecek olan Kabata\u015f Mart\u0131 Proje\u2019sinin detaylar\u0131 netlik kazan\u0131yor. \u00a0\u0130stanbul Kabata\u015f\u2019ta deniz, rayl\u0131 sistem ve karayolu ta\u015f\u0131mac\u0131l\u0131\u011f\u0131n\u0131 entegre etmek amac\u0131yla yap\u0131m\u0131na ba\u015flanan Mart\u0131 Proje\u2019sinin detaylar\u0131 belli olmaya ba\u015flad\u0131. Projede Kabata\u015f\u2019tan \u00dcsk\u00fcdar\u2019a yap\u0131lacak denizalt\u0131 yaya yolunun yan\u0131 s\u0131ra kafeler, sebze-meyve pazar\u0131, sanat galerisi ve sahaflar da [&hellip;]<\/p>\n","protected":false},"author":1,"featured_media":8062,"comment_status":"open","ping_status":"open","sticky":false,"template":"","format":"standard","meta":{"ngg_post_thumbnail":0},"categories":[97,5388],"tags":[183,11512,73,4437,11247,6739,6741,6740,869,11395,106,11097],"_links":{"self":[{"href":"https:\/\/emlaktuel.com\/index.php?rest_route=\/wp\/v2\/posts\/11673"}],"collection":[{"href":"https:\/\/emlaktuel.com\/index.php?rest_route=\/wp\/v2\/posts"}],"about":[{"href":"https:\/\/emlaktuel.com\/index.php?rest_route=\/wp\/v2\/types\/post"}],"author":[{"embeddable":true,"href":"https:\/\/emlaktuel.com\/index.php?rest_route=\/wp\/v2\/users\/1"}],"replies":[{"embeddable":true,"href":"https:\/\/emlaktuel.com\/index.php?rest_route=%2Fwp%2Fv2%2Fcomments&post=11673"}],"version-history":[{"count":1,"href":"https:\/\/emlaktuel.com\/index.php?rest_route=\/wp\/v2\/posts\/11673\/revisions"}],"predecessor-version":[{"id":11674,"href":"https:\/\/emlaktuel.com\/index.php?rest_route=\/wp\/v2\/posts\/11673\/revisions\/11674"}],"wp:featuredmedia":[{"embeddable":true,"href":"https:\/\/emlaktuel.com\/index.php?rest_route=\/wp\/v2\/media\/8062"}],"wp:attachment":[{"href":"https:\/\/emlaktuel.com\/index.php?rest_route=%2Fwp%2Fv2%2Fmedia&parent=11673"}],"wp:term":[{"taxonomy":"category","embeddable":true,"href":"https:\/\/emlaktuel.com\/index.php?rest_route=%2Fwp%2Fv2%2Fcategories&post=11673"},{"taxonomy":"post_tag","embeddable":true,"href":"https:\/\/emlaktuel.com\/index.php?rest_route=%2Fwp%2Fv2%2Ftags&post=11673"}],"curies":[{"name":"wp","href":"https:\/\/api.w.org\/{rel}","templated":true}]}}