{"id":11664,"date":"2017-03-07T13:46:27","date_gmt":"2017-03-07T10:46:27","guid":{"rendered":"http:\/\/emlaktuel.com\/?p=11664"},"modified":"2018-07-05T16:05:45","modified_gmt":"2018-07-05T13:05:45","slug":"tongucta-kavsak-insaatlari-tamamlandi","status":"publish","type":"post","link":"https:\/\/emlaktuel.com\/?p=11664","title":{"rendered":"Tongu\u00e7\u2019ta kav\u015fak in\u015faatlar\u0131 tamamland\u0131"},"content":{"rendered":"<p><img loading=\"lazy\" class=\"wp-image-11666 aligncenter\" src=\"http:\/\/emlaktuel.com\/wp-content\/uploads\/2017\/03\/1488882619_Tongu___T__nel_Ge__i__i__3_.jpeg\" alt=\"1488882619_Tongu___T__nel_Ge__i__i__3_\" width=\"720\" height=\"469\" \/><\/p>\n<p><strong>Antalya B\u00fcy\u00fck\u015fehir Belediyesi\u2019nin \u015earampol Projesi kapsam\u0131nda Tongu\u00e7 Caddesi \u00fczerinde ba\u015flatt\u0131\u011f\u0131 hemzemin ge\u00e7i\u015f ve katl\u0131 kav\u015fak in\u015faatlar\u0131n\u0131 tamamland\u0131. Son r\u00f6tu\u015flar\u0131 yap\u0131lan kav\u015faklar boyama i\u015fleminin ard\u0131ndan asfaltlanacak.<\/strong><\/p>\n<p>&nbsp;<\/p>\n<p>B\u00fcy\u00fck\u015fehir Belediyesi\u2019nin Antalya\u2019n\u0131n en eski caddelerinden birisi olan \u015earampol Caddesi\u2019ni canland\u0131rmak, ticaret ve sosyal hayat\u0131n yeni merkezi yapmak i\u00e7in \u201cEfsane Geri D\u00f6n\u00fcyor\u201d slogan\u0131yla ba\u015flatt\u0131\u011f\u0131 proje t\u00fcm h\u0131z\u0131yla s\u00fcr\u00fcyor. Proje kapsam\u0131nda b\u00f6lgenin ula\u015f\u0131m sorunu \u00e7\u00f6zecek \u00e7al\u0131\u015fmalarda da sona gelindi. Ta\u015f\u0131t trafi\u011fi aya\u011f\u0131n\u0131 \u00e7\u00f6zecek birinci etap \u00e7al\u0131\u015fmalar\u0131 kapsam\u0131nda Tongu\u00e7 Caddesi\u2019nin Eski \u015earampol Caddesi, \u015earampol Caddesi ve 620 Sokak kesi\u015fimlerinde ba\u015flat\u0131lan yeralt\u0131 ge\u00e7i\u015fli \u00fc\u00e7 kav\u015fa\u011f\u0131n yap\u0131m\u0131 tamamland\u0131. Bu \u00fc\u00e7 noktan\u0131n \u0131\u015f\u0131ks\u0131z ge\u00e7ilmesiyle yayala\u015ft\u0131rma projesinde bir kesinti olmayacak.<\/p>\n<h2><strong>Alt ge\u00e7itte asfaltlama ba\u015flayacak<\/strong><\/h2>\n<p>\u0130n\u015faat \u00e7al\u0131\u015fmalar\u0131n\u0131n tamamland\u0131\u011f\u0131n\u0131 belirten B\u00fcy\u00fck\u015fehir Belediyesi Fen \u0130\u015fleri Dairesi yetkilileri, \u201cSon olarak Tongu\u00e7-\u015earampol kesi\u015fiminde k\u00f6pr\u00fcn\u00fcn de betonarme i\u015flemi tamamland\u0131. Alt ge\u00e7i\u015fin duvarlar\u0131n\u0131n boya badana i\u015flemi yap\u0131l\u0131yor. Daha sonra asfaltlama \u00e7al\u0131\u015fmalar\u0131 ba\u015flayacak. Elektrik i\u015fleri de tamamlanmak \u00fczere. Art\u0131k ince i\u015f\u00e7ilik diyebilece\u011fimiz kald\u0131r\u0131m \u00e7al\u0131\u015fmas\u0131, hemzeminlerin doldurulmas\u0131 ve yaya korkuluklar\u0131 \u00e7al\u0131\u015fmalar\u0131na ba\u015flanacak\u201d dedi.<\/p>\n","protected":false},"excerpt":{"rendered":"<p>Antalya B\u00fcy\u00fck\u015fehir Belediyesi\u2019nin \u015earampol Projesi kapsam\u0131nda Tongu\u00e7 Caddesi \u00fczerinde ba\u015flatt\u0131\u011f\u0131 hemzemin ge\u00e7i\u015f ve katl\u0131 kav\u015fak in\u015faatlar\u0131n\u0131 tamamland\u0131. Son r\u00f6tu\u015flar\u0131 yap\u0131lan kav\u015faklar boyama i\u015fleminin ard\u0131ndan asfaltlanacak. &nbsp; B\u00fcy\u00fck\u015fehir Belediyesi\u2019nin Antalya\u2019n\u0131n en eski caddelerinden birisi olan \u015earampol Caddesi\u2019ni canland\u0131rmak, ticaret ve sosyal hayat\u0131n yeni merkezi yapmak i\u00e7in \u201cEfsane Geri D\u00f6n\u00fcyor\u201d slogan\u0131yla ba\u015flatt\u0131\u011f\u0131 proje t\u00fcm h\u0131z\u0131yla s\u00fcr\u00fcyor. Proje [&hellip;]<\/p>\n","protected":false},"author":1,"featured_media":11666,"comment_status":"open","ping_status":"open","sticky":false,"template":"","format":"standard","meta":{"ngg_post_thumbnail":0},"categories":[26,97],"tags":[6735,6737,180,6170,67,11326,320,106,6736],"_links":{"self":[{"href":"https:\/\/emlaktuel.com\/index.php?rest_route=\/wp\/v2\/posts\/11664"}],"collection":[{"href":"https:\/\/emlaktuel.com\/index.php?rest_route=\/wp\/v2\/posts"}],"about":[{"href":"https:\/\/emlaktuel.com\/index.php?rest_route=\/wp\/v2\/types\/post"}],"author":[{"embeddable":true,"href":"https:\/\/emlaktuel.com\/index.php?rest_route=\/wp\/v2\/users\/1"}],"replies":[{"embeddable":true,"href":"https:\/\/emlaktuel.com\/index.php?rest_route=%2Fwp%2Fv2%2Fcomments&post=11664"}],"version-history":[{"count":2,"href":"https:\/\/emlaktuel.com\/index.php?rest_route=\/wp\/v2\/posts\/11664\/revisions"}],"predecessor-version":[{"id":11668,"href":"https:\/\/emlaktuel.com\/index.php?rest_route=\/wp\/v2\/posts\/11664\/revisions\/11668"}],"wp:featuredmedia":[{"embeddable":true,"href":"https:\/\/emlaktuel.com\/index.php?rest_route=\/wp\/v2\/media\/11666"}],"wp:attachment":[{"href":"https:\/\/emlaktuel.com\/index.php?rest_route=%2Fwp%2Fv2%2Fmedia&parent=11664"}],"wp:term":[{"taxonomy":"category","embeddable":true,"href":"https:\/\/emlaktuel.com\/index.php?rest_route=%2Fwp%2Fv2%2Fcategories&post=11664"},{"taxonomy":"post_tag","embeddable":true,"href":"https:\/\/emlaktuel.com\/index.php?rest_route=%2Fwp%2Fv2%2Ftags&post=11664"}],"curies":[{"name":"wp","href":"https:\/\/api.w.org\/{rel}","templated":true}]}}