{"id":11593,"date":"2017-03-06T17:13:38","date_gmt":"2017-03-06T14:13:38","guid":{"rendered":"http:\/\/emlaktuel.com\/?p=11593"},"modified":"2018-07-05T16:04:53","modified_gmt":"2018-07-05T13:04:53","slug":"ofton-beyoglunda-simdi-al-1-yil-odeme-yapma-kampanyasi-basladi","status":"publish","type":"post","link":"https:\/\/emlaktuel.com\/?p=11593","title":{"rendered":"Ofton Beyo\u011flu\u2019nda \u2018\u015eimdi al, 1 y\u0131l \u00f6deme yapma\u2019 kampanyas\u0131 ba\u015flad\u0131!"},"content":{"rendered":"<p><img loading=\"lazy\" class=\"alignleft size-full wp-image-11594\" src=\"http:\/\/emlaktuel.com\/wp-content\/uploads\/2017\/03\/ofton.jpg\" alt=\"ofton\" width=\"2000\" height=\"1100\" \/><\/p>\n<p><strong>\u015eehrin kalbinde ya\u015fa, 1 y\u0131l \u00f6deme yapma<\/strong><\/p>\n<p>Merkezi noktalara yak\u0131nl\u0131\u011f\u0131 ve ula\u015f\u0131m avantajlar\u0131 ile \u0130stanbul\u2019un b\u00fct\u00fcn g\u00fczelliklerini ya\u015famak isteyenlerin ihtiya\u00e7lar\u0131n\u0131 kar\u015f\u0131layacak \u015fekilde dizayn edilen Ofton Beyo\u011flu\u2019nda ba\u015flayan yeni kampanya kapsam\u0131nda \u00f6demeler 1 y\u0131l sonra ba\u015flayacak. Ald\u0131klar\u0131 evin y\u00fczde 25\u2019ini pe\u015fin olarak \u00f6deyen yat\u0131r\u0131mc\u0131lar, taksit \u00f6demelerine 1 y\u0131l sonra ba\u015flama f\u0131rsat\u0131 yakalayacak.<\/p>\n<p>&nbsp;<\/p>\n<p>Ekim 2017\u2019de teslim edilmesi planlanan Ofton Beyo\u011flu, 221 ba\u011f\u0131ms\u0131z b\u00f6l\u00fcm ve 4 adet ticari birimden olu\u015fuyor. \u0130stanbul\u2019un ruhunu sonsuz ya\u015fatmak i\u00e7in tasarlanan Ofton Beyo\u011flu\u2019nda alanlar\u0131 37 ila 44 metrekare aras\u0131nda de\u011fi\u015fen 1+0\u2019lar, alanlar\u0131 54 ila 81 metrekare aras\u0131nda de\u011fi\u015fen 1+1\u2019ler, alanlar\u0131 80 ila 107 metrekare aras\u0131nda de\u011fi\u015fen bah\u00e7e kullan\u0131ml\u0131 1+1\u2019ler, alanlar\u0131 92 ila 117 metrekare aras\u0131nda de\u011fi\u015fen 2+1\u2019ler bulunuyor. Projede metrekare fiyatlar\u0131 10 bin TL\u2019den ba\u015fl\u0131yor.<\/p>\n<p>&nbsp;<\/p>\n<p>Taksim ve metroya 1 km, Ni\u015fanta\u015f\u0131\u2019na 2 km ve 15 Temmuz \u015eehitler K\u00f6pr\u00fcs\u00fc\u2019ne 6,5 km mesafede yer alan projede; kapal\u0131 y\u00fczme havuzu, fitness salonu, sauna ve buhar odalar\u0131 ile kapal\u0131 otopark yer al\u0131yor. \u00c7amo\u011flu Mimarl\u0131k taraf\u0131ndan tasarlanan<\/p>\n<p><strong>Ofton Beyo\u011flu\u2019nda \u2018\u015eimdi al, 1 y\u0131l \u00f6deme yapma\u2019 kampanyas\u0131 ba\u015flad\u0131!<\/strong><\/p>\n<p><strong>\u015eehrin kalbinde ya\u015fa, 1 y\u0131l \u00f6deme yapma<\/strong><\/p>\n<p>Merkezi noktalara yak\u0131nl\u0131\u011f\u0131 ve ula\u015f\u0131m avantajlar\u0131 ile \u0130stanbul\u2019un b\u00fct\u00fcn g\u00fczelliklerini ya\u015famak isteyenlerin ihtiya\u00e7lar\u0131n\u0131 kar\u015f\u0131layacak \u015fekilde dizayn edilen Ofton Beyo\u011flu\u2019nda ba\u015flayan yeni kampanya kapsam\u0131nda \u00f6demeler 1 y\u0131l sonra ba\u015flayacak. Ald\u0131klar\u0131 evin y\u00fczde 25\u2019ini pe\u015fin olarak \u00f6deyen yat\u0131r\u0131mc\u0131lar, taksit \u00f6demelerine 1 y\u0131l sonra ba\u015flama f\u0131rsat\u0131 yakalayacak.<\/p>\n<p>&nbsp;<\/p>\n<p>Ekim 2017\u2019de teslim edilmesi planlanan Ofton Beyo\u011flu, 221 ba\u011f\u0131ms\u0131z b\u00f6l\u00fcm ve 4 adet ticari birimden olu\u015fuyor. \u0130stanbul\u2019un ruhunu sonsuz ya\u015fatmak i\u00e7in tasarlanan Ofton Beyo\u011flu\u2019nda alanlar\u0131 37 ila 44 metrekare aras\u0131nda de\u011fi\u015fen 1+0\u2019lar, alanlar\u0131 54 ila 81 metrekare aras\u0131nda de\u011fi\u015fen 1+1\u2019ler, alanlar\u0131 80 ila 107 metrekare aras\u0131nda de\u011fi\u015fen bah\u00e7e kullan\u0131ml\u0131 1+1\u2019ler, alanlar\u0131 92 ila 117 metrekare aras\u0131nda de\u011fi\u015fen 2+1\u2019ler bulunuyor. Projede metrekare fiyatlar\u0131 10 bin TL\u2019den ba\u015fl\u0131yor.<\/p>\n<p>&nbsp;<\/p>\n<p><a href=\"http:\/\/www.ucuncuistanbul.com\/\"><img loading=\"lazy\" class=\"alignleft size-full wp-image-11569\" src=\"http:\/\/emlaktuel.com\/wp-content\/uploads\/2017\/03\/300x250.gif\" alt=\"300x250\" width=\"300\" height=\"250\" \/><\/a>Taksim ve metroya 1 km, Ni\u015fanta\u015f\u0131\u2019na 2 km ve 15 Temmuz \u015eehitler K\u00f6pr\u00fcs\u00fc\u2019ne 6,5 km mesafede yer alan projede; kapal\u0131 y\u00fczme havuzu, fitness salonu, sauna ve buhar odalar\u0131 ile kapal\u0131 otopark yer al\u0131yor. \u00c7amo\u011flu Mimarl\u0131k taraf\u0131ndan tasarlanan Ofton Beyo\u011flu, modern mimarisi, geni\u015f peyzaj alan\u0131 ve mod\u00fcler ev sistemi gibi ayr\u0131cal\u0131klar sunuyor. Proje, istenilen metrekarede daireleri birle\u015ftirme se\u00e7enekleriyle her ihtiyaca kar\u015f\u0131l\u0131k veriyor.<\/p>\n<p>Ofton Beyo\u011flu, modern mimarisi, geni\u015f peyzaj alan\u0131 ve mod\u00fcler ev sistemi gibi ayr\u0131cal\u0131klar sunuyor. Proje, istenilen metrekarede daireleri birle\u015ftirme se\u00e7enekleriyle her ihtiyaca kar\u015f\u0131l\u0131k veriyor.<\/p>\n","protected":false},"excerpt":{"rendered":"<p>\u015eehrin kalbinde ya\u015fa, 1 y\u0131l \u00f6deme yapma Merkezi noktalara yak\u0131nl\u0131\u011f\u0131 ve ula\u015f\u0131m avantajlar\u0131 ile \u0130stanbul\u2019un b\u00fct\u00fcn g\u00fczelliklerini ya\u015famak isteyenlerin ihtiya\u00e7lar\u0131n\u0131 kar\u015f\u0131layacak \u015fekilde dizayn edilen Ofton Beyo\u011flu\u2019nda ba\u015flayan yeni kampanya kapsam\u0131nda \u00f6demeler 1 y\u0131l sonra ba\u015flayacak. Ald\u0131klar\u0131 evin y\u00fczde 25\u2019ini pe\u015fin olarak \u00f6deyen yat\u0131r\u0131mc\u0131lar, taksit \u00f6demelerine 1 y\u0131l sonra ba\u015flama f\u0131rsat\u0131 yakalayacak. &nbsp; Ekim 2017\u2019de teslim [&hellip;]<\/p>\n","protected":false},"author":1,"featured_media":11594,"comment_status":"open","ping_status":"open","sticky":false,"template":"","format":"standard","meta":{"ngg_post_thumbnail":0},"categories":[5219,97,5388],"tags":[2390,4857,11094,544,11084,11104,11343,11118,6699,6702,6701,6700,291,11480],"_links":{"self":[{"href":"https:\/\/emlaktuel.com\/index.php?rest_route=\/wp\/v2\/posts\/11593"}],"collection":[{"href":"https:\/\/emlaktuel.com\/index.php?rest_route=\/wp\/v2\/posts"}],"about":[{"href":"https:\/\/emlaktuel.com\/index.php?rest_route=\/wp\/v2\/types\/post"}],"author":[{"embeddable":true,"href":"https:\/\/emlaktuel.com\/index.php?rest_route=\/wp\/v2\/users\/1"}],"replies":[{"embeddable":true,"href":"https:\/\/emlaktuel.com\/index.php?rest_route=%2Fwp%2Fv2%2Fcomments&post=11593"}],"version-history":[{"count":1,"href":"https:\/\/emlaktuel.com\/index.php?rest_route=\/wp\/v2\/posts\/11593\/revisions"}],"predecessor-version":[{"id":11595,"href":"https:\/\/emlaktuel.com\/index.php?rest_route=\/wp\/v2\/posts\/11593\/revisions\/11595"}],"wp:featuredmedia":[{"embeddable":true,"href":"https:\/\/emlaktuel.com\/index.php?rest_route=\/wp\/v2\/media\/11594"}],"wp:attachment":[{"href":"https:\/\/emlaktuel.com\/index.php?rest_route=%2Fwp%2Fv2%2Fmedia&parent=11593"}],"wp:term":[{"taxonomy":"category","embeddable":true,"href":"https:\/\/emlaktuel.com\/index.php?rest_route=%2Fwp%2Fv2%2Fcategories&post=11593"},{"taxonomy":"post_tag","embeddable":true,"href":"https:\/\/emlaktuel.com\/index.php?rest_route=%2Fwp%2Fv2%2Ftags&post=11593"}],"curies":[{"name":"wp","href":"https:\/\/api.w.org\/{rel}","templated":true}]}}