{"id":11554,"date":"2017-03-04T13:19:26","date_gmt":"2017-03-04T10:19:26","guid":{"rendered":"http:\/\/emlaktuel.com\/?p=11554"},"modified":"2018-07-05T16:04:31","modified_gmt":"2018-07-05T13:04:31","slug":"dekon-senkron-lansman-satislarina-start-veriyor","status":"publish","type":"post","link":"https:\/\/emlaktuel.com\/?p=11554","title":{"rendered":"Dekon Senkron lansman sat\u0131\u015flar\u0131na start veriyor"},"content":{"rendered":"<div>\n<div id=\"haberdetaybaslik\">\n<h1><img loading=\"lazy\" class=\"size-full wp-image-11557 aligncenter\" src=\"http:\/\/emlaktuel.com\/wp-content\/uploads\/2017\/03\/dekon-senkron-660x300_tepe.jpg\" alt=\"dekon-senkron\" width=\"660\" height=\"300\" \/><\/h1>\n<h1>Dekon Senkron projesinde 9 martta ger\u00e7ekle\u015ftirilecek bas\u0131n toplant\u0131s\u0131ndan sonra lansman sat\u0131\u015flar\u0131n\u0131n ba\u015flayaca\u011f\u0131 \u00f6n sat\u0131\u015f s\u00fcreci devam ediyor.<\/h1>\n<div><\/div>\n<\/div>\n<div><\/div>\n<\/div>\n<div><img loading=\"lazy\" class=\"alignleft  wp-image-11556\" src=\"http:\/\/emlaktuel.com\/wp-content\/uploads\/2017\/03\/dekon-senkron_99189.jpg\" alt=\"dekon-senkron_99189\" width=\"553\" height=\"263\" \/><\/div>\n<div>\n<div><\/div>\n<p><span style=\"color: #2e2e2e;\"><strong>Dekon Yap\u0131<\/strong>&#8216;n\u0131n hayata ge\u00e7irece\u011fi yeni projesi <strong>Dekon Senkron<\/strong>\u00a09 Mart&#8217;ta g\u00f6r\u00fcc\u00fcye \u00e7\u0131k\u0131yor. Yap\u0131m\u0131 devam eden <strong>\u0130stanbul Finans Merkezi&#8217;ne<\/strong> kom\u015fu konumda bulunan ve tek blok halinde in\u015faa edilece\u00a0olan projede 1+1 ve 2+1 daireler ve\u00a0170 rezidans daire ile 5.000 metrekare \u00fczerinde ticari \u00fcniteler yer alacak. <\/span><\/p>\n<p><span style=\"color: #2e2e2e;\">Projede \u00f6n talep toplama s\u00fcrecinin sonuna gelindi.\u00a0Lansman sat\u0131\u015flar\u0131 9 mart per\u015fembe g\u00fcn\u00fc ger\u00e7ekle\u015ftirilecek bas\u0131n toplant\u0131s\u0131n\u0131n sonras\u0131nda\u00a0ba\u015flayacak. <strong>Konut fiyatlar\u0131<\/strong>\u00a0394.000 TL&#8217;den ba\u015flayan\u00a0projede y\u00fczde 5 pe\u015fin, 48 ay &#8216;0&#8217; faiz ve ayl\u0131k 1.800 Liradan ba\u015flayan taksitlerle yat\u0131r\u0131m yapma imkan\u0131\u00a0bulunuyor.\u00a0<\/span><\/p>\n<p><img loading=\"lazy\" class=\"size-full wp-image-11555 alignnone\" src=\"http:\/\/emlaktuel.com\/wp-content\/uploads\/2017\/03\/dekon-senkron.jpg\" alt=\"dekon-senkron\" width=\"630\" height=\"355\" \/><\/p>\n<p>Web:\u00a0<a href=\"http:\/\/dekonsenkron.com\/\">http:\/\/dekonsenkron.com\/<\/a><\/p>\n<\/div>\n","protected":false},"excerpt":{"rendered":"<p>Dekon Senkron projesinde 9 martta ger\u00e7ekle\u015ftirilecek bas\u0131n toplant\u0131s\u0131ndan sonra lansman sat\u0131\u015flar\u0131n\u0131n ba\u015flayaca\u011f\u0131 \u00f6n sat\u0131\u015f s\u00fcreci devam ediyor. Dekon Yap\u0131&#8216;n\u0131n hayata ge\u00e7irece\u011fi yeni projesi Dekon Senkron\u00a09 Mart&#8217;ta g\u00f6r\u00fcc\u00fcye \u00e7\u0131k\u0131yor. Yap\u0131m\u0131 devam eden \u0130stanbul Finans Merkezi&#8217;ne kom\u015fu konumda bulunan ve tek blok halinde in\u015faa edilece\u00a0olan projede 1+1 ve 2+1 daireler ve\u00a0170 rezidans daire ile 5.000 metrekare \u00fczerinde [&hellip;]<\/p>\n","protected":false},"author":1,"featured_media":11557,"comment_status":"open","ping_status":"open","sticky":false,"template":"","format":"standard","meta":{"ngg_post_thumbnail":0},"categories":[219,97,5388],"tags":[6680,6682,6681,4166,11354,1275,256,11098,11636,11206,11437],"_links":{"self":[{"href":"https:\/\/emlaktuel.com\/index.php?rest_route=\/wp\/v2\/posts\/11554"}],"collection":[{"href":"https:\/\/emlaktuel.com\/index.php?rest_route=\/wp\/v2\/posts"}],"about":[{"href":"https:\/\/emlaktuel.com\/index.php?rest_route=\/wp\/v2\/types\/post"}],"author":[{"embeddable":true,"href":"https:\/\/emlaktuel.com\/index.php?rest_route=\/wp\/v2\/users\/1"}],"replies":[{"embeddable":true,"href":"https:\/\/emlaktuel.com\/index.php?rest_route=%2Fwp%2Fv2%2Fcomments&post=11554"}],"version-history":[{"count":1,"href":"https:\/\/emlaktuel.com\/index.php?rest_route=\/wp\/v2\/posts\/11554\/revisions"}],"predecessor-version":[{"id":11558,"href":"https:\/\/emlaktuel.com\/index.php?rest_route=\/wp\/v2\/posts\/11554\/revisions\/11558"}],"wp:featuredmedia":[{"embeddable":true,"href":"https:\/\/emlaktuel.com\/index.php?rest_route=\/wp\/v2\/media\/11557"}],"wp:attachment":[{"href":"https:\/\/emlaktuel.com\/index.php?rest_route=%2Fwp%2Fv2%2Fmedia&parent=11554"}],"wp:term":[{"taxonomy":"category","embeddable":true,"href":"https:\/\/emlaktuel.com\/index.php?rest_route=%2Fwp%2Fv2%2Fcategories&post=11554"},{"taxonomy":"post_tag","embeddable":true,"href":"https:\/\/emlaktuel.com\/index.php?rest_route=%2Fwp%2Fv2%2Ftags&post=11554"}],"curies":[{"name":"wp","href":"https:\/\/api.w.org\/{rel}","templated":true}]}}