{"id":11526,"date":"2017-03-04T12:44:08","date_gmt":"2017-03-04T09:44:08","guid":{"rendered":"http:\/\/emlaktuel.com\/?p=11526"},"modified":"2018-07-05T16:04:05","modified_gmt":"2018-07-05T13:04:05","slug":"besiktasta-lens-heyecani","status":"publish","type":"post","link":"https:\/\/emlaktuel.com\/?p=11526","title":{"rendered":"Be\u015fikta\u015f\u2019ta Lens heyecan\u0131"},"content":{"rendered":"<h1><\/h1>\n<div class=\"image\"><img loading=\"lazy\" src=\"http:\/\/ia.sabah.com.tr\/34823f\/650\/344\/0\/142\/1000\/671?u=http:\/\/i.sabah.com.tr\/sbh\/2017\/03\/04\/besiktasta-lens-heyecani-1488579871052.jpg\" alt=\"Be\u015fikta\u015f\u2019ta Lens heyecan\u0131\" width=\"650\" height=\"344\" \/><\/div>\n<div class=\"txt\">\n<div class=\"txtIn\">\n<article id=\"contextual\" class=\"selectionShareable\">\n<h2>F.Bah\u00e7e\u2019de kiral\u0131k oynayan Hollandal\u0131 y\u0131ld\u0131z\u0131 listesine alan siyah-beyazl\u0131lar\u0131n kozu \u015eampiyonlar Ligi olacak<\/h2>\n<p>Transfer harekat\u0131na \u015fimdiden ba\u015flayan Be\u015fikta\u015f&#8217;\u0131n, Fenerbah\u00e7e&#8217;de kiral\u0131k oynayan Jeremain Lens&#8217;i listesine dahil etmesi camiada b\u00fcy\u00fck heyecan yaratt\u0131. <b>Taraftarlar, sosyal<\/b> <b>medyadaki yorumlar\u0131yla<\/b><b>Hollandal\u0131 kanat<\/b> <b>oyuncusu i\u00e7in y\u00f6netime<\/b> <b>tam destek verdi.<\/b><br \/>\nBu transfer i\u00e7in bizzat kendisi ilgilenen Be\u015fikta\u015f Ba\u015fkan\u0131 Fikret Orman, ge\u00e7ti\u011fimiz g\u00fcnlerde gitti\u011fi \u0130ngiltere&#8217;de y\u0131ld\u0131z futbolcu i\u00e7in kul\u00fcb\u00fc Sunderland ile Lens&#8217;in menajeriyle g\u00f6r\u00fc\u015fmelerde bulunmu\u015ftu. <b>Kartal&#8217;\u0131n \u015eampiyonlar<\/b> <b>Ligi kozunun, Jeremain<\/b> <b>Lens&#8217;e de cazip geldi\u011fi<\/b> <b>ifade ediliyor.<\/b><\/p>\n<p><strong>22 MA\u00c7<br \/>\n4 GOL<br \/>\n10 AS\u0130ST<br \/>\n6 SARI KART<\/strong><\/p>\n<p>&nbsp;<\/p>\n<\/article>\n<\/div>\n<\/div>\n","protected":false},"excerpt":{"rendered":"<p>F.Bah\u00e7e\u2019de kiral\u0131k oynayan Hollandal\u0131 y\u0131ld\u0131z\u0131 listesine alan siyah-beyazl\u0131lar\u0131n kozu \u015eampiyonlar Ligi olacak Transfer harekat\u0131na \u015fimdiden ba\u015flayan Be\u015fikta\u015f&#8217;\u0131n, Fenerbah\u00e7e&#8217;de kiral\u0131k oynayan Jeremain Lens&#8217;i listesine dahil etmesi camiada b\u00fcy\u00fck heyecan yaratt\u0131. Taraftarlar, sosyal medyadaki yorumlar\u0131ylaHollandal\u0131 kanat oyuncusu i\u00e7in y\u00f6netime tam destek verdi. Bu transfer i\u00e7in bizzat kendisi ilgilenen Be\u015fikta\u015f Ba\u015fkan\u0131 Fikret Orman, ge\u00e7ti\u011fimiz g\u00fcnlerde gitti\u011fi \u0130ngiltere&#8217;de y\u0131ld\u0131z [&hellip;]<\/p>\n","protected":false},"author":1,"featured_media":11527,"comment_status":"open","ping_status":"open","sticky":false,"template":"","format":"standard","meta":{"ngg_post_thumbnail":0},"categories":[5214],"tags":[4444,11419,1618,6677,109,11123,118],"_links":{"self":[{"href":"https:\/\/emlaktuel.com\/index.php?rest_route=\/wp\/v2\/posts\/11526"}],"collection":[{"href":"https:\/\/emlaktuel.com\/index.php?rest_route=\/wp\/v2\/posts"}],"about":[{"href":"https:\/\/emlaktuel.com\/index.php?rest_route=\/wp\/v2\/types\/post"}],"author":[{"embeddable":true,"href":"https:\/\/emlaktuel.com\/index.php?rest_route=\/wp\/v2\/users\/1"}],"replies":[{"embeddable":true,"href":"https:\/\/emlaktuel.com\/index.php?rest_route=%2Fwp%2Fv2%2Fcomments&post=11526"}],"version-history":[{"count":1,"href":"https:\/\/emlaktuel.com\/index.php?rest_route=\/wp\/v2\/posts\/11526\/revisions"}],"predecessor-version":[{"id":11528,"href":"https:\/\/emlaktuel.com\/index.php?rest_route=\/wp\/v2\/posts\/11526\/revisions\/11528"}],"wp:featuredmedia":[{"embeddable":true,"href":"https:\/\/emlaktuel.com\/index.php?rest_route=\/wp\/v2\/media\/11527"}],"wp:attachment":[{"href":"https:\/\/emlaktuel.com\/index.php?rest_route=%2Fwp%2Fv2%2Fmedia&parent=11526"}],"wp:term":[{"taxonomy":"category","embeddable":true,"href":"https:\/\/emlaktuel.com\/index.php?rest_route=%2Fwp%2Fv2%2Fcategories&post=11526"},{"taxonomy":"post_tag","embeddable":true,"href":"https:\/\/emlaktuel.com\/index.php?rest_route=%2Fwp%2Fv2%2Ftags&post=11526"}],"curies":[{"name":"wp","href":"https:\/\/api.w.org\/{rel}","templated":true}]}}