{"id":11428,"date":"2017-03-01T13:33:44","date_gmt":"2017-03-01T10:33:44","guid":{"rendered":"http:\/\/emlaktuel.com\/?p=11428"},"modified":"2018-07-05T16:02:58","modified_gmt":"2018-07-05T13:02:58","slug":"subatta-gida-pahalilandi-giyim-ucuzladi","status":"publish","type":"post","link":"https:\/\/emlaktuel.com\/?p=11428","title":{"rendered":"\u015eubatta g\u0131da pahal\u0131land\u0131 giyim ucuzlad\u0131"},"content":{"rendered":"<div class=\"row clearfix news-box news-detail-top\"><\/div>\n<div class=\"news-detail-content\">\n<div class=\"row clearfix\">\n<div class=\"col-md-12\">\n<div class=\"news-detail-spot news-detail-spot-margin\">\n<h2 class=\"selectionShareable\"><img loading=\"lazy\" class=\"aligncenter size-full wp-image-11429\" src=\"http:\/\/emlaktuel.com\/wp-content\/uploads\/2017\/03\/58b6a0f667b0a900203eddfe.jpg\" alt=\"g\u0131da\" width=\"590\" height=\"332\" \/><\/h2>\n<h2 class=\"selectionShareable\">\u0130stanbul&#8217;da \u015eubat ay\u0131nda perakende fiyatlar y\u00fczde 0.33, g\u0131da harcamalar\u0131 grubu ise y\u00fczde 1.04 artarken; giyim harcamalar\u0131nda y\u00fczde 5.21 azalma kaydedildi.<\/h2>\n<\/div>\n<div class=\"news-image news-detail-image-margin\"><\/div>\n<div class=\"news-detail-text\">\n<div class=\"news-box\">\n<p class=\"selectionShareable\">\u0130stanbul Ticaret Odas\u0131&#8217;n\u0131n (\u0130TO) \u0130stanbul i\u00e7in haz\u0131rlad\u0131\u011f\u0131 ve 1995 bazl\u0131 \u00fccretliler ge\u00e7inme endeksine g\u00f6re \u015eubat&#8217;ta toptan fiyatlar y\u00fczde 0.20 artt\u0131.<\/p>\n<p class=\"selectionShareable\">Perakende fiyatlar 2017 \u015eubat ay\u0131nda bir \u00f6nceki y\u0131l\u0131n ayn\u0131 ay\u0131na g\u00f6re y\u00fczde 8.52, toptan fiyatlar ise y\u00fczde 12.29 artt\u0131.<\/p>\n<p class=\"selectionShareable\">Halk Yat\u0131r\u0131m notunda taze sebze ve meyve fiyat art\u0131\u015flar\u0131nda Ocak&#8217;tan sonra \u00f6nemli bir yava\u015flama oldu\u011funu, ev e\u015fya grubunda yap\u0131lan vergi indirimlerinin fiyatlara yans\u0131d\u0131\u011f\u0131n\u0131 da g\u00f6sterdi\u011fi belirtilerek, &#8220;Sa\u011fl\u0131k ve k\u00fclt\u00fcr-e\u011fitim sekt\u00f6r\u00fcnde kurun yans\u0131ma etkisinin devam etti\u011fi g\u00f6zlenirken; giyim sekt\u00f6r\u00fcndeki mevsimsel d\u00fc\u015f\u00fc\u015f\u00fcn \u0131l\u0131ml\u0131 enflasyon rakam\u0131n\u0131 destekledi\u011fi g\u00f6r\u00fcl\u00fcyor&#8221; denildi ve \u015f\u00f6yle devam edildi:<\/p>\n<p class=\"selectionShareable\">&#8220;Her ne kadar ge\u00e7en y\u0131l\u0131n \u015eubat ay\u0131na ait &#8216;eksi&#8217; verinin olu\u015fturdu\u011fu baz etkisine ba\u011fl\u0131 olarak y\u0131ll\u0131k enflasyonun y\u00fckseli\u015fine devam etmesi muhtemel g\u00f6r\u00fcnse de beklentilere g\u00f6re daha \u0131l\u0131ml\u0131 bir ayl\u0131k oranla kar\u015f\u0131la\u015f\u0131labilir.&#8221;<\/p>\n<p class=\"selectionShareable\">\u015eubat&#8217;ta perakende fiyatlar bir \u00f6nceki aya g\u00f6re sa\u011fl\u0131k ve ki\u015fisel bak\u0131m harcamalar\u0131nda y\u00fczde 1.69, k\u00fclt\u00fcr, e\u011fitim ve e\u011flence harcamalar\u0131nda y\u00fczde 0.55, konut harcamalar\u0131nda y\u00fczde 0.53 art\u0131\u015f g\u00f6sterdi. Ayn\u0131 d\u00f6nemde ev e\u015fyas\u0131 harcamalar\u0131nda y\u00fczde 0.65, ula\u015ft\u0131rma ve haberle\u015fme harcamalar\u0131nda y\u00fczde 0.51 azal\u0131\u015f ger\u00e7ekle\u015fti. Di\u011fer harcamalar grubunda ise fiyat hareketi izlenmedi.<\/p>\n<div class=\"adv-main-container collapsed-adv-area inlineAd\">\n<div class=\"adv-wrapper\">\n<div id=\"div-gpt-ad-1468850025565-3\" class=\"dfp-lazy-item ad-title-container adv-content\" data-ad-offset=\"20\" data-ad-div-id=\"div-gpt-ad-1468850025565-3\" data-slot-control-value=\"1\" data-inline-ad=\"1\" data-check-responsive=\"0\" data-device-type=\"\" data-google-query-id=\"COvNhaiNtdICFQeHUQodybYPSw\">\n<div id=\"google_ads_iframe_\/68858259\/hurriyet\/ekonomi\/body_300x250_1_0__container__\"><iframe loading=\"lazy\" id=\"google_ads_iframe_\/68858259\/hurriyet\/ekonomi\/body_300x250_1_0\" title=\"3rd party ad content\" src=\"http:\/\/tpc.googlesyndication.com\/safeframe\/1-0-6\/html\/container.html\" name=\"\" width=\"300\" height=\"250\" frameborder=\"0\" marginwidth=\"0\" marginheight=\"0\" scrolling=\"no\" data-is-safeframe=\"true\" data-mce-fragment=\"1\"><\/iframe><\/div>\n<\/div>\n<\/div>\n<\/div>\n<p class=\"selectionShareable\">Toptan fiyatlar ise \u015eubat itibar\u0131yla mensucat grubunda y\u00fczde 0.93, madenler grubunda y\u00fczde 0.60, i\u015flenmemi\u015f maddeler grubunda y\u00fczde 0.39 art\u0131\u015f g\u00f6sterdi. Bu d\u00f6nemde kimyevi maddelerde y\u00fczde 0.95, yakacak ve enerji maddelerinde y\u00fczde 0.68, in\u015faat malzemelerinde y\u00fczde 0.08 azal\u0131\u015f meydana geldi.<\/p>\n<p class=\"selectionShareable\">T\u00dc\u0130K \u015eubat ay\u0131 enflasyon verilerini 3 Mart&#8217;ta saat 1000&#8217;da a\u00e7\u0131klayacak. Reuters anketine g\u00f6re T\u00dcFE&#8217;de \u015eubat&#8217;ta medyan baz\u0131nda 0.47 art\u0131\u015f bekleniyor.<\/p>\n<p class=\"selectionShareable\">T\u00dcFE Ocak ay\u0131nda olumsuz hava ko\u015fullar\u0131 kaynakl\u0131 g\u0131da ve alkols\u00fcz i\u00e7ecekler grubundaki fiyat art\u0131\u015f\u0131n\u0131n etkisiyle beklentilerin \u00fczerinde y\u00fczde 2.46 artarken, T\u00dcFE y\u0131ll\u0131k bazda Aral\u0131k ay\u0131ndaki y\u00fczde 8.53&#8217;ten y\u00fczde 9.22&#8217;ye y\u00fckseldi.<\/p>\n<p class=\"selectionShareable\">T\u00dc\u0130K verilerine g\u00f6re Ocak&#8217;ta ayl\u0131k bazda en y\u00fcksek art\u0131\u015f y\u00fczde 6.37 ile g\u0131da ve alkols\u00fcz i\u00e7ecekler grubunda oldu. Olumsuz hava ko\u015fullar\u0131, kurda ve akaryak\u0131t fiyatlar\u0131ndaki art\u0131\u015f\u0131n nakliye giderlerini art\u0131rmas\u0131, bu kalemde de sert y\u00fckseli\u015fe neden oldu.<\/p>\n<\/div>\n<\/div>\n<\/div>\n<\/div>\n<\/div>\n","protected":false},"excerpt":{"rendered":"<p>\u0130stanbul&#8217;da \u015eubat ay\u0131nda perakende fiyatlar y\u00fczde 0.33, g\u0131da harcamalar\u0131 grubu ise y\u00fczde 1.04 artarken; giyim harcamalar\u0131nda y\u00fczde 5.21 azalma kaydedildi. \u0130stanbul Ticaret Odas\u0131&#8217;n\u0131n (\u0130TO) \u0130stanbul i\u00e7in haz\u0131rlad\u0131\u011f\u0131 ve 1995 bazl\u0131 \u00fccretliler ge\u00e7inme endeksine g\u00f6re \u015eubat&#8217;ta toptan fiyatlar y\u00fczde 0.20 artt\u0131. Perakende fiyatlar 2017 \u015eubat ay\u0131nda bir \u00f6nceki y\u0131l\u0131n ayn\u0131 ay\u0131na g\u00f6re y\u00fczde 8.52, toptan fiyatlar [&hellip;]<\/p>\n","protected":false},"author":1,"featured_media":11429,"comment_status":"open","ping_status":"open","sticky":false,"template":"","format":"standard","meta":{"ngg_post_thumbnail":0},"categories":[5213],"tags":[11438,11364,8715,73,80,11416],"_links":{"self":[{"href":"https:\/\/emlaktuel.com\/index.php?rest_route=\/wp\/v2\/posts\/11428"}],"collection":[{"href":"https:\/\/emlaktuel.com\/index.php?rest_route=\/wp\/v2\/posts"}],"about":[{"href":"https:\/\/emlaktuel.com\/index.php?rest_route=\/wp\/v2\/types\/post"}],"author":[{"embeddable":true,"href":"https:\/\/emlaktuel.com\/index.php?rest_route=\/wp\/v2\/users\/1"}],"replies":[{"embeddable":true,"href":"https:\/\/emlaktuel.com\/index.php?rest_route=%2Fwp%2Fv2%2Fcomments&post=11428"}],"version-history":[{"count":1,"href":"https:\/\/emlaktuel.com\/index.php?rest_route=\/wp\/v2\/posts\/11428\/revisions"}],"predecessor-version":[{"id":11430,"href":"https:\/\/emlaktuel.com\/index.php?rest_route=\/wp\/v2\/posts\/11428\/revisions\/11430"}],"wp:featuredmedia":[{"embeddable":true,"href":"https:\/\/emlaktuel.com\/index.php?rest_route=\/wp\/v2\/media\/11429"}],"wp:attachment":[{"href":"https:\/\/emlaktuel.com\/index.php?rest_route=%2Fwp%2Fv2%2Fmedia&parent=11428"}],"wp:term":[{"taxonomy":"category","embeddable":true,"href":"https:\/\/emlaktuel.com\/index.php?rest_route=%2Fwp%2Fv2%2Fcategories&post=11428"},{"taxonomy":"post_tag","embeddable":true,"href":"https:\/\/emlaktuel.com\/index.php?rest_route=%2Fwp%2Fv2%2Ftags&post=11428"}],"curies":[{"name":"wp","href":"https:\/\/api.w.org\/{rel}","templated":true}]}}