{"id":11416,"date":"2017-03-01T12:34:13","date_gmt":"2017-03-01T09:34:13","guid":{"rendered":"http:\/\/emlaktuel.com\/?p=11416"},"modified":"2018-07-05T16:02:48","modified_gmt":"2018-07-05T13:02:48","slug":"3s-firuze-konaklari-9-martta-gorucuye-cikacak","status":"publish","type":"post","link":"https:\/\/emlaktuel.com\/?p=11416","title":{"rendered":"3S Firuze Konaklar\u0131 9 Mart&#8217;ta g\u00f6r\u00fcc\u00fcye \u00e7\u0131kacak!"},"content":{"rendered":"<div class=\"hz_top_post\">\n<div class=\"hz_title_and_meta\">\n<div class=\"hz_title\">\n<h1><img loading=\"lazy\" class=\"aligncenter size-full wp-image-11417\" src=\"http:\/\/emlaktuel.com\/wp-content\/uploads\/2017\/03\/3S-Firuze-konaklari-nerede-630x360.jpg\" alt=\"3S-Firuze-konaklari-nerede-630x360\" width=\"660\" height=\"380\" \/><\/h1>\n<\/div>\n<div class=\"hamzh-alert red\">3S Kale taraf\u0131ndan Avc\u0131lar Fir\u00fczk\u00f6y&#8217;de hayata ge\u00e7irilen 3S Firuze Konaklar\u0131, 9 Mart Per\u015fembe g\u00fcn\u00fc tan\u0131t\u0131lacak.<\/div>\n<\/div>\n<\/div>\n<div class=\"hz_main_post_content\">\n<div class=\"big_post_content\">3S Kale Holding&#8217;in, se\u00e7kin bir ya\u015fam\u0131n kap\u0131lar\u0131n\u0131 a\u00e7acak yeni projesi <strong>3S Firuze Konaklar\u0131<\/strong>&#8216;n\u0131n tan\u0131t\u0131m toplant\u0131s\u0131 9 Mart&#8217;ta yap\u0131lacak.\u00a0523 konutluk bir proje olan <strong>3S Firuze Konaklar<\/strong><a href=\"http:\/\/www.emlaktasondakika.com\/haber-ara\/?key=Firuze+Konaklar%c4%b1\">\u0131<\/a>&#8216;nda 1+1&#8217;den 4+1&#8217;e kadar farkl\u0131 daire se\u00e7eneklerinden olu\u015fuyor.<strong>Tarih:<\/strong> 9 Mart 2017, Per\u015fembe<br \/>\n<strong>Saat: <\/strong>10.00 \u2013 12.00<br \/>\n<strong>Yer:<\/strong> Shangri-La Bosphorus &#8211; Be\u015fikta\u015f<\/div>\n<\/div>\n","protected":false},"excerpt":{"rendered":"<p>3S Kale taraf\u0131ndan Avc\u0131lar Fir\u00fczk\u00f6y&#8217;de hayata ge\u00e7irilen 3S Firuze Konaklar\u0131, 9 Mart Per\u015fembe g\u00fcn\u00fc tan\u0131t\u0131lacak. 3S Kale Holding&#8217;in, se\u00e7kin bir ya\u015fam\u0131n kap\u0131lar\u0131n\u0131 a\u00e7acak yeni projesi 3S Firuze Konaklar\u0131&#8216;n\u0131n tan\u0131t\u0131m toplant\u0131s\u0131 9 Mart&#8217;ta yap\u0131lacak.\u00a0523 konutluk bir proje olan 3S Firuze Konaklar\u0131&#8216;nda 1+1&#8217;den 4+1&#8217;e kadar farkl\u0131 daire se\u00e7eneklerinden olu\u015fuyor.Tarih: 9 Mart 2017, Per\u015fembe Saat: 10.00 \u2013 12.00 [&hellip;]<\/p>\n","protected":false},"author":1,"featured_media":11417,"comment_status":"open","ping_status":"open","sticky":false,"template":"","format":"standard","meta":{"ngg_post_thumbnail":0},"categories":[219,97],"tags":[6655,6656,246,11169,11251,80,11537,106,11102],"_links":{"self":[{"href":"https:\/\/emlaktuel.com\/index.php?rest_route=\/wp\/v2\/posts\/11416"}],"collection":[{"href":"https:\/\/emlaktuel.com\/index.php?rest_route=\/wp\/v2\/posts"}],"about":[{"href":"https:\/\/emlaktuel.com\/index.php?rest_route=\/wp\/v2\/types\/post"}],"author":[{"embeddable":true,"href":"https:\/\/emlaktuel.com\/index.php?rest_route=\/wp\/v2\/users\/1"}],"replies":[{"embeddable":true,"href":"https:\/\/emlaktuel.com\/index.php?rest_route=%2Fwp%2Fv2%2Fcomments&post=11416"}],"version-history":[{"count":1,"href":"https:\/\/emlaktuel.com\/index.php?rest_route=\/wp\/v2\/posts\/11416\/revisions"}],"predecessor-version":[{"id":11418,"href":"https:\/\/emlaktuel.com\/index.php?rest_route=\/wp\/v2\/posts\/11416\/revisions\/11418"}],"wp:featuredmedia":[{"embeddable":true,"href":"https:\/\/emlaktuel.com\/index.php?rest_route=\/wp\/v2\/media\/11417"}],"wp:attachment":[{"href":"https:\/\/emlaktuel.com\/index.php?rest_route=%2Fwp%2Fv2%2Fmedia&parent=11416"}],"wp:term":[{"taxonomy":"category","embeddable":true,"href":"https:\/\/emlaktuel.com\/index.php?rest_route=%2Fwp%2Fv2%2Fcategories&post=11416"},{"taxonomy":"post_tag","embeddable":true,"href":"https:\/\/emlaktuel.com\/index.php?rest_route=%2Fwp%2Fv2%2Ftags&post=11416"}],"curies":[{"name":"wp","href":"https:\/\/api.w.org\/{rel}","templated":true}]}}