{"id":11297,"date":"2017-02-24T12:01:05","date_gmt":"2017-02-24T09:01:05","guid":{"rendered":"http:\/\/emlaktuel.com\/?p=11297"},"modified":"2018-07-05T16:01:26","modified_gmt":"2018-07-05T13:01:26","slug":"taksim-360da-istanbulun-merkezinde-lansmana-ozel-kampanya","status":"publish","type":"post","link":"https:\/\/emlaktuel.com\/?p=11297","title":{"rendered":"Taksim 360&#8217;da \u0130stanbul&#8217;un merkezinde lansmana \u00f6zel kampanya!"},"content":{"rendered":"<h1 class=\"news-detail-title selectionShareable\"><img loading=\"lazy\" class=\"aligncenter size-full wp-image-11298\" src=\"http:\/\/emlaktuel.com\/wp-content\/uploads\/2017\/02\/OTQ0NzQxOT-taksim-360da-lansmana-ozel-kampanya-1.jpg\" alt=\"taksim-360da-lansmana-ozel-kampanya-1\" width=\"468\" height=\"300\" \/><\/h1>\n<h1 class=\"news-detail-title selectionShareable\">Taksim 360\u2019ta, s\u0131n\u0131rl\u0131 say\u0131da rezidans lansmana \u00f6zel kampanya ile sat\u0131\u015fa sunuldu. 60 ay s\u0131f\u0131r faiz, y\u00fczde 5 pe\u015finatla sat\u0131\u015fa sunulan kampanya kapsam\u0131nda toplam 90 rezidans, 30 ofis bulunurken projede ilk teslimler 2017\u2019de yap\u0131lacak.<\/h1>\n<div class=\"soc2 nmobilw\"><\/div>\n<div class=\"clear\"><\/div>\n<div class=\"clear\"><\/div>\n<div>\n<p>T\u00fcrkiye\u2019nin kamu- \u00f6zel sekt\u00f6r i\u015fbirli\u011finde ger\u00e7ekle\u015ftirilen ilk ve en b\u00fcy\u00fck kentsel yenileme projesi Taksim 360 projesinde teslimler bu y\u0131l ba\u015fl\u0131yor. \u015eehrin merkezinde, tarih ve sosyal ya\u015fam\u0131n i\u00e7 i\u00e7e girdi\u011fi projede merakla beklenen yeni rezidans b\u00f6l\u00fcmleri lansmana \u00f6zel fiyatlarla sat\u0131\u015fa sunuldu. St\u00fcdyo daireden 4+1\u2019e kadar uzanan farkl\u0131 \u00fcnitelerde toplam 90 rezidans ve 30 ofis, farkl\u0131 ya\u015fam tarz\u0131 ve beklentilere g\u00f6re \u015fekilleniyor. Rezidans ve ofisler, Mart sonuna kadar s\u00fcrecek kampanya kapsam\u0131nda 60 ay s\u0131f\u0131r faiz ve y\u00fczde 5 pe\u015finatla sat\u0131\u015fa sunuluyor.<\/p>\n<p>Bu \u00f6zel projeyle ilgili a\u00e7\u0131klama yapan \u00c7al\u0131k Gayrimenkul Genel M\u00fcd\u00fcr Yard\u0131mc\u0131s\u0131 Gonca \u00d6zg\u00fcl, \u201cTaksim 360\u2019\u0131 di\u011fer projelerden ay\u0131ran en \u00f6nemli fark, kendine has ruhu ve \u00f6zel lokasyonu. Bu anlamda projemiz, T\u00fcrkiye\u2019nin kentsel yenileme alan\u0131nda global prestij projesi olarak \u00f6ne \u00e7\u0131k\u0131yor\u201d diyor. \u201c\u0130stanbul\u2019un tam kalbinde yer ald\u0131\u011f\u0131m\u0131z i\u00e7in yerli ve yabanc\u0131 yat\u0131r\u0131mc\u0131lar\u0131n dikkatini \u00e7ekiyoruz. \u0130stanbul\u2019un k\u00fclt\u00fcr sanat faaliyetlerinin ya\u015fand\u0131\u011f\u0131 Pera b\u00f6lgesine y\u00fcr\u00fcme mesafesinde olmam\u0131z bir di\u011fer b\u00fcy\u00fck avantaj\u0131m\u0131z\u201d diyen \u00d6zg\u00fcl, s\u00f6zlerini \u015f\u00f6yle s\u00fcrd\u00fcr\u00fcyor:<\/p>\n<p>\u201cTaksim 360 i\u00e7indeki tarihi caddelerde tasarlad\u0131\u011f\u0131m\u0131z konseptte; d\u00fcnyaca \u00fcnl\u00fc global l\u00fcks markalar\u0131, restoranlar\u0131, moda-sanat merkezlerini ve mimari-reklam tasar\u0131m ofislerini g\u00f6rece\u011fiz. \u0130stanbul\u2019un ruhunu b\u00f6ylesine hissedebilece\u011finiz e\u015fsiz bir alternatif sunuyoruz. Yeni rezidans bloklar\u0131m\u0131z\u0131 y\u00fczde 5 pe\u015fin, 60 ay s\u0131f\u0131r faiz oran\u0131yla sat\u0131\u015fa sunuyoruz. S\u0131n\u0131rl\u0131 say\u0131da rezidans bloklar\u0131m\u0131z\u0131n metrekare fiyatlar\u0131n\u0131 ilk defa bu kampanyaya \u00f6zel 15 bin liradan ba\u015flayan fiyatlarla sat\u0131\u015fa \u00e7\u0131kard\u0131k.\u201d<\/p>\n<h2>\u015eEH\u0130R TUR\u0130ZM\u0130NDE YEN\u0130 DEST\u0130NASYON<\/h2>\n<p>Taksim meydan\u0131na sadece 350 metre uzakl\u0131kta ve \u0130stiklal Caddesi paralelinde yer alan Taksim 360\u2019\u0131n cephe mimarisi tarihi dokuyu modern mimari ile birle\u015ftirirken ayn\u0131 zamanda bulvar \u00fczerinde yer alacak ticari alanlar, ma\u011fazalar ve kafelerle b\u00f6lgenin yeni bir sosyal \u00e7ekim alan\u0131 olmaya haz\u0131rlan\u0131yor. \u00d6yle ki \u0130stanbul\u2019a gelen yerli ve yabanc\u0131 turistlerin mutlaka gidilmesi gereken yerler listesinde yer alacak bir projeyi hayata ge\u00e7irilmesi planlan\u0131yor.<\/p>\n<p>Web: <a href=\"http:\/\/www.taksim360.com.tr\/tr\/\">http:\/\/www.taksim360.com.tr\/tr\/<\/a><\/p>\n<\/div>\n","protected":false},"excerpt":{"rendered":"<p>Taksim 360\u2019ta, s\u0131n\u0131rl\u0131 say\u0131da rezidans lansmana \u00f6zel kampanya ile sat\u0131\u015fa sunuldu. 60 ay s\u0131f\u0131r faiz, y\u00fczde 5 pe\u015finatla sat\u0131\u015fa sunulan kampanya kapsam\u0131nda toplam 90 rezidans, 30 ofis bulunurken projede ilk teslimler 2017\u2019de yap\u0131lacak. T\u00fcrkiye\u2019nin kamu- \u00f6zel sekt\u00f6r i\u015fbirli\u011finde ger\u00e7ekle\u015ftirilen ilk ve en b\u00fcy\u00fck kentsel yenileme projesi Taksim 360 projesinde teslimler bu y\u0131l ba\u015fl\u0131yor. \u015eehrin merkezinde, [&hellip;]<\/p>\n","protected":false},"author":1,"featured_media":11298,"comment_status":"open","ping_status":"open","sticky":false,"template":"","format":"standard","meta":{"ngg_post_thumbnail":0},"categories":[5219,97,5388],"tags":[11559,11148,73,544,256,11257,11116,11412,6581,6585,6584,6583,6582,11368,11611],"_links":{"self":[{"href":"https:\/\/emlaktuel.com\/index.php?rest_route=\/wp\/v2\/posts\/11297"}],"collection":[{"href":"https:\/\/emlaktuel.com\/index.php?rest_route=\/wp\/v2\/posts"}],"about":[{"href":"https:\/\/emlaktuel.com\/index.php?rest_route=\/wp\/v2\/types\/post"}],"author":[{"embeddable":true,"href":"https:\/\/emlaktuel.com\/index.php?rest_route=\/wp\/v2\/users\/1"}],"replies":[{"embeddable":true,"href":"https:\/\/emlaktuel.com\/index.php?rest_route=%2Fwp%2Fv2%2Fcomments&post=11297"}],"version-history":[{"count":1,"href":"https:\/\/emlaktuel.com\/index.php?rest_route=\/wp\/v2\/posts\/11297\/revisions"}],"predecessor-version":[{"id":11299,"href":"https:\/\/emlaktuel.com\/index.php?rest_route=\/wp\/v2\/posts\/11297\/revisions\/11299"}],"wp:featuredmedia":[{"embeddable":true,"href":"https:\/\/emlaktuel.com\/index.php?rest_route=\/wp\/v2\/media\/11298"}],"wp:attachment":[{"href":"https:\/\/emlaktuel.com\/index.php?rest_route=%2Fwp%2Fv2%2Fmedia&parent=11297"}],"wp:term":[{"taxonomy":"category","embeddable":true,"href":"https:\/\/emlaktuel.com\/index.php?rest_route=%2Fwp%2Fv2%2Fcategories&post=11297"},{"taxonomy":"post_tag","embeddable":true,"href":"https:\/\/emlaktuel.com\/index.php?rest_route=%2Fwp%2Fv2%2Ftags&post=11297"}],"curies":[{"name":"wp","href":"https:\/\/api.w.org\/{rel}","templated":true}]}}