{"id":11282,"date":"2017-02-24T10:30:53","date_gmt":"2017-02-24T07:30:53","guid":{"rendered":"http:\/\/emlaktuel.com\/?p=11282"},"modified":"2018-07-05T16:01:11","modified_gmt":"2018-07-05T13:01:11","slug":"kredi-isteyenlere-mujde-haftaya-basliyor","status":"publish","type":"post","link":"https:\/\/emlaktuel.com\/?p=11282","title":{"rendered":"Kredi isteyenlere m\u00fcjde! Haftaya ba\u015fl\u0131yor."},"content":{"rendered":"<h1><\/h1>\n<div class=\"image\"><img loading=\"lazy\" class=\"aligncenter size-full wp-image-3300\" src=\"http:\/\/emlaktuel.com\/wp-content\/uploads\/2016\/07\/page_kredi-cekeceklere-faiz-indirimi-mujdesi_599069228.jpg\" alt=\"page_kredi-cekeceklere-faiz-indirimi-mujdesi_599069228\" width=\"620\" height=\"310\" \/><\/div>\n<div class=\"txt\">\n<div class=\"txtIn\">\n<article id=\"contextual\" class=\"selectionShareable\">\n<h2>250 milyarl\u0131k KOB\u0130 kredisi yolda. Ba\u015fbakan Yard\u0131mc\u0131s\u0131 Nurettin Canikli, `en ge\u00e7 haftaya` dedi.<\/h2>\n<p>Ba\u015fta KOB\u0130 olmak \u00fczere nakde s\u0131k\u0131\u015fan t\u00fcm i\u015fletmelerin merakla bekledi\u011fi Hazine destekli Kredi Garanti Fonu kefaletiyle olu\u015fturulacak 250 milyar liral\u0131k yeni kredide sona yakla\u015f\u0131ld\u0131.<\/p>\n<p>Bir\u00e7ok i\u015fletmenin nakit s\u0131k\u0131\u015f\u0131kl\u0131\u011f\u0131 sorununa ila\u00e7 olacak yeni kredinin yasa \u00e7al\u0131\u015fmalar\u0131n\u0131n tamamland\u0131\u011f\u0131n\u0131 belirten Ba\u015fbakan Yard\u0131mc\u0131s\u0131 Nurettin Canikli, konu ile ilgili bir Bakanlar Kurulu karar\u0131 \u00e7\u0131karacaklar\u0131n\u0131 s\u00f6yledi. Yeni\u015fafak&#8217;ta yer alan habere g\u00f6re Canikli, &#8220;Konu ile ilgili yasa \u00e7al\u0131\u015fmas\u0131 tamamland\u0131, bir Bakanlar Kurulu karar\u0131 \u00e7\u0131kartaca\u011f\u0131z. En ge\u00e7 \u00f6n\u00fcm\u00fczdeki haftadan itibaren, uygulamaya koyuyoruz. Piyasadan \u00f6zellikle bu ekonomideki dalgalanma nedeniyle nakde ihtiyac\u0131 olacak t\u00fcm firmalara, hepsine istisnas\u0131z bu deste\u011fi sa\u011flayaca\u011f\u0131z. Nefes alan herkese bu imkan\u0131 verece\u011fiz. Hayat belirtisi olan b\u00fct\u00fcn firmalar kurtulacak, onlar\u0131n batmas\u0131na izin vermeyece\u011fiz&#8221; dedi.<\/p>\n<p><strong>330 B\u0130N KOB\u0130YE FA\u0130ZS\u0130Z 10.3 M\u0130LYAR TL<\/strong><\/p>\n<p>Yap\u0131s\u0131 bozulan, dengesi bozulan firmalara, ki\u015filere, ihtiyac\u0131 oldu\u011fu finansal deste\u011fi sa\u011flamak i\u00e7in her t\u00fcrl\u00fc imkan\u0131 sa\u011flad\u0131klar\u0131na dikkat \u00e7eken Canikli, iki koldan \u00e7ok b\u00fcy\u00fck bir paket a\u00e7\u0131klad\u0131klar\u0131n\u0131 hat\u0131rlatt\u0131. Son verileri de payla\u015fan Canikli, &#8220;15 bin KOB\u0130&#8217;ye 50 bin liral\u0131k faizsiz kredi vermi\u015ftik. \u015eimdi en az 330 bin KOB\u0130&#8217;ye 50 bin liraya kadar faizsiz kredi paketi uygulamas\u0131n\u0131 ba\u015flatt\u0131k. Hemen hemen ihtiyac\u0131 olan, \u015fartlar\u0131 ta\u015f\u0131yan t\u00fcm KOB\u0130&#8217;lere bu finansal deste\u011fi sa\u011flad\u0131k. Bununla ilgili yakla\u015f\u0131k 10,3 milyar liral\u0131k kaynak aktar\u0131lacak. KOB\u0130&#8217;lere kredi vermeye en k\u00fc\u00e7\u00fckten, en \u00e7ok ihtiyac\u0131 olandan ba\u015flad\u0131k&#8221; bilgisini verdi. Canikli, bunlar\u0131 yaparken mali disiplinden, b\u00fct\u00e7e dengesinden zerre kadar taviz vermediklerini de vurgulad\u0131.<\/p>\n<p><strong>T\u0130CARET ODALARI DA DESTEK VER\u0130YOR<\/strong><\/p>\n<p>K\u00fc\u00e7\u00fck ve Orta Boy \u0130\u015fletmeler&#8217;in ihtiya\u00e7 duyaca\u011f\u0131 krediye ula\u015fmas\u0131n\u0131 sa\u011flamak i\u00e7in sanayi ve ticaret odalar\u0131 da dan\u0131\u015fmanl\u0131k deste\u011fi vermeye ba\u015flad\u0131. Krediye ula\u015fma konusunda nas\u0131l bir yol izlenmesi gerekti\u011fini tam olarak bilemeyen i\u015fletmelere ba\u011fl\u0131 bulunduklar\u0131 meslek odalar\u0131 ve kurulu\u015flar\u0131 taraf\u0131ndan bilgi verilebilece\u011fi aktar\u0131ld\u0131. Oda ba\u015fkanlar\u0131 KOB\u0130&#8217;leri uyararak bu konuda dan\u0131\u015fman olarak eline \u00e7anta al\u0131p KOB\u0130&#8217;leri doland\u0131rmaya \u00e7al\u0131\u015fan ki\u015filer oldu\u011funu s\u00f6yledi. Ma\u011fduriyet ya\u015fanmamas\u0131 i\u00e7in odalardan yard\u0131m al\u0131nabilece\u011fi s\u00f6ylendi.<\/p>\n<\/article>\n<\/div>\n<\/div>\n","protected":false},"excerpt":{"rendered":"<p>250 milyarl\u0131k KOB\u0130 kredisi yolda. Ba\u015fbakan Yard\u0131mc\u0131s\u0131 Nurettin Canikli, `en ge\u00e7 haftaya` dedi. Ba\u015fta KOB\u0130 olmak \u00fczere nakde s\u0131k\u0131\u015fan t\u00fcm i\u015fletmelerin merakla bekledi\u011fi Hazine destekli Kredi Garanti Fonu kefaletiyle olu\u015fturulacak 250 milyar liral\u0131k yeni kredide sona yakla\u015f\u0131ld\u0131. Bir\u00e7ok i\u015fletmenin nakit s\u0131k\u0131\u015f\u0131kl\u0131\u011f\u0131 sorununa ila\u00e7 olacak yeni kredinin yasa \u00e7al\u0131\u015fmalar\u0131n\u0131n tamamland\u0131\u011f\u0131n\u0131 belirten Ba\u015fbakan Yard\u0131mc\u0131s\u0131 Nurettin Canikli, konu [&hellip;]<\/p>\n","protected":false},"author":1,"featured_media":3300,"comment_status":"open","ping_status":"open","sticky":false,"template":"","format":"standard","meta":{"ngg_post_thumbnail":0},"categories":[5213],"tags":[4167,287,277,11182,11547],"_links":{"self":[{"href":"https:\/\/emlaktuel.com\/index.php?rest_route=\/wp\/v2\/posts\/11282"}],"collection":[{"href":"https:\/\/emlaktuel.com\/index.php?rest_route=\/wp\/v2\/posts"}],"about":[{"href":"https:\/\/emlaktuel.com\/index.php?rest_route=\/wp\/v2\/types\/post"}],"author":[{"embeddable":true,"href":"https:\/\/emlaktuel.com\/index.php?rest_route=\/wp\/v2\/users\/1"}],"replies":[{"embeddable":true,"href":"https:\/\/emlaktuel.com\/index.php?rest_route=%2Fwp%2Fv2%2Fcomments&post=11282"}],"version-history":[{"count":1,"href":"https:\/\/emlaktuel.com\/index.php?rest_route=\/wp\/v2\/posts\/11282\/revisions"}],"predecessor-version":[{"id":11283,"href":"https:\/\/emlaktuel.com\/index.php?rest_route=\/wp\/v2\/posts\/11282\/revisions\/11283"}],"wp:featuredmedia":[{"embeddable":true,"href":"https:\/\/emlaktuel.com\/index.php?rest_route=\/wp\/v2\/media\/3300"}],"wp:attachment":[{"href":"https:\/\/emlaktuel.com\/index.php?rest_route=%2Fwp%2Fv2%2Fmedia&parent=11282"}],"wp:term":[{"taxonomy":"category","embeddable":true,"href":"https:\/\/emlaktuel.com\/index.php?rest_route=%2Fwp%2Fv2%2Fcategories&post=11282"},{"taxonomy":"post_tag","embeddable":true,"href":"https:\/\/emlaktuel.com\/index.php?rest_route=%2Fwp%2Fv2%2Ftags&post=11282"}],"curies":[{"name":"wp","href":"https:\/\/api.w.org\/{rel}","templated":true}]}}