{"id":11271,"date":"2017-02-23T16:43:32","date_gmt":"2017-02-23T13:43:32","guid":{"rendered":"http:\/\/emlaktuel.com\/?p=11271"},"modified":"2018-07-05T16:01:03","modified_gmt":"2018-07-05T13:01:03","slug":"yurt-disindaki-turk-vatandaslarininda-kdv-indiriminden-faydalansami-dogru-karar","status":"publish","type":"post","link":"https:\/\/emlaktuel.com\/?p=11271","title":{"rendered":"Yurt d\u0131\u015f\u0131ndaki T\u00fcrk vatanda\u015flar\u0131n\u0131nda KDV indiriminden faydalansam\u0131 do\u011fru karar"},"content":{"rendered":"<p><img loading=\"lazy\" class=\"aligncenter  wp-image-9851\" src=\"http:\/\/emlaktuel.com\/wp-content\/uploads\/2017\/01\/Kuzu-Grup-Yonetim-Kurulu-Uyesi-Ozen-Kuzu.jpg\" alt=\"kuzu-grup-yonetim-kurulu-uyesi-ozen-kuzu\" width=\"647\" height=\"475\" \/><\/p>\n<p>\u00c7al\u0131\u015fma veya oturma izni alarak 6 aydan daha fazla yurt d\u0131\u015f\u0131nda ya\u015fayan T\u00fcrk vatanda\u015flar\u0131 da yabanc\u0131lar gibi, T\u00fcrkiye&#8217;de ald\u0131klar\u0131 ilk konut ve i\u015f yeri i\u00e7in KDV \u00f6demeyecek.\u00a0KDV istisnas\u0131ndan yararlanarak T\u00fcrkiye&#8217;de konut veya i\u015f yeri sat\u0131n alanlara, bu gayrimenkullerini bir y\u0131l satmama \u015fart\u0131 getirildi. Bu konut ve i\u015f yerlerinin bir y\u0131l i\u00e7erisinde sat\u0131lmas\u0131 halinde, zaman\u0131nda al\u0131nmayan vergi tahsil edilecek.<\/p>\n<p><strong>G\u00f6r\u00fc\u015f bildiren: Kuzu Grup Y\u00f6netim Kurulu \u00dcyesi \u00d6zen Kuzu<\/strong><\/p>\n<p>Yurt d\u0131\u015f\u0131nda ya\u015fayan T\u00fcrk vatanda\u015flar\u0131na tan\u0131nan KDV muafiyeti, sekt\u00f6r\u00fcm\u00fcze ve ekonomimize katk\u0131 sa\u011flayacakt\u0131r. Gurbet\u00e7iler, sat\u0131\u015f bedelini d\u00f6viz ile \u00f6demeleri \u015fart\u0131yla, T\u00fcrkiye\u2019de yer alan i\u015fyeri veya konutta KDV \u00f6demeyecekler. B\u00f6ylelikle, \u00fclkemize d\u00f6viz girdisi sa\u011flanacak. S\u00f6z konusu geli\u015fme ile yabanc\u0131lar\u0131n yan\u0131 s\u0131ra gurbet\u00e7ilerin de T\u00fcrkiye\u2019de yat\u0131r\u0131m yapmalar\u0131 desteklenecek. Daha ziyade yaz aylar\u0131nda T\u00fcrkiye\u2019ye d\u00f6nen gurbet\u00e7ilerin \u015fimdiden yat\u0131r\u0131m yapmaya ba\u015flayacaklar\u0131n\u0131 d\u00fc\u015f\u00fcn\u00fcyorum. Haz\u0131rlanan KDV indirimlerinin, konut ve i\u015fyerlerinin yan\u0131 s\u0131ra di\u011fer t\u00fcm birimleri kapsamas\u0131yla sat\u0131\u015flar\u0131n daha fazla olaca\u011f\u0131 da bir ger\u00e7ek. KDV istisnas\u0131ndan yararlanarak T\u00fcrkiye&#8217;de konut veya i\u015fyeri sat\u0131n alanlar\u0131n bu gayrimenkullerini bir y\u0131l satamayacak olmas\u0131 da do\u011fru bir karar.\u00a0 Al\u0131nan konut ve i\u015fyerlerinin bir y\u0131l i\u00e7erisinde sat\u0131lmas\u0131 halinde, zaman\u0131nda al\u0131nmayan vergi o zaman tahsil edilecek.<\/p>\n","protected":false},"excerpt":{"rendered":"<p>\u00c7al\u0131\u015fma veya oturma izni alarak 6 aydan daha fazla yurt d\u0131\u015f\u0131nda ya\u015fayan T\u00fcrk vatanda\u015flar\u0131 da yabanc\u0131lar gibi, T\u00fcrkiye&#8217;de ald\u0131klar\u0131 ilk konut ve i\u015f yeri i\u00e7in KDV \u00f6demeyecek.\u00a0KDV istisnas\u0131ndan yararlanarak T\u00fcrkiye&#8217;de konut veya i\u015f yeri sat\u0131n alanlara, bu gayrimenkullerini bir y\u0131l satmama \u015fart\u0131 getirildi. Bu konut ve i\u015f yerlerinin bir y\u0131l i\u00e7erisinde sat\u0131lmas\u0131 halinde, zaman\u0131nda al\u0131nmayan [&hellip;]<\/p>\n","protected":false},"author":1,"featured_media":7246,"comment_status":"open","ping_status":"open","sticky":false,"template":"","format":"standard","meta":{"ngg_post_thumbnail":0},"categories":[97,5388],"tags":[298,11073,11147,11562,3466,2820,6039,2821,1697,11323],"_links":{"self":[{"href":"https:\/\/emlaktuel.com\/index.php?rest_route=\/wp\/v2\/posts\/11271"}],"collection":[{"href":"https:\/\/emlaktuel.com\/index.php?rest_route=\/wp\/v2\/posts"}],"about":[{"href":"https:\/\/emlaktuel.com\/index.php?rest_route=\/wp\/v2\/types\/post"}],"author":[{"embeddable":true,"href":"https:\/\/emlaktuel.com\/index.php?rest_route=\/wp\/v2\/users\/1"}],"replies":[{"embeddable":true,"href":"https:\/\/emlaktuel.com\/index.php?rest_route=%2Fwp%2Fv2%2Fcomments&post=11271"}],"version-history":[{"count":1,"href":"https:\/\/emlaktuel.com\/index.php?rest_route=\/wp\/v2\/posts\/11271\/revisions"}],"predecessor-version":[{"id":11272,"href":"https:\/\/emlaktuel.com\/index.php?rest_route=\/wp\/v2\/posts\/11271\/revisions\/11272"}],"wp:featuredmedia":[{"embeddable":true,"href":"https:\/\/emlaktuel.com\/index.php?rest_route=\/wp\/v2\/media\/7246"}],"wp:attachment":[{"href":"https:\/\/emlaktuel.com\/index.php?rest_route=%2Fwp%2Fv2%2Fmedia&parent=11271"}],"wp:term":[{"taxonomy":"category","embeddable":true,"href":"https:\/\/emlaktuel.com\/index.php?rest_route=%2Fwp%2Fv2%2Fcategories&post=11271"},{"taxonomy":"post_tag","embeddable":true,"href":"https:\/\/emlaktuel.com\/index.php?rest_route=%2Fwp%2Fv2%2Ftags&post=11271"}],"curies":[{"name":"wp","href":"https:\/\/api.w.org\/{rel}","templated":true}]}}