{"id":11251,"date":"2017-02-23T12:01:03","date_gmt":"2017-02-23T09:01:03","guid":{"rendered":"http:\/\/emlaktuel.com\/?p=11251"},"modified":"2018-07-05T16:00:46","modified_gmt":"2018-07-05T13:00:46","slug":"polat-holding-yeni-projelerini-tanitacak","status":"publish","type":"post","link":"https:\/\/emlaktuel.com\/?p=11251","title":{"rendered":"Polat Holding yeni projelerini tan\u0131tacak"},"content":{"rendered":"<div>\n<div id=\"haberdetaybaslik\">\n<h1><img loading=\"lazy\" class=\"aligncenter size-full wp-image-11252\" src=\"http:\/\/emlaktuel.com\/wp-content\/uploads\/2017\/02\/1451897530550.jpg\" alt=\"adnan polat \" width=\"806\" height=\"378\" \/><\/h1>\n<h1>Polat Holding, 60 y\u0131ll\u0131kgayrimenkul sekt\u00f6r\u00fcndeki uzmanl\u0131\u011f\u0131n\u0131, yeni projelendirdi\u011fi\u00a0&#8216;Polat Ev&#8217; ve &#8216;Polat Ofis&#8217; markalar\u0131 ile devam ettiriyor.<\/h1>\n<div>\n<div><\/div>\n<div><\/div>\n<div class=\"fb-like fb_iframe_widget\" data-href=\"http:\/\/www.emlakdream.com\/haber\/polat-holding-yeni-projelerini-tanitiyor\/81898\" data-width=\"290\" data-layout=\"standard\" data-action=\"recommend\" data-show-faces=\"false\" data-share=\"false\"><\/div>\n<\/div>\n<\/div>\n<div><\/div>\n<\/div>\n<div>\n<p><span style=\"color: #2e2e2e;\"><strong>Polat Holding<\/strong>, &#8216;<strong>Polat Ev<\/strong> ve <strong>Polat Ofis<\/strong>&#8216;\u00a0markas\u0131yla hayata ge\u00e7irilecek yeni projelerini ve hedeflerini<strong> 8 Mart \u00c7ar\u015famba g\u00fcn\u00fc Renaissance \u0130stanbul Polat Bosphorus Hotel\u2019de <\/strong>d\u00fczenlenecek bas\u0131n toplant\u0131s\u0131 ile bas\u0131na a\u00e7\u0131kl\u0131yor.<\/p>\n<p><strong>Polat Holding Y\u00f6netim Kurulu Ba\u015fkan\u0131 Adnan Polat<\/strong> ve <strong>Polat Gayrimenkul Genel M\u00fcd\u00fcr\u00fc Kerim Polat\u2019\u0131n<\/strong> ev sahipli\u011finde ger\u00e7ekle\u015fecek bas\u0131n toplant\u0131s\u0131 saat 10.00 &#8211; 11.30 saatleri aras\u0131nda yap\u0131lacak.<\/span><\/p>\n<\/div>\n","protected":false},"excerpt":{"rendered":"<p>Polat Holding, 60 y\u0131ll\u0131kgayrimenkul sekt\u00f6r\u00fcndeki uzmanl\u0131\u011f\u0131n\u0131, yeni projelendirdi\u011fi\u00a0&#8216;Polat Ev&#8217; ve &#8216;Polat Ofis&#8217; markalar\u0131 ile devam ettiriyor. Polat Holding, &#8216;Polat Ev ve Polat Ofis&#8216;\u00a0markas\u0131yla hayata ge\u00e7irilecek yeni projelerini ve hedeflerini 8 Mart \u00c7ar\u015famba g\u00fcn\u00fc Renaissance \u0130stanbul Polat Bosphorus Hotel\u2019de d\u00fczenlenecek bas\u0131n toplant\u0131s\u0131 ile bas\u0131na a\u00e7\u0131kl\u0131yor. Polat Holding Y\u00f6netim Kurulu Ba\u015fkan\u0131 Adnan Polat ve Polat Gayrimenkul Genel [&hellip;]<\/p>\n","protected":false},"author":1,"featured_media":11252,"comment_status":"open","ping_status":"open","sticky":false,"template":"","format":"standard","meta":{"ngg_post_thumbnail":0},"categories":[97,5388],"tags":[246,11527,73,6615,6614,106,825,1813],"_links":{"self":[{"href":"https:\/\/emlaktuel.com\/index.php?rest_route=\/wp\/v2\/posts\/11251"}],"collection":[{"href":"https:\/\/emlaktuel.com\/index.php?rest_route=\/wp\/v2\/posts"}],"about":[{"href":"https:\/\/emlaktuel.com\/index.php?rest_route=\/wp\/v2\/types\/post"}],"author":[{"embeddable":true,"href":"https:\/\/emlaktuel.com\/index.php?rest_route=\/wp\/v2\/users\/1"}],"replies":[{"embeddable":true,"href":"https:\/\/emlaktuel.com\/index.php?rest_route=%2Fwp%2Fv2%2Fcomments&post=11251"}],"version-history":[{"count":1,"href":"https:\/\/emlaktuel.com\/index.php?rest_route=\/wp\/v2\/posts\/11251\/revisions"}],"predecessor-version":[{"id":11253,"href":"https:\/\/emlaktuel.com\/index.php?rest_route=\/wp\/v2\/posts\/11251\/revisions\/11253"}],"wp:featuredmedia":[{"embeddable":true,"href":"https:\/\/emlaktuel.com\/index.php?rest_route=\/wp\/v2\/media\/11252"}],"wp:attachment":[{"href":"https:\/\/emlaktuel.com\/index.php?rest_route=%2Fwp%2Fv2%2Fmedia&parent=11251"}],"wp:term":[{"taxonomy":"category","embeddable":true,"href":"https:\/\/emlaktuel.com\/index.php?rest_route=%2Fwp%2Fv2%2Fcategories&post=11251"},{"taxonomy":"post_tag","embeddable":true,"href":"https:\/\/emlaktuel.com\/index.php?rest_route=%2Fwp%2Fv2%2Ftags&post=11251"}],"curies":[{"name":"wp","href":"https:\/\/api.w.org\/{rel}","templated":true}]}}