{"id":11224,"date":"2017-02-23T10:46:04","date_gmt":"2017-02-23T07:46:04","guid":{"rendered":"http:\/\/emlaktuel.com\/?p=11224"},"modified":"2018-07-05T16:00:21","modified_gmt":"2018-07-05T13:00:21","slug":"bizi-abartmayin","status":"publish","type":"post","link":"https:\/\/emlaktuel.com\/?p=11224","title":{"rendered":"Bizi abartmay\u0131n!"},"content":{"rendered":"<h1><\/h1>\n<div class=\"image\">\n<div class=\"info\"><\/div>\n<p><img loading=\"lazy\" class=\"aligncenter size-full wp-image-11225\" src=\"http:\/\/emlaktuel.com\/wp-content\/uploads\/2017\/02\/besiktas_teknik_direktoru_senol_gunes_yedigimiz_gol_tartisilir2992016536.jpg\" alt=\"\u015fenol g\u00fcne\u015f\" width=\"1280\" height=\"720\" \/><\/div>\n<div class=\"txt\">\n<div class=\"txtIn\">\n<article id=\"contextual\" class=\"selectionShareable\">\n<h2>Beer-Sheva kar\u015f\u0131s\u0131nda avantajlar\u0131n\u0131 kullanarak turu ge\u00e7mek istediklerini belirten tecr\u00fcbeli hoca, \u201cEn k\u00fc\u00e7\u00fck ihmalde cezay\u0131 keserler. Dereyi g\u00f6rmeden pa\u00e7ay\u0131 s\u0131vamak yok. Hen\u00fcz tur garanti de\u011fil\u201d ifadesini kulland\u0131<\/h2>\n<p>Hapoel Beer-Sheva ma\u00e7\u0131 \u00f6ncesi bas\u0131n mensuplar\u0131n\u0131n sorular\u0131n\u0131 yan\u0131tlayan Be\u015fikta\u015f Teknik Direkt\u00f6r\u00fc \u015eenol G\u00fcne\u015f, T\u00fcrkiye&#8217;de \u00f6vg\u00fclerin de ele\u015ftirilerin de \u00e7ok u\u00e7 noktalarda oldu\u011funu s\u00f6yledi. UEFA Avrupa Ligi&#8217;ndeki \u00fc\u00e7 tak\u0131m\u0131n tur atlamas\u0131n\u0131n T\u00fcrkiye i\u00e7in b\u00fcy\u00fck \u00f6nem ta\u015f\u0131d\u0131\u011f\u0131n\u0131 belirten G\u00fcne\u015f, &#8220;\u0130lk ma\u00e7ta elde etti\u011fimiz avantaj\u0131 iyi kullan\u0131p, son 16&#8217;ya kalmay\u0131 \u00e7ok istiyoruz. En k\u00fc\u00e7\u00fck bir ihmalde cezay\u0131 keserler. Dereyi g\u00f6rmeden pa\u00e7ay\u0131 s\u0131vamak yok&#8230; <b>Bask\u0131l\u0131 oynay\u0131p, kontrol\u00fc<\/b> <b>elimizde tutarsak hedefimize ula\u015f\u0131r\u0131z.<\/b> Spor k\u00fclt\u00fcr\u00fcm\u00fczde ele\u015ftiri de \u00f6vg\u00fcde \u00fcst boyutta. M\u00fckemmel de\u011filiz, abart\u0131lacak bir oyun da oynam\u0131yoruz. Sadece i\u015fimizi ciddi yap\u0131yoruz&#8221; dedi. Hem dinlendirme hem de di\u011ferlerini g\u00f6rme a\u00e7\u0131s\u0131ndan oyuncu de\u011fi\u015ftirebilece\u011fini dile getiren G\u00fcne\u015f, &#8220;B\u00fct\u00fcn bunlar\u0131n i\u00e7inde aksamalar olacakt\u0131r. Ancak tak\u0131m iyi i\u015f \u00e7\u0131kar\u0131yor. <b>Biz \u015fampiyon<\/b><b>olmak, \u015fampiyonlu\u011fa lay\u0131k oynamak<\/b> <b>istiyoruz<\/b>&#8221; ifadelerini kulland\u0131.<\/p>\n<p><strong>Talisca&#8217;y\u0131 \u00e7\u0131karmak hatayd\u0131<\/strong><br \/>\n<b>S\u00fcper <\/b>Lig&#8217;de Akhisar&#8217;\u0131 3-1 yendikleri ma\u00e7a da de\u011finen G\u00fcne\u015f, &#8220;Bir de\u011fi\u015fiklikte hata yapt\u0131m, Talisca&#8217;y\u0131 ald\u0131m. 4-5 top kayb\u0131 yapm\u0131\u015ft\u0131. Onun orta saha ile ba\u011f\u0131n\u0131 geli\u015ftirmek zorunday\u0131z. Ayr\u0131ca O\u011fuzhan ve G\u00f6khan&#8217;\u0131 yan yana oynatarak zaaflar\u0131m\u0131z\u0131 g\u00f6rd\u00fck. Bunlar\u0131 ancak ma\u00e7larda analiz etme imkan\u0131na sahibiz&#8221; dedi. Toplant\u0131ya kat\u0131lan Necip de, &#8220;\u0130lk ma\u00e7ta avantajl\u0131 bir skor ald\u0131k. Kim gelirse gelsin ona g\u00f6re haz\u0131rlan\u0131yoruz. Be\u015fikta\u015f b\u00fcy\u00fck camia, hep kupalar\u0131 hedefler&#8221; diye konu\u015ftu.<\/p>\n<p><strong>Kartal i\u00e7in tur zaman\u0131<\/strong><br \/>\nBe\u015fikta\u015f, Avrupa Ligi son 32 turu ilk ma\u00e7\u0131nda \u0130srail&#8217;de 3-1 yendi\u011fi Hapoel Beer-Sheva&#8217;y\u0131 bug\u00fcn Vodafone Arena&#8217;da a\u011f\u0131rl\u0131yor. Siyah-beyazl\u0131 ekip, 2-0 yenilse bile son 16&#8217;ya kalan taraf olacak. Rakip tak\u0131m\u0131n turu ge\u00e7mesi i\u00e7in 3 farkl\u0131 ya da 4-2, 5-3 gibi \u00e7ok goll\u00fc ve iki farkl\u0131 skorla sahadan galip ayr\u0131lmas\u0131 gerekiyor.<\/p>\n<\/article>\n<\/div>\n<\/div>\n","protected":false},"excerpt":{"rendered":"<p>Beer-Sheva kar\u015f\u0131s\u0131nda avantajlar\u0131n\u0131 kullanarak turu ge\u00e7mek istediklerini belirten tecr\u00fcbeli hoca, \u201cEn k\u00fc\u00e7\u00fck ihmalde cezay\u0131 keserler. Dereyi g\u00f6rmeden pa\u00e7ay\u0131 s\u0131vamak yok. Hen\u00fcz tur garanti de\u011fil\u201d ifadesini kulland\u0131 Hapoel Beer-Sheva ma\u00e7\u0131 \u00f6ncesi bas\u0131n mensuplar\u0131n\u0131n sorular\u0131n\u0131 yan\u0131tlayan Be\u015fikta\u015f Teknik Direkt\u00f6r\u00fc \u015eenol G\u00fcne\u015f, T\u00fcrkiye&#8217;de \u00f6vg\u00fclerin de ele\u015ftirilerin de \u00e7ok u\u00e7 noktalarda oldu\u011funu s\u00f6yledi. UEFA Avrupa Ligi&#8217;ndeki \u00fc\u00e7 tak\u0131m\u0131n tur [&hellip;]<\/p>\n","protected":false},"author":1,"featured_media":11225,"comment_status":"open","ping_status":"open","sticky":false,"template":"","format":"standard","meta":{"ngg_post_thumbnail":0},"categories":[5214],"tags":[325,4444,5596,11382,109,5685,316],"_links":{"self":[{"href":"https:\/\/emlaktuel.com\/index.php?rest_route=\/wp\/v2\/posts\/11224"}],"collection":[{"href":"https:\/\/emlaktuel.com\/index.php?rest_route=\/wp\/v2\/posts"}],"about":[{"href":"https:\/\/emlaktuel.com\/index.php?rest_route=\/wp\/v2\/types\/post"}],"author":[{"embeddable":true,"href":"https:\/\/emlaktuel.com\/index.php?rest_route=\/wp\/v2\/users\/1"}],"replies":[{"embeddable":true,"href":"https:\/\/emlaktuel.com\/index.php?rest_route=%2Fwp%2Fv2%2Fcomments&post=11224"}],"version-history":[{"count":1,"href":"https:\/\/emlaktuel.com\/index.php?rest_route=\/wp\/v2\/posts\/11224\/revisions"}],"predecessor-version":[{"id":11226,"href":"https:\/\/emlaktuel.com\/index.php?rest_route=\/wp\/v2\/posts\/11224\/revisions\/11226"}],"wp:featuredmedia":[{"embeddable":true,"href":"https:\/\/emlaktuel.com\/index.php?rest_route=\/wp\/v2\/media\/11225"}],"wp:attachment":[{"href":"https:\/\/emlaktuel.com\/index.php?rest_route=%2Fwp%2Fv2%2Fmedia&parent=11224"}],"wp:term":[{"taxonomy":"category","embeddable":true,"href":"https:\/\/emlaktuel.com\/index.php?rest_route=%2Fwp%2Fv2%2Fcategories&post=11224"},{"taxonomy":"post_tag","embeddable":true,"href":"https:\/\/emlaktuel.com\/index.php?rest_route=%2Fwp%2Fv2%2Ftags&post=11224"}],"curies":[{"name":"wp","href":"https:\/\/api.w.org\/{rel}","templated":true}]}}