{"id":11221,"date":"2017-02-23T10:43:00","date_gmt":"2017-02-23T07:43:00","guid":{"rendered":"http:\/\/emlaktuel.com\/?p=11221"},"modified":"2018-07-05T16:00:18","modified_gmt":"2018-07-05T13:00:18","slug":"fenerbahce-aykut-kocamana-gidecek-mi","status":"publish","type":"post","link":"https:\/\/emlaktuel.com\/?p=11221","title":{"rendered":"Fenerbah\u00e7e Aykut Kocaman&#8217;a gidecek mi?"},"content":{"rendered":"<h1><\/h1>\n<div class=\"image\">\n<div class=\"info\"><\/div>\n<p><img loading=\"lazy\" src=\"http:\/\/i.sabah.com.tr\/sb\/fotohaber\/sayfalama\/fenerbahce-aykut-kocamanin-kapisini-mi-calacak\/1_hd1.jpg?29563\" alt=\"Fenerbah\u00e7e Aykut Kocaman'\u0131n kap\u0131s\u0131n\u0131 m\u0131 \u00e7alacak?\" width=\"650\" height=\"344\" \/><\/div>\n<div class=\"txt\">\n<div class=\"txtIn\">\n<article id=\"contextual\" class=\"selectionShareable\">Fenerbah\u00e7e&#8217;de Ba\u015fkan Aziz Y\u0131ld\u0131r\u0131m ve y\u00f6neticilerin yapt\u0131\u011f\u0131 toplant\u0131dan Hollandal\u0131 hocan\u0131n g\u00f6nderilme karar\u0131 \u00e7\u0131kt\u0131.<\/p>\n<p>Yeni hoca listesinin ba\u015f\u0131nda Aykut Kocaman var.<\/p>\n<p>D\u00fcn ak\u015fam Krasnodar&#8217;a eleni\u015fin ard\u0131ndan Fenerbah\u00e7e y\u00f6netimi Dick Advocaat ile yollar\u0131 ay\u0131rma karar\u0131 ald\u0131.<\/p>\n<p>Faturay\u0131 Hollandal\u0131 hocaya kesecek olan sar\u0131 lacivertlilerde g\u00f6reve kimin getirilece\u011fi konusu belirsiz.<\/p>\n<p>Atiker Konyaspor Teknik Direkt\u00f6r\u00fc Aykut Kocaman, ye\u015fil beyazl\u0131 y\u00f6netimin kendisiyle ilgili &#8220;tedbir&#8221; a\u00e7\u0131klamas\u0131na dair de \u015fu a\u00e7\u0131klamada bulundu.<\/p>\n<p>Kocaman yap\u0131lan a\u00e7\u0131klaman\u0131n bilgisi d\u0131\u015f\u0131nda yap\u0131ld\u0131\u011f\u0131n\u0131 g\u00f6r\u00fcnce \u00e7ok \u015fa\u015f\u0131rd\u0131\u011f\u0131n\u0131 ve usuls\u00fcz buldu\u011funu s\u00f6yledi.<\/p>\n<\/article>\n<\/div>\n<\/div>\n","protected":false},"excerpt":{"rendered":"<p>Fenerbah\u00e7e&#8217;de Ba\u015fkan Aziz Y\u0131ld\u0131r\u0131m ve y\u00f6neticilerin yapt\u0131\u011f\u0131 toplant\u0131dan Hollandal\u0131 hocan\u0131n g\u00f6nderilme karar\u0131 \u00e7\u0131kt\u0131. Yeni hoca listesinin ba\u015f\u0131nda Aykut Kocaman var. D\u00fcn ak\u015fam Krasnodar&#8217;a eleni\u015fin ard\u0131ndan Fenerbah\u00e7e y\u00f6netimi Dick Advocaat ile yollar\u0131 ay\u0131rma karar\u0131 ald\u0131. Faturay\u0131 Hollandal\u0131 hocaya kesecek olan sar\u0131 lacivertlilerde g\u00f6reve kimin getirilece\u011fi konusu belirsiz. Atiker Konyaspor Teknik Direkt\u00f6r\u00fc Aykut Kocaman, ye\u015fil beyazl\u0131 y\u00f6netimin [&hellip;]<\/p>\n","protected":false},"author":1,"featured_media":11222,"comment_status":"open","ping_status":"open","sticky":false,"template":"","format":"standard","meta":{"ngg_post_thumbnail":0},"categories":[5214],"tags":[11109,2564,11419,11519,11255],"_links":{"self":[{"href":"https:\/\/emlaktuel.com\/index.php?rest_route=\/wp\/v2\/posts\/11221"}],"collection":[{"href":"https:\/\/emlaktuel.com\/index.php?rest_route=\/wp\/v2\/posts"}],"about":[{"href":"https:\/\/emlaktuel.com\/index.php?rest_route=\/wp\/v2\/types\/post"}],"author":[{"embeddable":true,"href":"https:\/\/emlaktuel.com\/index.php?rest_route=\/wp\/v2\/users\/1"}],"replies":[{"embeddable":true,"href":"https:\/\/emlaktuel.com\/index.php?rest_route=%2Fwp%2Fv2%2Fcomments&post=11221"}],"version-history":[{"count":1,"href":"https:\/\/emlaktuel.com\/index.php?rest_route=\/wp\/v2\/posts\/11221\/revisions"}],"predecessor-version":[{"id":11223,"href":"https:\/\/emlaktuel.com\/index.php?rest_route=\/wp\/v2\/posts\/11221\/revisions\/11223"}],"wp:featuredmedia":[{"embeddable":true,"href":"https:\/\/emlaktuel.com\/index.php?rest_route=\/wp\/v2\/media\/11222"}],"wp:attachment":[{"href":"https:\/\/emlaktuel.com\/index.php?rest_route=%2Fwp%2Fv2%2Fmedia&parent=11221"}],"wp:term":[{"taxonomy":"category","embeddable":true,"href":"https:\/\/emlaktuel.com\/index.php?rest_route=%2Fwp%2Fv2%2Fcategories&post=11221"},{"taxonomy":"post_tag","embeddable":true,"href":"https:\/\/emlaktuel.com\/index.php?rest_route=%2Fwp%2Fv2%2Ftags&post=11221"}],"curies":[{"name":"wp","href":"https:\/\/api.w.org\/{rel}","templated":true}]}}