{"id":11213,"date":"2017-02-23T10:34:13","date_gmt":"2017-02-23T07:34:13","guid":{"rendered":"http:\/\/emlaktuel.com\/?p=11213"},"modified":"2018-07-05T16:00:10","modified_gmt":"2018-07-05T13:00:10","slug":"varlik-fonu-muteahhitlerin-teminat-sorununu-cozecek","status":"publish","type":"post","link":"https:\/\/emlaktuel.com\/?p=11213","title":{"rendered":"Varl\u0131k Fonu m\u00fcteahhitlerin teminat sorununu \u00e7\u00f6zecek"},"content":{"rendered":"<h1>\u00a0<img loading=\"lazy\" class=\"aligncenter size-full wp-image-6640\" src=\"http:\/\/emlaktuel.com\/wp-content\/uploads\/2016\/10\/MzAzMDQ4NT-cumhurbaskani-erdogan-2017de-buyuk-yatirimlar-yapacagiz.jpg\" alt=\"recep tayyip erdo\u011fan\" width=\"468\" height=\"300\" \/><\/h1>\n<div class=\"image\"><\/div>\n<div class=\"txt\">\n<div class=\"txtIn\">\n<article id=\"contextual\" class=\"selectionShareable\">\n<h2>Yurtd\u0131\u015f\u0131 m\u00fcteahhitlik sekt\u00f6r\u00fcnde d\u00fcnyan\u0131n ilk 250 firmas\u0131 aras\u0131na giren 45 T\u00fcrk \u015firketine \u00f6d\u00fcl veren Cumhurba\u015fkan\u0131 Erdo\u011fan, in\u015faat\u00e7\u0131lar\u0131n teminat sorunu i\u00e7in Varl\u0131k Fonu\u2019nun devreye girebilece\u011fini bildirdi<\/h2>\n<p>Cumhurba\u015fkan\u0131 <strong>Recep Tayyip Erdo\u011fan<\/strong>, d\u00fcnyan\u0131n en b\u00fcy\u00fck 250 m\u00fcteahhitlik firmas\u0131 aras\u0131nda yer alan T\u00fcrk firmalar\u0131n\u0131 \u00f6d\u00fcllendirdi. Ekonomi Bakanl\u0131\u011f\u0131 ve T\u00fcrkiye M\u00fcteahhitler Birli\u011fi taraf\u0131ndan d\u00fcn Ankara&#8217;da d\u00fczenlenen Yurtd\u0131\u015f\u0131 M\u00fcteahhitlik Hizmetleri \u00d6d\u00fcl T\u00f6reni&#8217;ne kat\u0131lan Erdo\u011fan, \u015fu mesajlar\u0131 verdi:<br \/>\n<img src=\"http:\/\/i.tmgrup.com.tr\/i\/bullet.jpg\" \/> <b>340 M\u0130LYAR DOLARLIK PROJELER: <\/b>2010&#8217;da 33, 2015&#8217;te 42 firmaya \u00f6d\u00fcl vermi\u015ftik. Bug\u00fcn rakam 45&#8217;e \u00e7\u0131kt\u0131. Biz m\u00fcteahhitlerimizin yurtd\u0131\u015f\u0131nda proje \u00fcstlenmelerini sadece bir ekonomik faaliyet olarak g\u00f6rm\u00fcyoruz. \u0130n\u015faatla birlikte medeniyetler aras\u0131nda k\u00f6pr\u00fc olu\u015fturuyorsunuz. \u015eantiyesinin \u00f6n\u00fcnde bayra\u011f\u0131m\u0131z\u0131 dalgaland\u0131ran her firmam\u0131z \u00fclkemizin birer temsilcisidir.<\/p>\n<div class=\"singleManset\"><\/div>\n<p><img src=\"http:\/\/i.tmgrup.com.tr\/i\/bullet.jpg\" \/> <b>POTANS\u0130YEL\u0130M\u0130Z\u0130N ALTINDA: <\/b>M\u00fcteahhitlik firmalar\u0131m\u0131z \u00f6zellikle yak\u0131n co\u011frafyam\u0131zda \u00f6nemli i\u015flere imza at\u0131yorlar. Buna ra\u011fmen potansiyelimizin \u00e7ok alt\u0131nda bulundu\u011fumuzu belirtmek istiyorum. \u00d6rne\u011fin Ortado\u011fu&#8217;da Koreli firmalar y\u00fczde 21, \u00c7inliler y\u00fczde 17 oran\u0131nda pay al\u0131rken, bizim firmalar\u0131m\u0131z y\u00fczde 8&#8217;in dahi alt\u0131nda kal\u0131yor. Afrika&#8217;da \u00c7inliler y\u00fczde 55, \u0130talyanlar y\u00fczde 10 paya sahipken, bizim pay\u0131m\u0131z y\u00fczde 5&#8217;i bile bulmuyor. Halbuki buralar bizim \u00e7ok g\u00fc\u00e7l\u00fc tarihi ba\u011flar\u0131m\u0131z\u0131n bulundu\u011fu yerler.<\/p>\n<p><img src=\"http:\/\/i.tmgrup.com.tr\/i\/bullet.jpg\" \/> <b>SIKINTILARI B\u0130L\u0130YORUM: <\/b>Kriz b\u00f6lgelerinde faaliyet g\u00f6steren i\u015fadamlar\u0131m\u0131z geli\u015fmelerden olumsuz etkileniyor. Ya\u015fanan s\u0131k\u0131nt\u0131lar\u0131n hepsini biliyorum. Ziyaret etti\u011fimiz \u00fclkelerde veya T\u00fcrkiye&#8217;ye gelen devlet ba\u015fkanlar\u0131na konular\u0131 iletiyorum.<br \/>\n<img src=\"http:\/\/i.tmgrup.com.tr\/i\/bullet.jpg\" \/> <b>VARLIK FONU DESTEK VERECEK: <\/b>Mesela, b\u00fcy\u00fck ihalelerdeki teminat sorununun \u00e7\u00f6z\u00fcm\u00fcne katk\u0131 sa\u011flayaca\u011f\u0131na inand\u0131\u011f\u0131m yeni bir kurumu devreye soktuk. Varl\u0131k Fonu \u00fcreten, \u00e7al\u0131\u015fan, geli\u015fen T\u00fcrkiye&#8217;nin her i\u015fine oldu\u011fu gibi m\u00fcteahhitlerimizin projelerine de ciddi destek verecektir.<\/p>\n<p><a class=\"sty1\" href=\"http:\/\/www.sabah.com.tr\/fotohaber\/ekonomi\/10-soruda-varlik-fonu\" target=\"_blank\"><strong><em id=\"contentTitle\"><img src=\"http:\/\/i.tmgrup.com.tr\/i\/bullet.jpg\" \/><\/em><\/strong><\/a>\u00a0<b>DED\u0130KODUYA F\u0130LAN GEREK YOK: <\/b>Son d\u00f6nemde ter\u00f6rle, darbeyle \u00f6zellikle de kaos denemeleriyle dize getiremedikleri T\u00fcrkiye&#8217;yi ekonomiyle vurmaya \u00e7al\u0131\u015ft\u0131klar\u0131n\u0131 g\u00f6r\u00fcyoruz. \u0130\u015fin asl\u0131na bak\u0131l\u0131rsa T\u00fcrkiye&#8217;nin ekonomik anlamda ciddi hi\u00e7bir sorunu yoktur. Dedikoduya filan hi\u00e7 gerek yok, biz \u00fclkemizin durumunu biliyoruz. Ekonomide ya\u015fanan dalgalanmalar daha ziyade k\u00fcresel ve b\u00f6lgesel istikrars\u0131zl\u0131klar\u0131n yol a\u00e7t\u0131\u011f\u0131 psikolojik iklimden ve bunun \u00fclkemize yans\u0131malar\u0131ndan kaynaklan\u0131yor. Ama son d\u00f6nemde toparlanma ba\u015flad\u0131.<\/p>\n<p><b>\u00d6LD\u00dcRMEYEN HER DARBE <\/b><b>DAHA DA G\u00dc\u00c7LEND\u0130R\u0130R<\/b><br \/>\nT\u00fcrkiye&#8217;nin 14 y\u0131lda 3 kat b\u00fcy\u00fcd\u00fc\u011f\u00fcn\u00fc anlatan Cumhurba\u015fkan\u0131 Erdo\u011fan, &#8220;\u00d6n\u00fcm\u00fczdeki d\u00f6nemde ayn\u0131 ba\u015far\u0131y\u0131 bir kez daha g\u00f6sterecek, d\u00fcnyan\u0131n en b\u00fcy\u00fck 10 ekonomisi aras\u0131na girece\u011fiz. Sizler de \u00e7ok iyi bilirsiniz ki inanmak ba\u015farman\u0131n yar\u0131s\u0131d\u0131r. Biz \u00fclkemize, milletimize inan\u0131yoruz, i\u015fadamlar\u0131m\u0131za m\u00fcteahhitlerimize inan\u0131yor, g\u00fcveniyoruz. 15 Temmuz bir kez daha g\u00f6stermi\u015ftir ki \u00f6ld\u00fcrmeyen her darbe g\u00fc\u00e7lendirir. T\u00fcrkiye dimdik ayakta durarak g\u00f6\u011f\u00fcsledi\u011fi t\u00fcm sald\u0131r\u0131lardan, krizlerden, kaoslardan, darbelerden g\u00fc\u00e7lenerek \u00e7\u0131kmay\u0131 ba\u015farm\u0131\u015f bir \u00fclkedir. Ayn\u0131 durum sizler i\u00e7in de ge\u00e7erlidir&#8221; dedi. &#8220;Bizim kitab\u0131m\u0131zda geriye gitmek yoktur&#8221; diyen Erdo\u011fan, &#8220;\u0130hracat g\u00fc\u00e7lenmeye ba\u015flad\u0131. Turizmde k\u0131m\u0131ldama i\u015faretleri g\u00f6r\u00fcl\u00fcyor. \u0130n\u015fallah yurtd\u0131\u015f\u0131 m\u00fcteahhitlikte de benzer durum ya\u015fanacak. Stratejimiz, k\u00fc\u00e7\u00fclme veya geri \u00e7ekilme de\u011fil tam tersine b\u00fcy\u00fcme&#8221; diye konu\u015ftu.<\/p>\n<p><strong>CUMHURBA\u015eKANI ERDO\u011eAN 45 F\u0130RMAYA \u00d6D\u00dcL VERD\u0130<\/strong><br \/>\nAralar\u0131nda Cengiz \u0130n\u015faat, Kolin \u0130n\u015faat, IC \u0130n\u015faat, Akfen ve Limak \u0130n\u015faat&#8217;\u0131n da oldu\u011fu 45 firmaya \u00f6d\u00fcl verildi. Cengiz \u0130n\u015faat&#8217;tan Mehmet Cengiz, Kolin \u0130n\u015faat&#8217;tan Celal Kolo\u011flu, IC \u00c7e\u00e7en Holding&#8217;den \u0130brahim \u00c7e\u00e7en, Akfen \u0130n\u015faat&#8217;tan Hamdi Ak\u0131n, Limak \u0130n\u015faat&#8217;tan Ebru \u00d6zdemir \u00f6d\u00fcllerini Cumhurba\u015fkan\u0131&#8217;n\u0131n elinden ald\u0131. T\u00fcrkiye M\u00fcteahhitler Birli\u011fi Ba\u015fkan\u0131 Mithat Yenig\u00fcn, T\u00fcrk firmalar\u0131n\u0131n bir\u00e7ok projede global marka haline geldi\u011fini belirtti.<\/article>\n<\/div>\n<\/div>\n<h1><\/h1>\n","protected":false},"excerpt":{"rendered":"<p>\u00a0 Yurtd\u0131\u015f\u0131 m\u00fcteahhitlik sekt\u00f6r\u00fcnde d\u00fcnyan\u0131n ilk 250 firmas\u0131 aras\u0131na giren 45 T\u00fcrk \u015firketine \u00f6d\u00fcl veren Cumhurba\u015fkan\u0131 Erdo\u011fan, in\u015faat\u00e7\u0131lar\u0131n teminat sorunu i\u00e7in Varl\u0131k Fonu\u2019nun devreye girebilece\u011fini bildirdi Cumhurba\u015fkan\u0131 Recep Tayyip Erdo\u011fan, d\u00fcnyan\u0131n en b\u00fcy\u00fck 250 m\u00fcteahhitlik firmas\u0131 aras\u0131nda yer alan T\u00fcrk firmalar\u0131n\u0131 \u00f6d\u00fcllendirdi. Ekonomi Bakanl\u0131\u011f\u0131 ve T\u00fcrkiye M\u00fcteahhitler Birli\u011fi taraf\u0131ndan d\u00fcn Ankara&#8217;da d\u00fczenlenen Yurtd\u0131\u015f\u0131 M\u00fcteahhitlik Hizmetleri [&hellip;]<\/p>\n","protected":false},"author":1,"featured_media":3913,"comment_status":"open","ping_status":"open","sticky":false,"template":"","format":"standard","meta":{"ngg_post_thumbnail":0},"categories":[5213],"tags":[11558,3745,67,11359,7965,89,11087,11231],"_links":{"self":[{"href":"https:\/\/emlaktuel.com\/index.php?rest_route=\/wp\/v2\/posts\/11213"}],"collection":[{"href":"https:\/\/emlaktuel.com\/index.php?rest_route=\/wp\/v2\/posts"}],"about":[{"href":"https:\/\/emlaktuel.com\/index.php?rest_route=\/wp\/v2\/types\/post"}],"author":[{"embeddable":true,"href":"https:\/\/emlaktuel.com\/index.php?rest_route=\/wp\/v2\/users\/1"}],"replies":[{"embeddable":true,"href":"https:\/\/emlaktuel.com\/index.php?rest_route=%2Fwp%2Fv2%2Fcomments&post=11213"}],"version-history":[{"count":1,"href":"https:\/\/emlaktuel.com\/index.php?rest_route=\/wp\/v2\/posts\/11213\/revisions"}],"predecessor-version":[{"id":11214,"href":"https:\/\/emlaktuel.com\/index.php?rest_route=\/wp\/v2\/posts\/11213\/revisions\/11214"}],"wp:featuredmedia":[{"embeddable":true,"href":"https:\/\/emlaktuel.com\/index.php?rest_route=\/wp\/v2\/media\/3913"}],"wp:attachment":[{"href":"https:\/\/emlaktuel.com\/index.php?rest_route=%2Fwp%2Fv2%2Fmedia&parent=11213"}],"wp:term":[{"taxonomy":"category","embeddable":true,"href":"https:\/\/emlaktuel.com\/index.php?rest_route=%2Fwp%2Fv2%2Fcategories&post=11213"},{"taxonomy":"post_tag","embeddable":true,"href":"https:\/\/emlaktuel.com\/index.php?rest_route=%2Fwp%2Fv2%2Ftags&post=11213"}],"curies":[{"name":"wp","href":"https:\/\/api.w.org\/{rel}","templated":true}]}}