{"id":11195,"date":"2017-02-20T11:39:15","date_gmt":"2017-02-20T08:39:15","guid":{"rendered":"http:\/\/emlaktuel.com\/?p=11195"},"modified":"2018-07-05T15:59:58","modified_gmt":"2018-07-05T12:59:58","slug":"erdogan-istihdam-sozunu-tutmayani-ifsa-edecegim","status":"publish","type":"post","link":"https:\/\/emlaktuel.com\/?p=11195","title":{"rendered":"Erdo\u011fan: \u201c\u0130stihdam s\u00f6z\u00fcn\u00fc tutmayan\u0131 if\u015fa edece\u011fim\u201d"},"content":{"rendered":"<h1><\/h1>\n<div class=\"image\">\n<div class=\"info\">\u00a0<img loading=\"lazy\" class=\"aligncenter  wp-image-3913\" src=\"http:\/\/emlaktuel.com\/wp-content\/uploads\/2016\/08\/images.jpg\" alt=\"recep tayyip erdo\u011fan\" width=\"434\" height=\"230\" \/><\/div>\n<\/div>\n<div class=\"txt\">\n<div class=\"txtIn\">\n<article id=\"contextual\" class=\"selectionShareable\">\n<h2>Cumhurba\u015fkan\u0131 Recep Tayyip Erdo\u011fan, ge\u00e7ti\u011fimiz g\u00fcnlerde ba\u015flatt\u0131\u011f\u0131 istihdam seferberli\u011fi i\u00e7in s\u00f6z verip yerine getirmeyen herkesi t\u00fcm \u00fclkeye if\u015fa edece\u011fini a\u00e7\u0131klad\u0131.<\/h2>\n<p>Gaziantep&#8217;te d\u00fcn toplu a\u00e7\u0131l\u0131\u015f t\u00f6renine kat\u0131lan Erdo\u011fan, &#8220;Gaziantep&#8217;te fabrikalar ma\u015fallah har\u0131l har\u0131l \u00e7al\u0131\u015f\u0131yor. Ge\u00e7en g\u00fcnlerde bir <strong>istihdam seferberli\u011fi<\/strong> ba\u015flatt\u0131k. Gaziantep Organize Sanayi B\u00f6lgesi de buna 15 bin ek istihdam s\u00f6z\u00fcyle kat\u0131ld\u0131. S\u00f6z verip de yerine getirmeyen hepsini t\u00fcm \u00fclkeye if\u015fa edece\u011fimi de burada s\u00f6ylemek isterim. Valimiz bunun takibini yapacak&#8221; dedi.<\/p>\n<p><strong>&#8220;15 B\u0130N K\u0130\u015e\u0130 \u0130\u015eBA\u015eI YAPACAK&#8221;<\/strong><\/p>\n<p><strong>Cumhurba\u015fkan\u0131 Erdo\u011fan<\/strong> Gaziantep&#8217;te yapt\u0131\u011f\u0131 a\u00e7\u0131klamada &#8220;Baz\u0131 yerlerde s\u0131k\u0131nt\u0131 varken, Gaziantep&#8217;teki fabrikalar, i\u015fyerleri har\u0131l har\u0131l \u00e7al\u0131\u015f\u0131yor. Ge\u00e7ti\u011fimiz g\u00fcnlerde bir istihdam seferberli\u011fi ba\u015flatt\u0131k. Gaziantep Organize Sanayi B\u00f6lgesi&#8217;nin 15 bin istihdamla katk\u0131 verdi\u011fini g\u00f6rd\u00fck, \u00e7ok memnun olduk. 15 bin ki\u015fi organize sanayide i\u015fba\u015f\u0131 yapacak. Suriye&#8217;deki s\u0131k\u0131nt\u0131lar sona erdi\u011finde Gaziantep \u00e7ok daha b\u00fcy\u00fck at\u0131l\u0131m\u0131n i\u00e7ine girecektir. \u015eimdiden haz\u0131rl\u0131\u011f\u0131n\u0131z\u0131 yap\u0131n, g\u00fczel g\u00fcnler sizleri bekliyor&#8221; dedi.<\/p>\n<\/article>\n<\/div>\n<\/div>\n","protected":false},"excerpt":{"rendered":"<p>\u00a0 Cumhurba\u015fkan\u0131 Recep Tayyip Erdo\u011fan, ge\u00e7ti\u011fimiz g\u00fcnlerde ba\u015flatt\u0131\u011f\u0131 istihdam seferberli\u011fi i\u00e7in s\u00f6z verip yerine getirmeyen herkesi t\u00fcm \u00fclkeye if\u015fa edece\u011fini a\u00e7\u0131klad\u0131. Gaziantep&#8217;te d\u00fcn toplu a\u00e7\u0131l\u0131\u015f t\u00f6renine kat\u0131lan Erdo\u011fan, &#8220;Gaziantep&#8217;te fabrikalar ma\u015fallah har\u0131l har\u0131l \u00e7al\u0131\u015f\u0131yor. Ge\u00e7en g\u00fcnlerde bir istihdam seferberli\u011fi ba\u015flatt\u0131k. Gaziantep Organize Sanayi B\u00f6lgesi de buna 15 bin ek istihdam s\u00f6z\u00fcyle kat\u0131ld\u0131. S\u00f6z verip de [&hellip;]<\/p>\n","protected":false},"author":1,"featured_media":3913,"comment_status":"open","ping_status":"open","sticky":false,"template":"","format":"standard","meta":{"ngg_post_thumbnail":0},"categories":[5213],"tags":[90,399,11089,3754,6538,11459,89,2731],"_links":{"self":[{"href":"https:\/\/emlaktuel.com\/index.php?rest_route=\/wp\/v2\/posts\/11195"}],"collection":[{"href":"https:\/\/emlaktuel.com\/index.php?rest_route=\/wp\/v2\/posts"}],"about":[{"href":"https:\/\/emlaktuel.com\/index.php?rest_route=\/wp\/v2\/types\/post"}],"author":[{"embeddable":true,"href":"https:\/\/emlaktuel.com\/index.php?rest_route=\/wp\/v2\/users\/1"}],"replies":[{"embeddable":true,"href":"https:\/\/emlaktuel.com\/index.php?rest_route=%2Fwp%2Fv2%2Fcomments&post=11195"}],"version-history":[{"count":1,"href":"https:\/\/emlaktuel.com\/index.php?rest_route=\/wp\/v2\/posts\/11195\/revisions"}],"predecessor-version":[{"id":11196,"href":"https:\/\/emlaktuel.com\/index.php?rest_route=\/wp\/v2\/posts\/11195\/revisions\/11196"}],"wp:featuredmedia":[{"embeddable":true,"href":"https:\/\/emlaktuel.com\/index.php?rest_route=\/wp\/v2\/media\/3913"}],"wp:attachment":[{"href":"https:\/\/emlaktuel.com\/index.php?rest_route=%2Fwp%2Fv2%2Fmedia&parent=11195"}],"wp:term":[{"taxonomy":"category","embeddable":true,"href":"https:\/\/emlaktuel.com\/index.php?rest_route=%2Fwp%2Fv2%2Fcategories&post=11195"},{"taxonomy":"post_tag","embeddable":true,"href":"https:\/\/emlaktuel.com\/index.php?rest_route=%2Fwp%2Fv2%2Ftags&post=11195"}],"curies":[{"name":"wp","href":"https:\/\/api.w.org\/{rel}","templated":true}]}}