{"id":11189,"date":"2017-02-20T11:33:12","date_gmt":"2017-02-20T08:33:12","guid":{"rendered":"http:\/\/emlaktuel.com\/?p=11189"},"modified":"2018-07-05T15:59:54","modified_gmt":"2018-07-05T12:59:54","slug":"anadolu-yakasinda-goztepenin-muhtesem-projesinde-90-ay-0-faiz","status":"publish","type":"post","link":"https:\/\/emlaktuel.com\/?p=11189","title":{"rendered":"Anadolu yakas\u0131&#8217;nda G\u00f6ztepe\u2019nin Muhte\u015fem projesinde 90 ay 0 faiz!"},"content":{"rendered":"<h1 class=\"name post-title entry-title\"><\/h1>\n<div class=\"entry\">\n<div class=\"e-mailit_top_toolbox\"><\/div>\n<h3><img loading=\"lazy\" class=\"aligncenter size-full wp-image-11190\" src=\"http:\/\/emlaktuel.com\/wp-content\/uploads\/2017\/02\/muhtesem1.jpg\" alt=\"muhtesem1\" width=\"660\" height=\"330\" \/><\/h3>\n<h3><strong>Ceylan \u0130n\u015faat taraf\u0131ndan, Kad\u0131k\u00f6y G\u00f6ztepe\u2019de hayata ge\u00e7irdi\u011fi Muhte\u015fem Yeni Y\u0131l Konutlar\u0131 projesinde yeni kampanyaya ba\u015fl\u0131yor: Y\u00fczde 20 pe\u015fin, 90 ay vade fark\u0131 yok!\u2026 \u0130\u015fte Muhte\u015fem Yeni Y\u0131l Konutlar\u0131 fiyat listesi ile yeni kampanya ve detaylar\u2026<\/strong><\/h3>\n<p><span id=\"more-30683\"><\/span>Muhte\u015fem Yeni Y\u0131l Konutlar\u0131\u2019nda 90 ay vadede faiz s\u0131f\u0131rland\u0131\u2026 Ceylan \u0130n\u015faat, Kad\u0131k\u00f6y G\u00f6ztepe Mahallesi\u2019nde in\u015fa etti\u011fi Muhte\u015fem Yeni Y\u0131l Konutlar\u0131 projesinde yeni bir kampanyaya imza att\u0131. Muhte\u015fem Yeni Y\u0131l Konutlar\u0131\u2019nda pe\u015finat y\u00fczde 20\u2019ye, faiz 90 ay vadede 0\u2019a indi\u2026<\/p>\n<div id=\"attachment_29377\" class=\"wp-caption aligncenter\"><strong>Muhte\u015fem Yeni Y\u0131l Konutlar\u0131 fiyat listesi haberimizde yer al\u0131yor\u2026<\/strong><\/div>\n<p>Fikirtepe kentsel d\u00f6n\u00fc\u015f\u00fcm projesi kapsam\u0131nda Kad\u0131k\u00f6y G\u00f6ztepe\u2019de hayata ge\u00e7irilen Muhte\u015fem Yeni Y\u0131l Konutlar\u0131, 3 bin 339 metrekare arsa \u00fczerinde in\u015fa ediliyor. 25 katl\u0131 projede b\u00fcy\u00fckl\u00fckleri 91 metrekare ile 204 metrekare aras\u0131nda de\u011fi\u015fen 1+1, 2+1 ve 3+1 konut tipinde 192 daire ve 15 ticari \u00fcnite yer alacak.<\/p>\n<p>Muhte\u015fem Yeni Y\u0131l Konutlar\u0131 projesinin sosyal alanlar\u0131nda teras, k\u0131\u015f bah\u00e7esi, a\u00e7\u0131k ve \u00e7ocuk y\u00fczme havuzlar\u0131, sauna, Fin Hamam\u0131, buhar odas\u0131, \u00e7ocuk park\u0131, spor merkezi, al\u0131\u015fveri\u015f merkezi, kafe ve restoranlar da bulunuyor.<\/p>\n<p><strong>Muhte\u015fem Yeni Y\u0131l Konutlar\u0131\u2019nda muhte\u015fem kampanya<\/strong><\/p>\n<p><img loading=\"lazy\" class=\"aligncenter size-full wp-image-12593\" src=\"http:\/\/39506.spull.netcdn.net\/wp-content\/uploads\/2016\/01\/muhtesemyeniyilkonutlaribir.jpg\" sizes=\"(max-width: 660px) 100vw, 660px\" srcset=\"http:\/\/39506.spull.netcdn.net\/wp-content\/uploads\/2016\/01\/muhtesemyeniyilkonutlaribir-300x150.jpg 300w, http:\/\/39506.spull.netcdn.net\/wp-content\/uploads\/2016\/01\/muhtesemyeniyilkonutlaribir.jpg 660w\" alt=\"muhtesemyeniyilkonutlaribir\" width=\"660\" height=\"330\" \/><\/p>\n<p>Ceylan \u0130n\u015faat, Muhte\u015fem Yeni Y\u0131l Konutlar\u0131 projesinde yeni bir kampanya ba\u015flatt\u0131. Kampanyaya g\u00f6re y\u00fczde 20 pe\u015finat ve vade farks\u0131z firma finansman\u0131 ile doksan (90) ay vade yap\u0131labiliyor.<\/p>\n<p><strong>Muhte\u015fem Yeni Y\u0131l Konutlar\u0131 fiyat listesi<\/strong><\/p>\n<p><img loading=\"lazy\" class=\"aligncenter size-full wp-image-17166\" src=\"http:\/\/39506.spull.netcdn.net\/wp-content\/uploads\/2016\/04\/muhte%C5%9Femyen%C4%B1y%C4%B1lkonut3.jpg\" sizes=\"(max-width: 660px) 100vw, 660px\" srcset=\"http:\/\/39506.spull.netcdn.net\/wp-content\/uploads\/2016\/04\/muhte\u015femyen\u0131y\u0131lkonut3-300x200.jpg 300w, http:\/\/39506.spull.netcdn.net\/wp-content\/uploads\/2016\/04\/muhte\u015femyen\u0131y\u0131lkonut3.jpg 660w\" alt=\"muhte\u015femyen\u0131y\u0131lkonut3\" width=\"660\" height=\"440\" \/><\/p>\n<p><strong>Muhte\u015fem Yeni Y\u0131l Konutlar\u0131\u2019nda fiyatlar;<\/strong><\/p>\n<p>1+1\u2019ler 549.000 TL\u2019den,<\/p>\n<p>2+1\u2019ler 699.675 TL\u2019den,<\/p>\n<p>3+1\u2019ler 834.300 TL\u2019den ba\u015flang\u0131\u00e7 g\u00f6steriyor\u2026<\/p>\n<p><strong>Muhte\u015fem Yeni Y\u0131l Konutlar\u0131 nerede?<\/strong><\/p>\n<p>G\u00f6ztepe E\u011fitim Mahallesi Kasr-\u0131 Ali Caddesi \u00fczerinde konumland\u0131r\u0131lan Muhte\u015fem Yeni Y\u0131l Konutlar\u0131\u2019n\u0131n harita \u00fczerindeki yeri \u015f\u00f6yle;<\/p>\n<p>&nbsp;<\/p>\n<p><strong>Muhte\u015fem Yeni Y\u0131l Konutlar\u0131 ileti\u015fim!<\/strong><br \/>\nTel: 444 70 16<br \/>\nWeb: <a href=\"http:\/\/www.muhtesemyyk.com\"><strong>www.muhtesemyyk.com<\/strong><\/a><\/p>\n<p>&nbsp;<\/p>\n<\/div>\n","protected":false},"excerpt":{"rendered":"<p>Ceylan \u0130n\u015faat taraf\u0131ndan, Kad\u0131k\u00f6y G\u00f6ztepe\u2019de hayata ge\u00e7irdi\u011fi Muhte\u015fem Yeni Y\u0131l Konutlar\u0131 projesinde yeni kampanyaya ba\u015fl\u0131yor: Y\u00fczde 20 pe\u015fin, 90 ay vade fark\u0131 yok!\u2026 \u0130\u015fte Muhte\u015fem Yeni Y\u0131l Konutlar\u0131 fiyat listesi ile yeni kampanya ve detaylar\u2026 Muhte\u015fem Yeni Y\u0131l Konutlar\u0131\u2019nda 90 ay vadede faiz s\u0131f\u0131rland\u0131\u2026 Ceylan \u0130n\u015faat, Kad\u0131k\u00f6y G\u00f6ztepe Mahallesi\u2019nde in\u015fa etti\u011fi Muhte\u015fem Yeni Y\u0131l Konutlar\u0131 [&hellip;]<\/p>\n","protected":false},"author":1,"featured_media":11190,"comment_status":"open","ping_status":"open","sticky":false,"template":"","format":"standard","meta":{"ngg_post_thumbnail":0},"categories":[5218,219,97,5388],"tags":[183,6597,278,4346,88,6829,80,6596,106,11283,11480],"_links":{"self":[{"href":"https:\/\/emlaktuel.com\/index.php?rest_route=\/wp\/v2\/posts\/11189"}],"collection":[{"href":"https:\/\/emlaktuel.com\/index.php?rest_route=\/wp\/v2\/posts"}],"about":[{"href":"https:\/\/emlaktuel.com\/index.php?rest_route=\/wp\/v2\/types\/post"}],"author":[{"embeddable":true,"href":"https:\/\/emlaktuel.com\/index.php?rest_route=\/wp\/v2\/users\/1"}],"replies":[{"embeddable":true,"href":"https:\/\/emlaktuel.com\/index.php?rest_route=%2Fwp%2Fv2%2Fcomments&post=11189"}],"version-history":[{"count":1,"href":"https:\/\/emlaktuel.com\/index.php?rest_route=\/wp\/v2\/posts\/11189\/revisions"}],"predecessor-version":[{"id":11191,"href":"https:\/\/emlaktuel.com\/index.php?rest_route=\/wp\/v2\/posts\/11189\/revisions\/11191"}],"wp:featuredmedia":[{"embeddable":true,"href":"https:\/\/emlaktuel.com\/index.php?rest_route=\/wp\/v2\/media\/11190"}],"wp:attachment":[{"href":"https:\/\/emlaktuel.com\/index.php?rest_route=%2Fwp%2Fv2%2Fmedia&parent=11189"}],"wp:term":[{"taxonomy":"category","embeddable":true,"href":"https:\/\/emlaktuel.com\/index.php?rest_route=%2Fwp%2Fv2%2Fcategories&post=11189"},{"taxonomy":"post_tag","embeddable":true,"href":"https:\/\/emlaktuel.com\/index.php?rest_route=%2Fwp%2Fv2%2Ftags&post=11189"}],"curies":[{"name":"wp","href":"https:\/\/api.w.org\/{rel}","templated":true}]}}