{"id":11171,"date":"2017-02-19T13:12:36","date_gmt":"2017-02-19T10:12:36","guid":{"rendered":"http:\/\/emlaktuel.com\/?p=11171"},"modified":"2018-07-05T15:59:38","modified_gmt":"2018-07-05T12:59:38","slug":"teknik-yapi-uplife-kadikoy-ile-prestij-saglayacak","status":"publish","type":"post","link":"https:\/\/emlaktuel.com\/?p=11171","title":{"rendered":"Teknik Yap\u0131 Uplife Kad\u0131k\u00f6y ile prestij sa\u011flayacak"},"content":{"rendered":"<h1 class=\"name post-title entry-title\"><img loading=\"lazy\" class=\"aligncenter  wp-image-11172\" src=\"http:\/\/emlaktuel.com\/wp-content\/uploads\/2017\/02\/w_3029.jpg\" alt=\"uplife\" width=\"569\" height=\"501\" \/><\/h1>\n<h1 class=\"name post-title entry-title\">\u00a0Fikirtepe\u2019nin en de\u011ferli b\u00f6lgesi Prestij Caddesi\u2019nde yer alan Uplife Kad\u0131k\u00f6y projesi, sat\u0131\u015fa \u00e7\u0131k\u0131yor.<\/h1>\n<div class=\"entry\">\n<div class=\"cleft detail\">\n<div class=\"content\">\n<article><strong>Teknik Yap\u0131<\/strong>, T\u00fcrkiye\u2019de yat\u0131r\u0131mc\u0131s\u0131na en \u00e7ok kazand\u0131ran projeler olarak yak\u0131n tarihimize imza atan UP efsanesi ile geri d\u00f6n\u00fcyor.Kentsel d\u00f6n\u00fc\u015f\u00fcm hamlesinin pilot uygulamas\u0131 Fikirtepe\u2019de ilk proje ruhsat\u0131 alan, ilk kat irtifak\u0131 kuran ve ilk proje teslimi yapan Teknik Yap\u0131, yeni bir adada yeni bir projeye imza at\u0131yor.Teknik Yap\u0131\u2019n\u0131n y\u00fcksek kalite standartlar\u0131, yenilik\u00e7i mimari \u00e7izgileriyle ad\u0131ndan b\u00fcy\u00fck \u00f6vg\u00fcyle s\u00f6z ettiren ve sat\u0131\u015flar\u0131 rekor s\u00fcrede tamamlanan UP serisi, Uplife Kad\u0131k\u00f6y\u2019le yine \u00e7ok de\u011ferli ve yeni bir f\u0131rsat\u0131 daha sizlerle payla\u015f\u0131yor.<\/p>\n<h4>PROJE DE\u011eER\u0130 1 M\u0130LYAR L\u0130RA<\/h4>\n<p>Yakla\u015f\u0131k 16 d\u00f6n\u00fcm arazi \u00fczerine 830 l\u00fcks rezidans daire ve 20 ticari \u00fcnite in\u015fa edilece\u011finin bilgisini payla\u015fan Teknik Yap\u0131 Y\u00f6netim Kurulu Ba\u015fkan Yard\u0131mc\u0131s\u0131 Umut Durbakay\u0131m, proje de\u011ferinin ise bir milyar lira olaca\u011f\u0131n\u0131 a\u00e7\u0131klad\u0131.<\/p>\n<p>Uplife Kad\u0131k\u00f6y\u2019\u00fcn Ba\u011fdat Caddesi\u2019ne alternatif olacak \u2018Prestij Caddesi\u2019 \u00fczerinde olaca\u011f\u0131n\u0131n alt\u0131n\u0131 \u00e7izen Durbakay\u0131m, her zaman oldu\u011fu gibi bu projede de ruhsat al\u0131nd\u0131\u011f\u0131n\u0131, 36 ay i\u00e7inde teslim edilece\u011fini a\u00e7\u0131klad\u0131.<\/p>\n<p><img loading=\"lazy\" class=\"tie-appear\" src=\"http:\/\/i.cdn.ensonhaber.com\/resimler\/diger\/s_1175.jpg\" alt=\"Teknik Yap\u0131 Uplife Kad\u0131k\u00f6y ile prestij sa\u011flayacak\" width=\"600\" height=\"456\" \/><\/p>\n<h4>F\u0130NANS MERKEZ\u0130 VE A\u00c7IK AVM \u00d6ZELL\u0130KLER\u0130<\/h4>\n<p>Fikirtepe\u2019nin Ata\u015fehir\u2019den finans y\u00fck\u00fcn\u00fc alacak bir b\u00f6lge olaca\u011f\u0131n\u0131 ifade eden Umut Durbakay\u0131m ayn\u0131 zamanda Ba\u011fdat Caddesi\u2019nin \u00f6zelliklerini bar\u0131nd\u0131ran a\u00e7\u0131k alan al\u0131\u015fveri\u015f merkezi olarak da \u00f6n plana \u00e7\u0131kaca\u011f\u0131n\u0131 s\u00f6yledi.<\/p>\n<p>1974 y\u0131l\u0131nda 1. K\u00f6pr\u00fc yap\u0131ld\u0131\u011f\u0131nda \u0130stanbul Anadolu Yakas\u0131\u2019n\u0131n \u00f6zellikle Ba\u011fdat Caddesi\u2019nin de\u011ferinin bir anda 2-3\u2019e katland\u0131\u011f\u0131n\u0131 hat\u0131rlatan Umut Durbakay\u0131m, Avrasya T\u00fcneli ile \u2018\u0130kinci Bahar\u2019\u0131n ya\u015fanaca\u011f\u0131n\u0131 belirtti. \u201cAvrasya T\u00fcneli ile birlikte de\u011fer art\u0131\u015flar\u0131n\u0131n ya\u015fanmas\u0131 ka\u00e7\u0131n\u0131lmaz olacak\u201d diyen Durbakay\u0131m, \u00f6zellikle Avrupa Yakas\u0131n\u0131 Anadolu Yakas\u0131\u2019na ba\u011flayan bu ba\u011flant\u0131n\u0131n hemen giri\u015finde olan Fikirtepe\u2019nin de bu de\u011fer art\u0131\u015f\u0131ndan en \u00e7ok faydalanacak b\u00f6lge olaca\u011f\u0131n\u0131 vurgulad\u0131.<\/p>\n<p><img loading=\"lazy\" class=\"tie-appear\" src=\"http:\/\/i.cdn.ensonhaber.com\/resimler\/diger\/w_5581_1.jpg\" alt=\"Teknik Yap\u0131 Uplife Kad\u0131k\u00f6y ile prestij sa\u011flayacak\" width=\"600\" height=\"614\" \/><\/p>\n<p>Fikirtepe\u2019nin en de\u011ferli ticari alanlar\u0131n\u0131 kapsayacak b\u00fcy\u00fck al\u0131\u015fveri\u015f merkezleri, ring seferleri i\u00e7in yap\u0131lmas\u0131 planlanan f\u00fcnik\u00fcler ve tramvay, Uplife Kad\u0131k\u00f6y\u2019\u00fcn hayata ge\u00e7ti\u011fi Prestij Caddesi\u2019nde yer al\u0131yor. Barselona\u2019daki La Rambla\u2019dan esinlenerek yap\u0131lan Prestij Caddesi\u2019nin tamamland\u0131\u011f\u0131nda Ba\u011fdat Caddesi\u2019yle yar\u0131\u015faca\u011f\u0131na kesin g\u00f6z\u00fcyle bak\u0131l\u0131yor.<\/p>\n<h4>ULA\u015eIM ARA\u00c7LARINA YAKIN KONUMDA BULUNUYOR<\/h4>\n<p>E5\u2019in yan\u0131 ba\u015f\u0131nda yer alan Uplife Kad\u0131k\u00f6y, metro, metrob\u00fcs, Marmaray ve deniz yolu ula\u015f\u0131m\u0131na birka\u00e7 dakikal\u0131k mesafede, Asya ve Avrupa k\u0131talar\u0131n\u0131 ilk kez deniz alt\u0131ndan kara yoluyla birbirine ba\u011flayan Avrasya T\u00fcneli ise projenin yan\u0131 ba\u015f\u0131nda yer al\u0131yor.<\/p>\n<p>Fikirtepe\u2019nin sadece yer \u00fcst\u00fcndeki yap\u0131lar\u0131yla de\u011fil ayn\u0131 zamanda yerin alt\u0131na inen 5\u2019er katl\u0131 otoparklar\u0131yla da \u0130stanbul\u2019un en rahat caddelerine sahip olan bir b\u00f6lge olarak dikkat \u00e7ekece\u011fine vurgu yapan Umut Durbakay\u0131m, Uplife Kad\u0131k\u00f6y\u2019de otoparklar\u0131n yer alt\u0131na al\u0131nd\u0131\u011f\u0131n\u0131 belirtti. Durbakay\u0131m, otoparklardan kazan\u0131lan alanlardan dolay\u0131 projenin y\u00fczde 40\u2019\u0131n\u0131n ye\u015fil alan ve sosyal donat\u0131lara ayr\u0131ld\u0131\u011f\u0131n\u0131 ifade etti.<\/p>\n<p><img loading=\"lazy\" class=\"tie-appear\" src=\"http:\/\/i.cdn.ensonhaber.com\/resimler\/diger\/d_3713.jpg\" alt=\"Teknik Yap\u0131 Uplife Kad\u0131k\u00f6y ile prestij sa\u011flayacak\" width=\"600\" height=\"456\" \/><\/p>\n<h4>484 B\u0130N L\u0130RA VE 240 AY VADE<\/h4>\n<p>Ortalama y\u00fczde 25 ile b\u00f6lgedeki en d\u00fc\u015f\u00fck br\u00fct ve net metrekare oran\u0131na sahip olan Uplife Kad\u0131k\u00f6y\u2019de 1+1 rezidans dairelerin fiyat\u0131 lansmana \u00f6zel y\u00fczde 5 indirimle 484 bin liradan ba\u015flayacak. Projedeki 2+1 dairelerin ba\u015flang\u0131\u00e7 fiyat\u0131 733 bin lira olarak tespit edilirken 3+1 tipi daireler 1 milyon 153 bin liradan ba\u015flayan fiyatlarla sat\u0131\u015fa sunuluyor.<\/p>\n<p>Uplife Kad\u0131k\u00f6y projesindeki rezidans daireler 240 ay 0,79 vade fark\u0131 ve 100 ay 0 \u2018s\u0131f\u0131r\u2019 faiz se\u00e7enekleriyle sat\u0131\u015fa \u00e7\u0131k\u0131yor. Sadece lansmana \u00f6zel olarak yap\u0131lacak olan y\u00fczde 5 indirim vadeli sat\u0131\u015flar\u0131 da kapsayacak. Bunun yan\u0131 s\u0131ra pe\u015fin al\u0131mlarda da ilave y\u00fczde 12 indirim f\u0131rsat\u0131 sunulacak.<\/p>\n<p><img loading=\"lazy\" class=\"tie-appear\" src=\"http:\/\/i.cdn.ensonhaber.com\/resimler\/diger\/d_7184_1.jpg\" alt=\"Teknik Yap\u0131 Uplife Kad\u0131k\u00f6y ile prestij sa\u011flayacak\" width=\"600\" height=\"456\" \/><\/p>\n<h4>Y\u00dcZDE 40\u2019I YE\u015e\u0130L ALAN<\/h4>\n<p>Y\u00fczde 40\u2019\u0131 ye\u015fil alana ayr\u0131lacak projedeki daireler 1+1, 2+1 ve 3+1 tipi \u015feklinde be\u011feniye sunulacak. Rezidans dairelerin b\u00fcy\u00fckl\u00fc\u011f\u00fc br\u00fct 57,93 ila 129,16 metrekare aras\u0131nda de\u011fi\u015fecek.<\/p>\n<p>Projede toplam 931 otopark alan\u0131na yer al\u0131rken her daireye 1 adet otopark tahsis edilecek. Fikirtepe b\u00f6lgesi \u0130stanbul\u2019un en fazla kapal\u0131 otopark alal\u0131na sahip b\u00f6lgesi olacak.<\/p>\n<p>Spor ama\u00e7l\u0131 sosyal tesislerin a\u011f\u0131rl\u0131k kazand\u0131\u011f\u0131 Uplife Kad\u0131k\u00f6y\u2019de a\u00e7\u0131k, kapal\u0131 ve \u00e7ocuk y\u00fczme havuzlar\u0131yla birlikte bir adette s\u00fcs havuzu ve fitness salonu yer alacak. Daire i\u00e7lerinde ankastre \u00fcr\u00fcnler standart olarak sunulacak.<\/p>\n<p><img loading=\"lazy\" class=\"tie-appear\" src=\"http:\/\/i.cdn.ensonhaber.com\/resimler\/diger\/d_1961_2.jpg\" alt=\"Teknik Yap\u0131 Uplife Kad\u0131k\u00f6y ile prestij sa\u011flayacak\" width=\"600\" height=\"380\" \/><\/p>\n<h4>GE\u00c7M\u0130\u015e\u0130N MODERN\u0130ZM\u0130 \u0130LE GELECE\u011e\u0130N HAYAL G\u00dcC\u00dc<\/h4>\n<p>Bug\u00fcn\u00fcn en yenilik\u00e7i ve s\u0131ra d\u0131\u015f\u0131 bak\u0131\u015f a\u00e7\u0131lar\u0131yla gelece\u011fin \u00e7izgilerinden ilham alarak tasarlanan Uplife Kad\u0131k\u00f6y, \u00fc\u00e7\u00fc 23, biri 22 katl\u0131 4 kulesinin f\u00fct\u00fcristik yal\u0131nl\u0131\u011f\u0131 ve minimalist tavr\u0131, ge\u00e7mi\u015fin modernizmini yans\u0131tan mimari tasar\u0131m\u0131yla gelece\u011fin teknolojik hayal g\u00fcc\u00fcn\u00fc bir araya getirdi.<\/p>\n<p>Uplife Kad\u0131k\u00f6y, sadece bir m\u00fchendislik harikas\u0131 de\u011fil; ayn\u0131 zamanda incelikle kurgulanm\u0131\u015f detaylar\u0131yla son derece dinamik ve renkli bir ya\u015fam merkezi.<\/p>\n<\/article>\n<\/div>\n<\/div>\n<\/div>\n","protected":false},"excerpt":{"rendered":"<p>\u00a0Fikirtepe\u2019nin en de\u011ferli b\u00f6lgesi Prestij Caddesi\u2019nde yer alan Uplife Kad\u0131k\u00f6y projesi, sat\u0131\u015fa \u00e7\u0131k\u0131yor. Teknik Yap\u0131, T\u00fcrkiye\u2019de yat\u0131r\u0131mc\u0131s\u0131na en \u00e7ok kazand\u0131ran projeler olarak yak\u0131n tarihimize imza atan UP efsanesi ile geri d\u00f6n\u00fcyor.Kentsel d\u00f6n\u00fc\u015f\u00fcm hamlesinin pilot uygulamas\u0131 Fikirtepe\u2019de ilk proje ruhsat\u0131 alan, ilk kat irtifak\u0131 kuran ve ilk proje teslimi yapan Teknik Yap\u0131, yeni bir adada yeni [&hellip;]<\/p>\n","protected":false},"author":1,"featured_media":11172,"comment_status":"open","ping_status":"open","sticky":false,"template":"","format":"standard","meta":{"ngg_post_thumbnail":0},"categories":[219,97,5388],"tags":[511,677,11198,11464,106,4832,2248,11608,4833,11609,6515],"_links":{"self":[{"href":"https:\/\/emlaktuel.com\/index.php?rest_route=\/wp\/v2\/posts\/11171"}],"collection":[{"href":"https:\/\/emlaktuel.com\/index.php?rest_route=\/wp\/v2\/posts"}],"about":[{"href":"https:\/\/emlaktuel.com\/index.php?rest_route=\/wp\/v2\/types\/post"}],"author":[{"embeddable":true,"href":"https:\/\/emlaktuel.com\/index.php?rest_route=\/wp\/v2\/users\/1"}],"replies":[{"embeddable":true,"href":"https:\/\/emlaktuel.com\/index.php?rest_route=%2Fwp%2Fv2%2Fcomments&post=11171"}],"version-history":[{"count":1,"href":"https:\/\/emlaktuel.com\/index.php?rest_route=\/wp\/v2\/posts\/11171\/revisions"}],"predecessor-version":[{"id":11173,"href":"https:\/\/emlaktuel.com\/index.php?rest_route=\/wp\/v2\/posts\/11171\/revisions\/11173"}],"wp:featuredmedia":[{"embeddable":true,"href":"https:\/\/emlaktuel.com\/index.php?rest_route=\/wp\/v2\/media\/11172"}],"wp:attachment":[{"href":"https:\/\/emlaktuel.com\/index.php?rest_route=%2Fwp%2Fv2%2Fmedia&parent=11171"}],"wp:term":[{"taxonomy":"category","embeddable":true,"href":"https:\/\/emlaktuel.com\/index.php?rest_route=%2Fwp%2Fv2%2Fcategories&post=11171"},{"taxonomy":"post_tag","embeddable":true,"href":"https:\/\/emlaktuel.com\/index.php?rest_route=%2Fwp%2Fv2%2Ftags&post=11171"}],"curies":[{"name":"wp","href":"https:\/\/api.w.org\/{rel}","templated":true}]}}