{"id":11160,"date":"2017-02-19T13:02:01","date_gmt":"2017-02-19T10:02:01","guid":{"rendered":"http:\/\/emlaktuel.com\/?p=11160"},"modified":"2018-07-05T15:59:26","modified_gmt":"2018-07-05T12:59:26","slug":"ajda-pekkan-bahcekoydeki-villasi-200-bin-dolara-satiyor","status":"publish","type":"post","link":"https:\/\/emlaktuel.com\/?p=11160","title":{"rendered":"Ajda Pekkan Bah\u00e7ek\u00f6y\u2019deki villas\u0131 200 bin dolara sat\u0131yor!"},"content":{"rendered":"<h1 class=\"news-detail-title selectionShareable\"><img loading=\"lazy\" class=\"aligncenter size-full wp-image-11161\" src=\"http:\/\/emlaktuel.com\/wp-content\/uploads\/2017\/02\/url.jpg\" alt=\"ajda pekkan\" width=\"300\" height=\"168\" \/><\/h1>\n<h1 class=\"news-detail-title selectionShareable\">S\u00fcperstar Ajda Pekkan, arkada\u015f\u0131n\u0131 kaybetti\u011fi Bah\u00e7ek\u00f6y&#8217;deki villas\u0131n\u0131 sat\u0131yor. Birka\u00e7 y\u0131ld\u0131r sat\u0131l\u0131k olan 8 milyon 700 bin dolarl\u0131k evin fiyat\u0131n\u0131 200 bin dolara d\u00fc\u015f\u00fcrd\u00fc.<\/h1>\n<div class=\"soc2 nmobilw\"><\/div>\n<div class=\"centerAd\"><\/div>\n<div class=\"clear\"><\/div>\n<div class=\"clear\"><\/div>\n<div>\n<p>\u0130stanbul Bah\u00e7ek\u00f6y&#8217;deki bin 100 metrekarelik l\u00fcks villas\u0131n\u0131 ge\u00e7en y\u0131l 8 milyon 700 bin dolara (yakla\u015f\u0131k 31 milyon lira) sat\u0131\u015fa \u00e7\u0131karan Ajda Pekkan, fiyatta indirime gitti. Ge\u00e7en hafta yak\u0131n dostu Ay\u015fe Ersay\u0131n&#8217;\u0131n kalp krizi ge\u00e7irerek hayat\u0131n\u0131 kaybetmesi ile y\u0131k\u0131lan sanat\u00e7\u0131, Ersay\u0131n&#8217;\u0131n vefat etti\u011fi ve k\u00f6t\u00fc hat\u0131ralar bar\u0131nd\u0131ran villas\u0131n\u0131n bir an \u00f6nce sat\u0131lmas\u0131 i\u00e7in 200 bin dolarl\u0131k (725 bin lira) tenzilat yapt\u0131.<\/p>\n<p><img class=\"lazy\" src=\"http:\/\/emlakkulisi.com\/resim\/tamboyut\/MTQ5MDE5ND-ajda-pekkan-bahcekoydeki-villasi-200-bin-dolara-satiyor.jpeg\" width=\"100%\" data-original=\"\/resim\/tamboyut\/MTQ5MDE5ND-ajda-pekkan-bahcekoydeki-villasi-200-bin-dolara-satiyor.jpeg\" \/><\/p>\n<h2>C\u00dcZ\u0130 B\u0130R TENZ\u0130LAT!<\/h2>\n<p>\u00dcnl\u00fc mimarlar taraf\u0131ndan dekore edilen 6 oda ve 2 salonun bulundu\u011fu l\u00fcks villan\u0131n fiyat\u0131 bu indirimle birlikte 8 milyon 500 bin dolar (yakla\u015f\u0131k 30 milyon lira) oldu. \u0130\u00e7erisinde asans\u00f6r, hizmetli ya\u015fam alan\u0131 ve \u00e7al\u0131\u015fma odas\u0131n\u0131n da yer ald\u0131\u011f\u0131 y\u00fczme havuzlu ve 24 saat g\u00fcvenlikli evini elden \u00e7\u0131karmak i\u00e7in g\u00fcn sayan Pekkan&#8217;\u0131n &#8216;devede kulak&#8217; gibi duran indirimi herkeste \u015fa\u015fk\u0131nl\u0131k yaratt\u0131.<\/p>\n<h2>EV\u0130NE B\u0130R S\u00dcRED\u0130R G\u0130REM\u0130YOR<\/h2>\n<p>\u015eehir merkezine yak\u0131n bir yerde oturmak istedi\u011fi i\u00e7in s\u00fcper l\u00fcks villas\u0131n\u0131n ilk olarak 2013&#8217;te sat\u0131lmas\u0131 i\u00e7in emlak\u00e7\u0131s\u0131na ba\u015fvuran S\u00fcperstar, y\u0131llar i\u00e7inde evin fiyat\u0131na zam yapm\u0131\u015ft\u0131. Kalp kapak\u00e7\u0131\u011f\u0131 ameliyat\u0131 i\u00e7in bekleyen arkada\u015f\u0131 Ay\u015fe Ersay\u0131n&#8217;\u0131 evinde misafir eden sanat\u00e7\u0131, ya\u015fad\u0131\u011f\u0131 sars\u0131c\u0131 olayla l\u00fcks villan\u0131n sat\u0131\u015f\u0131 i\u00e7in indirime gitse de bu durum &#8220;Ajda&#8217;n\u0131n ac\u0131s\u0131 b\u00fcy\u00fck, indirim k\u00fc\u00e7\u00fck&#8221; dedirtti. Bu arada \u00fcnl\u00fc sanat\u00e7\u0131n\u0131n yak\u0131n dostunun vefat\u0131n\u0131n ard\u0131ndan g\u00fcnlerce evine giremedi\u011fi ve \u00e7ok yak\u0131n bir dostunda kald\u0131\u011f\u0131 \u00f6\u011frenildi.<\/p>\n<h2>CAN DOSTUM&#8217; D\u0130YORDU<\/h2>\n<p>Pekkan, 8 \u015eubat&#8217;ta kalp krizi ge\u00e7irerek hayata g\u00f6zlerini yuman Ay\u015fe Ersay\u0131n i\u00e7in &#8220;Can dostum, can arkada\u015f\u0131m, bir tanecik Ay\u015fem&#8217;i kaybettim. Onu ebedi yolculu\u011funa u\u011furlaman\u0131n derin \u00fcz\u00fcnt\u00fcs\u00fcn\u00fc ya\u015f\u0131yorum. Hepimizin ba\u015f\u0131 sa\u011f olsun&#8221; diye duygusal bir mesaj yay\u0131nlayarak ya\u015fad\u0131\u011f\u0131 tarifsiz ac\u0131y\u0131 dile getirmi\u015fti..<\/p>\n<p>Takvim<\/p>\n<\/div>\n","protected":false},"excerpt":{"rendered":"<p>S\u00fcperstar Ajda Pekkan, arkada\u015f\u0131n\u0131 kaybetti\u011fi Bah\u00e7ek\u00f6y&#8217;deki villas\u0131n\u0131 sat\u0131yor. Birka\u00e7 y\u0131ld\u0131r sat\u0131l\u0131k olan 8 milyon 700 bin dolarl\u0131k evin fiyat\u0131n\u0131 200 bin dolara d\u00fc\u015f\u00fcrd\u00fc. \u0130stanbul Bah\u00e7ek\u00f6y&#8217;deki bin 100 metrekarelik l\u00fcks villas\u0131n\u0131 ge\u00e7en y\u0131l 8 milyon 700 bin dolara (yakla\u015f\u0131k 31 milyon lira) sat\u0131\u015fa \u00e7\u0131karan Ajda Pekkan, fiyatta indirime gitti. Ge\u00e7en hafta yak\u0131n dostu Ay\u015fe Ersay\u0131n&#8217;\u0131n kalp [&hellip;]<\/p>\n","protected":false},"author":1,"featured_media":11161,"comment_status":"open","ping_status":"open","sticky":false,"template":"","format":"standard","meta":{"ngg_post_thumbnail":0},"categories":[20,97,5388],"tags":[8426,73,11341,11098,11295,11174],"_links":{"self":[{"href":"https:\/\/emlaktuel.com\/index.php?rest_route=\/wp\/v2\/posts\/11160"}],"collection":[{"href":"https:\/\/emlaktuel.com\/index.php?rest_route=\/wp\/v2\/posts"}],"about":[{"href":"https:\/\/emlaktuel.com\/index.php?rest_route=\/wp\/v2\/types\/post"}],"author":[{"embeddable":true,"href":"https:\/\/emlaktuel.com\/index.php?rest_route=\/wp\/v2\/users\/1"}],"replies":[{"embeddable":true,"href":"https:\/\/emlaktuel.com\/index.php?rest_route=%2Fwp%2Fv2%2Fcomments&post=11160"}],"version-history":[{"count":1,"href":"https:\/\/emlaktuel.com\/index.php?rest_route=\/wp\/v2\/posts\/11160\/revisions"}],"predecessor-version":[{"id":11162,"href":"https:\/\/emlaktuel.com\/index.php?rest_route=\/wp\/v2\/posts\/11160\/revisions\/11162"}],"wp:featuredmedia":[{"embeddable":true,"href":"https:\/\/emlaktuel.com\/index.php?rest_route=\/wp\/v2\/media\/11161"}],"wp:attachment":[{"href":"https:\/\/emlaktuel.com\/index.php?rest_route=%2Fwp%2Fv2%2Fmedia&parent=11160"}],"wp:term":[{"taxonomy":"category","embeddable":true,"href":"https:\/\/emlaktuel.com\/index.php?rest_route=%2Fwp%2Fv2%2Fcategories&post=11160"},{"taxonomy":"post_tag","embeddable":true,"href":"https:\/\/emlaktuel.com\/index.php?rest_route=%2Fwp%2Fv2%2Ftags&post=11160"}],"curies":[{"name":"wp","href":"https:\/\/api.w.org\/{rel}","templated":true}]}}