{"id":11084,"date":"2017-02-17T22:41:36","date_gmt":"2017-02-17T19:41:36","guid":{"rendered":"http:\/\/emlaktuel.com\/?p=11084"},"modified":"2018-07-05T15:58:36","modified_gmt":"2018-07-05T12:58:36","slug":"yilin-en-guzel-otomobili-odulu-ferrarinin-oldu","status":"publish","type":"post","link":"https:\/\/emlaktuel.com\/?p=11084","title":{"rendered":"Y\u0131l\u0131n En G\u00fczel Otomobili \u00d6d\u00fcl\u00fc Ferrari&#8217;nin oldu"},"content":{"rendered":"<div>\n<p>&nbsp;<\/p>\n<\/div>\n<div class=\"sayfaIc\">\n<h2>\u0130talyan firma FERRAR\u0130 bu \u00f6d\u00fcl\u00fc GTC4Lusso ile kazand\u0131.<\/h2>\n<div class=\"content\">\n<div class=\"resim\"><img class=\"resim\" src=\"http:\/\/www.otomobilgazetesi.com\/uploads\/20170217090922_ferrari-gtc4lusso-1.jpg\" alt=\"\" border=\"0\" \/><\/div>\n<div class=\"ekstra\"><\/div>\n<p>Ferrari\u2019nin spor Grand Tourer konseptinin ya\u015fad\u0131\u011f\u0131 de\u011fi\u015fimi ortaya koyan yeni d\u00f6rt koltuklu modeli GTC4Lusso, uluslararas\u0131 \u00e7apta \u00fcnl\u00fc bir mimar olan Jean Michel Wilmotte&#8217;un ba\u015fkanl\u0131\u011f\u0131ndaki \u201cUluslararas\u0131 Otomobil Festivali\u201d J\u00fcrisi taraf\u0131ndan b\u00fcy\u00fck\u00a0\u201cY\u0131l\u0131n En G\u00fczel S\u00fcper Otomobili\u201d \u00f6d\u00fcl\u00fcne lay\u0131k g\u00f6r\u00fcld\u00fc. \u00dclkemizde 2016 y\u0131l\u0131nda sat\u0131\u015fa sunulan GTC4Lusso, kendisine has \u2018fastback\u2019 tarz\u0131 bir siluet veren son derece aerodinamik ve konik yap\u0131l\u0131 \u2018coupe\u2019 formlu tasar\u0131ma sahip olmas\u0131yla \u00f6n plana \u00e7\u0131k\u0131yor.<\/p>\n<p>Ferrari\u2019nin FF modeliyle spor Grand Tourer konseptine d\u00f6n\u00fc\u015f\u00fcn\u00fcn ard\u0131ndan yeni nesil 4 koltuklu ve 4 tekerlekten \u00e7eki\u015fli yeni GTC4Lusso modeliyle dikkat \u00e7eken Ferrari\u2019ye 2017\u2019nin ilk \u00f6d\u00fcl\u00fc Avrupa\u2019dan geldi. Uluslararas\u0131 Otomobil Festivali J\u00fcrisi, \u201cY\u0131l\u0131n En G\u00fczel S\u00fcper Otomobili\u201d b\u00fcy\u00fck \u00f6d\u00fcl\u00fcne Ferrari GTC4Lusso modelini lay\u0131k g\u00f6rd\u00fc. Ferrari Design K\u0131demli Ba\u015fkan Yard\u0131mc\u0131s\u0131 Flavio Manzoni, bu \u00f6nemli \u00f6d\u00fcl\u00fc 600 misafirin kat\u0131ld\u0131\u011f\u0131 \u00e7ok \u00f6zel bir davette t\u00f6renle ald\u0131. Ferrari GTC4Lusso ola\u011fan\u00fcst\u00fc bir motor g\u00fcc\u00fc isteyen, ancak ara\u00e7 i\u00e7i konforundan, sportif zarafetten ve kusursuz detayland\u0131rmalardan taviz vermek istemeyen s\u00fcr\u00fcc\u00fcler i\u00e7in ideal bir kombinasyonu simgeliyor.<\/p>\n<p>Ad\u0131n\u0131; Enzo Ferrari\u2019nin favorilerinden biri olan 330 GT ve zarafet ile y\u00fcksek performans\u0131 e\u015fsiz bir \u015fekilde birle\u015ftiren 250 GT Berlinetta Lusso gibi \u00fcnl\u00fc seleflerinden esinlenerek alan Ferrari GTC4Lusso, kendisine \u2018fastback\u2019 tarz\u0131 bir siluet veren son derece aerodinamik ve konik yap\u0131l\u0131 \u2018coupe\u2019 formlu tasar\u0131ma sahip. GTC4Lusso d\u00f6rt yolcu ve geni\u015f bagaj k\u0131sm\u0131 i\u00e7in ba\u015far\u0131l\u0131 bir alan ve konforu garanti eden yeterli bir i\u00e7 hacminin yan\u0131nda, tavan k\u0131vr\u0131m\u0131n\u0131n al\u00e7alt\u0131ld\u0131\u011f\u0131 arka tasar\u0131m\u0131 arac\u0131n sportif ruhunu yans\u0131t\u0131yor. Ferrari\u2019nin kendine \u00f6zg\u00fc ikiz arka farlar\u0131 otomobilin arka k\u0131sm\u0131n\u0131 s\u00fcslerken, kasl\u0131 tekerlek yuvalar\u0131 arac\u0131n atletik yap\u0131s\u0131n\u0131 net bi\u00e7imde ortaya koyuyor.<\/p>\n<\/div>\n<\/div>\n","protected":false},"excerpt":{"rendered":"<p>&nbsp; \u0130talyan firma FERRAR\u0130 bu \u00f6d\u00fcl\u00fc GTC4Lusso ile kazand\u0131. Ferrari\u2019nin spor Grand Tourer konseptinin ya\u015fad\u0131\u011f\u0131 de\u011fi\u015fimi ortaya koyan yeni d\u00f6rt koltuklu modeli GTC4Lusso, uluslararas\u0131 \u00e7apta \u00fcnl\u00fc bir mimar olan Jean Michel Wilmotte&#8217;un ba\u015fkanl\u0131\u011f\u0131ndaki \u201cUluslararas\u0131 Otomobil Festivali\u201d J\u00fcrisi taraf\u0131ndan b\u00fcy\u00fck\u00a0\u201cY\u0131l\u0131n En G\u00fczel S\u00fcper Otomobili\u201d \u00f6d\u00fcl\u00fcne lay\u0131k g\u00f6r\u00fcld\u00fc. \u00dclkemizde 2016 y\u0131l\u0131nda sat\u0131\u015fa sunulan GTC4Lusso, kendisine has \u2018fastback\u2019 [&hellip;]<\/p>\n","protected":false},"author":1,"featured_media":11085,"comment_status":"open","ping_status":"open","sticky":false,"template":"","format":"standard","meta":{"ngg_post_thumbnail":0},"categories":[5215],"tags":[6563,6564,4740,11098,11474,11211,11467],"_links":{"self":[{"href":"https:\/\/emlaktuel.com\/index.php?rest_route=\/wp\/v2\/posts\/11084"}],"collection":[{"href":"https:\/\/emlaktuel.com\/index.php?rest_route=\/wp\/v2\/posts"}],"about":[{"href":"https:\/\/emlaktuel.com\/index.php?rest_route=\/wp\/v2\/types\/post"}],"author":[{"embeddable":true,"href":"https:\/\/emlaktuel.com\/index.php?rest_route=\/wp\/v2\/users\/1"}],"replies":[{"embeddable":true,"href":"https:\/\/emlaktuel.com\/index.php?rest_route=%2Fwp%2Fv2%2Fcomments&post=11084"}],"version-history":[{"count":1,"href":"https:\/\/emlaktuel.com\/index.php?rest_route=\/wp\/v2\/posts\/11084\/revisions"}],"predecessor-version":[{"id":11086,"href":"https:\/\/emlaktuel.com\/index.php?rest_route=\/wp\/v2\/posts\/11084\/revisions\/11086"}],"wp:featuredmedia":[{"embeddable":true,"href":"https:\/\/emlaktuel.com\/index.php?rest_route=\/wp\/v2\/media\/11085"}],"wp:attachment":[{"href":"https:\/\/emlaktuel.com\/index.php?rest_route=%2Fwp%2Fv2%2Fmedia&parent=11084"}],"wp:term":[{"taxonomy":"category","embeddable":true,"href":"https:\/\/emlaktuel.com\/index.php?rest_route=%2Fwp%2Fv2%2Fcategories&post=11084"},{"taxonomy":"post_tag","embeddable":true,"href":"https:\/\/emlaktuel.com\/index.php?rest_route=%2Fwp%2Fv2%2Ftags&post=11084"}],"curies":[{"name":"wp","href":"https:\/\/api.w.org\/{rel}","templated":true}]}}