{"id":11005,"date":"2017-02-14T14:01:01","date_gmt":"2017-02-14T11:01:01","guid":{"rendered":"http:\/\/emlaktuel.com\/?p=11005"},"modified":"2018-07-05T15:57:31","modified_gmt":"2018-07-05T12:57:31","slug":"ciftcilerin-borclari-yapilandirilacak","status":"publish","type":"post","link":"https:\/\/emlaktuel.com\/?p=11005","title":{"rendered":"\u00c7ift\u00e7ilerin bor\u00e7lar\u0131 yap\u0131land\u0131r\u0131lacak"},"content":{"rendered":"<h1><\/h1>\n<div class=\"image\"><img loading=\"lazy\" class=\"aligncenter size-full wp-image-11006\" src=\"http:\/\/emlaktuel.com\/wp-content\/uploads\/2017\/02\/650x344-ciftcilerin-borclari-yapilandirilacak-1487019428908.jpeg\" alt=\"650x344-ciftcilerin-borclari-yapilandirilacak-1487019428908\" width=\"650\" height=\"344\" \/><\/div>\n<div class=\"txt\">\n<div class=\"txtIn\">\n<article id=\"contextual\" class=\"selectionShareable\">Ba\u015fbakan Yard\u0131mc\u0131s\u0131 ve H\u00fck\u00fcmet S\u00f6zc\u00fcs\u00fc Numan Kurtulmu\u015f, \u00c7ankaya K\u00f6\u015fk\u00fc&#8217;nde Bakanlar Kurulu Toplant\u0131s\u0131 devam ederken gazetecilere a\u00e7\u0131klamalarda bulundu. Kurtulmu\u015f, \u00e7ift\u00e7ilerin Ziraat Bankas\u0131 ve Tar\u0131m Kredi Kooperatifleri&#8217;ne olan bor\u00e7lar\u0131n\u0131n yeniden yap\u0131land\u0131r\u0131larak \u00f6telenece\u011finin m\u00fcjdesini verdi. Toplant\u0131daki sunumlara ili\u015fkin de bilgi aktaran Kurtulmu\u015f, Orman ve Su \u0130\u015fleri Bakan\u0131 Veysel Ero\u011flu&#8217;nun, Konya Ovas\u0131, Ege Geli\u015fim Projesi ve Akdeniz Geli\u015fim Projesi kapsam\u0131nda 2019&#8217;a kadar yap\u0131lacak icraatlara ili\u015fkin bilgi verdi\u011fini aktard\u0131.<\/p>\n<p><b>SU SORUNUNU \u00c7\u00d6ZECEK PROJE<\/b><br \/>\n\u00dc\u00e7 projenin de entegre oldu\u011funu dile getiren Kurtulmu\u015f, bunlar\u0131n tar\u0131msal sulamay\u0131, i\u00e7me suyu ve at\u0131k su projelerini, enerji, meteoroloji tesisleri, badem, ceviz ve bal ormanlar\u0131 kurulmas\u0131, ta\u015fk\u0131n koruma gibi projeleri i\u00e7erdi\u011fini belirtti. Kurtulmu\u015f her projenin 8 ili kapsad\u0131\u011f\u0131n\u0131 vurgulayarak, &#8220;Bu \u00fc\u00e7 proje tamamland\u0131\u011f\u0131nda, bu havzalar\u0131n her \u00fc\u00e7\u00fcnde de a\u015fa\u011f\u0131-yukar\u0131 40-50 y\u0131ll\u0131k perspektif i\u00e7inde su ihtiyac\u0131 kalmayacak, 40-50 y\u0131ll\u0131k su, bu havzalarda elde edilmi\u015f olacak&#8221; diye konu\u015ftu. Her bir geli\u015fim projesi kapsam\u0131nda binlerce tesisin \u00fcretime ge\u00e7mesinin \u00f6ng\u00f6r\u00fcld\u00fc\u011f\u00fcn\u00fc ifade eden Kurtulmu\u015f, projelerin tar\u0131msal ve ekonomik kalk\u0131nmaya b\u00fcy\u00fck destek sa\u011flayaca\u011f\u0131n\u0131 s\u00f6yledi.<\/p>\n<\/article>\n<\/div>\n<\/div>\n","protected":false},"excerpt":{"rendered":"<p>Ba\u015fbakan Yard\u0131mc\u0131s\u0131 ve H\u00fck\u00fcmet S\u00f6zc\u00fcs\u00fc Numan Kurtulmu\u015f, \u00c7ankaya K\u00f6\u015fk\u00fc&#8217;nde Bakanlar Kurulu Toplant\u0131s\u0131 devam ederken gazetecilere a\u00e7\u0131klamalarda bulundu. Kurtulmu\u015f, \u00e7ift\u00e7ilerin Ziraat Bankas\u0131 ve Tar\u0131m Kredi Kooperatifleri&#8217;ne olan bor\u00e7lar\u0131n\u0131n yeniden yap\u0131land\u0131r\u0131larak \u00f6telenece\u011finin m\u00fcjdesini verdi. Toplant\u0131daki sunumlara ili\u015fkin de bilgi aktaran Kurtulmu\u015f, Orman ve Su \u0130\u015fleri Bakan\u0131 Veysel Ero\u011flu&#8217;nun, Konya Ovas\u0131, Ege Geli\u015fim Projesi ve Akdeniz Geli\u015fim Projesi [&hellip;]<\/p>\n","protected":false},"author":1,"featured_media":11006,"comment_status":"open","ping_status":"open","sticky":false,"template":"","format":"standard","meta":{"ngg_post_thumbnail":0},"categories":[5213],"tags":[4191,4423,6539,277,106,825],"_links":{"self":[{"href":"https:\/\/emlaktuel.com\/index.php?rest_route=\/wp\/v2\/posts\/11005"}],"collection":[{"href":"https:\/\/emlaktuel.com\/index.php?rest_route=\/wp\/v2\/posts"}],"about":[{"href":"https:\/\/emlaktuel.com\/index.php?rest_route=\/wp\/v2\/types\/post"}],"author":[{"embeddable":true,"href":"https:\/\/emlaktuel.com\/index.php?rest_route=\/wp\/v2\/users\/1"}],"replies":[{"embeddable":true,"href":"https:\/\/emlaktuel.com\/index.php?rest_route=%2Fwp%2Fv2%2Fcomments&post=11005"}],"version-history":[{"count":1,"href":"https:\/\/emlaktuel.com\/index.php?rest_route=\/wp\/v2\/posts\/11005\/revisions"}],"predecessor-version":[{"id":11007,"href":"https:\/\/emlaktuel.com\/index.php?rest_route=\/wp\/v2\/posts\/11005\/revisions\/11007"}],"wp:featuredmedia":[{"embeddable":true,"href":"https:\/\/emlaktuel.com\/index.php?rest_route=\/wp\/v2\/media\/11006"}],"wp:attachment":[{"href":"https:\/\/emlaktuel.com\/index.php?rest_route=%2Fwp%2Fv2%2Fmedia&parent=11005"}],"wp:term":[{"taxonomy":"category","embeddable":true,"href":"https:\/\/emlaktuel.com\/index.php?rest_route=%2Fwp%2Fv2%2Fcategories&post=11005"},{"taxonomy":"post_tag","embeddable":true,"href":"https:\/\/emlaktuel.com\/index.php?rest_route=%2Fwp%2Fv2%2Ftags&post=11005"}],"curies":[{"name":"wp","href":"https:\/\/api.w.org\/{rel}","templated":true}]}}