{"id":10969,"date":"2017-02-14T12:44:57","date_gmt":"2017-02-14T09:44:57","guid":{"rendered":"http:\/\/emlaktuel.com\/?p=10969"},"modified":"2018-07-05T15:57:13","modified_gmt":"2018-07-05T12:57:13","slug":"3-havalimani-insaati-havadan-goruntulendi-2","status":"publish","type":"post","link":"https:\/\/emlaktuel.com\/?p=10969","title":{"rendered":"3. Havaliman\u0131 in\u015faat\u0131 havadan g\u00f6r\u00fcnt\u00fclendi!"},"content":{"rendered":"<h1 class=\"news-detail-title selectionShareable\"><img loading=\"lazy\" class=\"aligncenter size-full wp-image-10970\" src=\"http:\/\/emlaktuel.com\/wp-content\/uploads\/2017\/02\/NDQ0Mzk1Nz-3-havalimani-insaati-havadan-goruntulendi.jpg\" alt=\"3-havalimani-insaati-havadan-goruntulendi\" width=\"468\" height=\"300\" \/><\/h1>\n<h1 class=\"news-detail-title selectionShareable\">3. Havaliman\u0131&#8217;n\u0131n yap\u0131m\u0131 zor hava ko\u015fullar\u0131na ra\u011fmen t\u00fcm h\u0131z\u0131yla devam ediyor. Havaliman\u0131 tamamland\u0131\u011f\u0131nda y\u0131ll\u0131k 200 milyonun \u00fczerinde yolcu kapasiteye sahip olacak.<\/h1>\n<div class=\"soc2 nmobilw\"><\/div>\n<div class=\"centerAd\"><\/div>\n<div class=\"clear-01\">T\u00fcrkiye&#8217;nin en \u00f6nemli projelerinden olan 3. Havaliman\u0131&#8217;n\u0131n yap\u0131m\u0131 t\u00fcm h\u0131z\u0131yla devam ediyor. 2018&#8217;de tamamlanmas\u0131 planlanan havaliman\u0131nda zor hava \u015fartlar\u0131nda yap\u0131lan \u00e7al\u0131\u015fmalar havadan g\u00f6r\u00fcnt\u00fclendi. Havaliman\u0131n\u0131n kar ya\u011f\u0131\u015f\u0131yla beyaza b\u00fcr\u00fcnd\u00fc\u011f\u00fc g\u00f6r\u00fcl\u00fcrken, i\u015f\u00e7iler zor hava ko\u015fullar\u0131nda bile \u00e7al\u0131\u015fmaya devam ediyor.<\/div>\n<div>\n<p>76 milyon 500 bin metrekarelik dev in\u015faat alan\u0131n\u0131 kapsayan havaliman\u0131 tamamland\u0131\u011f\u0131nda y\u0131ll\u0131k 200 milyonun \u00fczerinde yolcu kapasitesiyle d\u00fcnyan\u0131n en b\u00fcy\u00fc\u011f\u00fc olacak.<\/p>\n<p><img class=\"lazy\" src=\"http:\/\/emlakkulisi.com\/resim\/tamboyut\/NTc4Nzg5NT-3-havalimani-insaati-havadan-goruntulendi.jpg\" width=\"100%\" data-original=\"\/resim\/tamboyut\/NTc4Nzg5NT-3-havalimani-insaati-havadan-goruntulendi.jpg\" \/><\/p>\n<p>D\u00fcnyan\u0131n en b\u00fcy\u00fck \u015fantiyelerinden 3. Havaliman\u0131&#8217;nda ilk b\u00f6l\u00fcm\u00fcn 2018&#8217;in ba\u015f\u0131na yeti\u015ftirilmesi i\u00e7in 12 \u00fclkeden 17 binin \u00fczerinde personel, \u00e7al\u0131\u015fmalar\u0131n\u0131 sahan\u0131n farkl\u0131 b\u00f6lgelerinde e\u015f zamanl\u0131 ve aral\u0131ks\u0131z olarak s\u00fcrd\u00fcr\u00fcyor. Devam eden \u00e7al\u0131\u015fmalarda bin 500 ofis \u00e7al\u0131\u015fan\u0131, 14 bin 500&#8217;\u00fcn\u00fcn de \u015fantiye \u00e7al\u0131\u015fan\u0131 oldu\u011fu belirtiliyor. Personel say\u0131s\u0131n\u0131n ise en yo\u011fun \u00e7al\u0131\u015fma d\u00f6neminde 30 bine kadar \u00e7\u0131kaca\u011f\u0131 belirtiliyor. Havaliman\u0131, i\u015fletmeye a\u00e7\u0131ld\u0131\u011f\u0131nda 100.000 ki\u015fiye yeni i\u015f imkan\u0131 sa\u011flarken, dolayl\u0131 etkilerle 1,5 milyon de ki\u015fiye gelir kayna\u011f\u0131 olacak.<\/p>\n<p>Yeni Akit<\/p>\n<\/div>\n","protected":false},"excerpt":{"rendered":"<p>3. Havaliman\u0131&#8217;n\u0131n yap\u0131m\u0131 zor hava ko\u015fullar\u0131na ra\u011fmen t\u00fcm h\u0131z\u0131yla devam ediyor. Havaliman\u0131 tamamland\u0131\u011f\u0131nda y\u0131ll\u0131k 200 milyonun \u00fczerinde yolcu kapasiteye sahip olacak. T\u00fcrkiye&#8217;nin en \u00f6nemli projelerinden olan 3. Havaliman\u0131&#8217;n\u0131n yap\u0131m\u0131 t\u00fcm h\u0131z\u0131yla devam ediyor. 2018&#8217;de tamamlanmas\u0131 planlanan havaliman\u0131nda zor hava \u015fartlar\u0131nda yap\u0131lan \u00e7al\u0131\u015fmalar havadan g\u00f6r\u00fcnt\u00fclendi. Havaliman\u0131n\u0131n kar ya\u011f\u0131\u015f\u0131yla beyaza b\u00fcr\u00fcnd\u00fc\u011f\u00fc g\u00f6r\u00fcl\u00fcrken, i\u015f\u00e7iler zor hava ko\u015fullar\u0131nda bile [&hellip;]<\/p>\n","protected":false},"author":1,"featured_media":10970,"comment_status":"open","ping_status":"open","sticky":false,"template":"","format":"standard","meta":{"ngg_post_thumbnail":0},"categories":[97,5388],"tags":[11307,6525,3967,67,11204,11195,11087,316],"_links":{"self":[{"href":"https:\/\/emlaktuel.com\/index.php?rest_route=\/wp\/v2\/posts\/10969"}],"collection":[{"href":"https:\/\/emlaktuel.com\/index.php?rest_route=\/wp\/v2\/posts"}],"about":[{"href":"https:\/\/emlaktuel.com\/index.php?rest_route=\/wp\/v2\/types\/post"}],"author":[{"embeddable":true,"href":"https:\/\/emlaktuel.com\/index.php?rest_route=\/wp\/v2\/users\/1"}],"replies":[{"embeddable":true,"href":"https:\/\/emlaktuel.com\/index.php?rest_route=%2Fwp%2Fv2%2Fcomments&post=10969"}],"version-history":[{"count":1,"href":"https:\/\/emlaktuel.com\/index.php?rest_route=\/wp\/v2\/posts\/10969\/revisions"}],"predecessor-version":[{"id":10971,"href":"https:\/\/emlaktuel.com\/index.php?rest_route=\/wp\/v2\/posts\/10969\/revisions\/10971"}],"wp:featuredmedia":[{"embeddable":true,"href":"https:\/\/emlaktuel.com\/index.php?rest_route=\/wp\/v2\/media\/10970"}],"wp:attachment":[{"href":"https:\/\/emlaktuel.com\/index.php?rest_route=%2Fwp%2Fv2%2Fmedia&parent=10969"}],"wp:term":[{"taxonomy":"category","embeddable":true,"href":"https:\/\/emlaktuel.com\/index.php?rest_route=%2Fwp%2Fv2%2Fcategories&post=10969"},{"taxonomy":"post_tag","embeddable":true,"href":"https:\/\/emlaktuel.com\/index.php?rest_route=%2Fwp%2Fv2%2Ftags&post=10969"}],"curies":[{"name":"wp","href":"https:\/\/api.w.org\/{rel}","templated":true}]}}