{"id":10941,"date":"2017-02-11T13:29:52","date_gmt":"2017-02-11T10:29:52","guid":{"rendered":"http:\/\/emlaktuel.com\/?p=10941"},"modified":"2018-07-05T15:56:47","modified_gmt":"2018-07-05T12:56:47","slug":"ataturk-havalimani-kapatilacak-mi","status":"publish","type":"post","link":"https:\/\/emlaktuel.com\/?p=10941","title":{"rendered":"Atat\u00fcrk Havaliman\u0131 kapat\u0131lacak m\u0131?"},"content":{"rendered":"<h1 class=\"news-detail-title selectionShareable\"><img loading=\"lazy\" class=\"aligncenter size-full wp-image-10942\" src=\"http:\/\/emlaktuel.com\/wp-content\/uploads\/2017\/02\/ataturk-havalimanind-d172e139414eee0f3a16.jpeg\" alt=\"ataturk-havalimanind-d172e139414eee0f3a16\" width=\"645\" height=\"338\" \/><\/h1>\n<h1 class=\"news-detail-title selectionShareable\">DHM\u0130 Genel M\u00fcd\u00fcr\u00fc Funda Ocak, Atat\u00fcrk Havaliman\u0131&#8217;n\u0131n ak\u0131betine ili\u015fkin a\u00e7\u0131klama yapt\u0131. Peki Atat\u00fcrk Havaliman\u0131 kapat\u0131lacak m\u0131?<\/h1>\n<div>\n<p>Devlet Hava Meydanlar\u0131 \u0130\u015fletmesi (DHM\u0130) Genel M\u00fcd\u00fcr\u00fc Funda Ocak, DHM\u0130\u2019nin Florya&#8217;daki sosyal tesislerinde geleneksel olarak ger\u00e7ekle\u015ftirilen y\u0131ll\u0131k de\u011ferlendirme toplant\u0131s\u0131nda, Atat\u00fcrk Havaliman\u0131 muhabirleriyle bir araya geldi.<\/p>\n<p><img class=\"lazy\" src=\"http:\/\/emlakkulisi.com\/resim\/tamboyut\/NTYyODE5Mz-ataturk-havalimani-kapatilacak-mi.jpg\" width=\"100%\" data-original=\"\/resim\/tamboyut\/NTYyODE5Mz-ataturk-havalimani-kapatilacak-mi.jpg\" \/><\/p>\n<p>Havac\u0131l\u0131k sekt\u00f6r\u00fcn\u00fcn 2016 y\u0131l\u0131 performans\u0131n\u0131 ve sivil havac\u0131l\u0131\u011f\u0131n gelecek hedeflerine ili\u015fkin de\u011ferlendirmelerde bulunan Ocak, \u0130stanbul\u2019da yap\u0131m\u0131 devam eden yeni havaliman\u0131ndan, DHM\u0130\u2019nin k\u00fcresel hedeflerine ve \u00fclke genelindeki havalimanlar\u0131n\u0131n g\u00fcvenlik \u00f6nlemlerine kadar \u00e7ok say\u0131da konuya ili\u015fkin de\u011ferlendirmede bulundu.<\/p>\n<p>Olumsuz hava ko\u015fullar\u0131nda 3,5 milyon lira harcand\u0131 \u00a0Atat\u00fcrk Havaliman\u0131 muhabirlerinin sekt\u00f6re ili\u015fkin sorular\u0131n\u0131 da yan\u0131tlayan DHM\u0130 Genel M\u00fcd\u00fcr\u00fc Funda Ocak, ge\u00e7ti\u011fimiz ocak ay\u0131nda \u0130stanbul ba\u015fta olmak \u00fczere T\u00fcrkiye genelinde etkili olan yo\u011fun kar ya\u011f\u0131\u015f\u0131n\u0131n DHM\u0130\u2019ye olan faturas\u0131n\u0131 a\u00e7\u0131klad\u0131.<\/p>\n<p>Ocak, \u201cT\u00fcm T\u00fcrkiye genelinde Aral\u0131k ve Ocak aylar\u0131nda iki ayl\u0131k d\u00f6nem i\u00e7erisinde toplam 3,5 milyon liral\u0131k bir harcama yapt\u0131k. 432 adet personelimiz bu konuyla ilgili \u00e7al\u0131\u015ft\u0131. 250 civar\u0131nda da karla m\u00fccadele arac\u0131m\u0131z aktif olarak bu m\u00fccadelede yer ald\u0131\u201d ifadelerini kulland\u0131.<\/p>\n<h1>\u201cArt\u0131k d\u00fcnya \u00f6l\u00e7e\u011finde Devlet Hava Meydanlar\u0131 k\u00fcresel bir marka olarak ad\u0131ndan s\u00f6z ettirecek\u201d<\/h1>\n<p>Devlet Hava Meydanlar\u0131 \u0130\u015fletmesinin k\u00fcresel vizyonuna ili\u015fkin a\u00e7\u0131klamalarda da bulunan Funda Ocak, d\u00fcnyan\u0131n farkl\u0131 co\u011frafyalar\u0131nda havalimanlar\u0131nda bilgi birikimlerini payla\u015fmak istediklerini belirterek, \u201cDHM\u0130 yurt i\u00e7i pazarda \u00e7ok b\u00fcy\u00fck bir birikime sahip oldu. Hem \u00f6z kaynaklar\u0131yla yapt\u0131\u011f\u0131 yat\u0131r\u0131mlarda, havac\u0131l\u0131k sekt\u00f6r\u00fcndeki birikiminde, e\u011fitimde, teknik kontrol hizmetlerinde hem kamu-\u00f6zel i\u015fbirli\u011fi dedi\u011fimiz modellerle ilgili olarak son derece ciddi birikimlere haiz oldu. Art\u0131k yurti\u00e7i pazardaki elde etti\u011fi birikimlerini istiyoruz ki d\u00fcnya \u00f6l\u00e7e\u011finde k\u00fcresel \u00f6l\u00e7ekte kullans\u0131n. Yurtd\u0131\u015f\u0131 pazarlar\u0131na a\u00e7\u0131ls\u0131n, Avrupa, Amerika, Orta Do\u011fu, Asya pazar\u0131na a\u00e7\u0131ls\u0131n. Bunlarla ilgili olarak yeniden yap\u0131lan\u0131yoruz. \u0130\u015f geli\u015ftirme daire ba\u015fkanl\u0131\u011f\u0131 olu\u015fturuyoruz. Yasal alt yap\u0131m\u0131z\u0131 olu\u015fturduk. Arkada\u015flar\u0131m\u0131z\u0131 pazar pazar bu i\u015flere kanalize edece\u011fiz. Orta Do\u011fu pazar\u0131na bakan, Amerika pazar\u0131na bakan, Avrupa pazar\u0131na bakan buradaki i\u015f imkanlar\u0131n\u0131 ara\u015ft\u0131ran, havaalan\u0131 \u00f6zelle\u015ftirmeleri nelerdir bunlar\u0131 ara\u015ft\u0131r\u0131p bize getiren arkada\u015flar\u0131m\u0131zla birlikte oturaca\u011f\u0131z, bunlar\u0131 tek tek de\u011ferlendirece\u011fiz ve art\u0131k d\u00fcnya \u00f6l\u00e7e\u011finde Devlet Hava Meydanlar\u0131 k\u00fcresel bir marka olarak ad\u0131ndan s\u00f6z ettirecek\u201d diye konu\u015ftu.<\/p>\n<h1>Karla m\u00fccadelede kuzey \u00fclkelerinin y\u00f6ntemlerinden faydalan\u0131lacak<\/h1>\n<p>Ge\u00e7ti\u011fimiz Ocak ay\u0131nda ya\u015fanan yo\u011fun kar ya\u011f\u0131\u015f\u0131n\u0131n u\u00e7u\u015flar\u0131 olumsuz y\u00f6nde etkiledi\u011fine de dikkat \u00e7eken Funda Ocak, karla m\u00fccadele konuda k\u0131\u015f ko\u015fullar\u0131n\u0131n yo\u011fun ya\u015fand\u0131\u011f\u0131 kuzey \u00fclkelerinin bilgi birikimlerinden faydalan\u0131labilece\u011fini dile getirdi.<\/p>\n<p>Ocak, \u201cHep diyoruz ki iyiyiz ama iyi olmak yetmiyor. Yolcu memnuniyeti \u00e7ok iyi olmay\u0131 gerektiriyor. Karla m\u00fccadele \u00e7ok zorlu bir m\u00fccadele. Ge\u00e7ti\u011fimiz haftalarda ya\u015fad\u0131klar\u0131m\u0131z \u00e7ok ola\u011fan\u00fcst\u00fc \u015fartlard\u0131. Gidelim bakal\u0131m; biz daha iyi yap\u0131yoruz ama bizden daha iyi yapanlar varsa neden olmas\u0131n. Arkada\u015flar\u0131m\u0131z\u0131 oralara da yollayaca\u011f\u0131z, ara\u015ft\u0131raca\u011f\u0131z onlar\u0131 da davet edece\u011fiz. En iyiyi bulmak ge\u00e7mi\u015fteki hatalar\u0131m\u0131z\u0131 gelecekte tekrarlamamak i\u00e7in ana hedefimiz. Daha \u00f6ncelikli kuzey \u00fclkelerine yollayaca\u011f\u0131z. \u00c7\u00fcnk\u00fc kuzey \u00fclkelerinde \u00e7ok ac\u0131mas\u0131z karla m\u00fccadele \u015fartlar\u0131 var\u201d dedi.<\/p>\n<h1>Yeni havaliman\u0131nda \u2018ku\u015f\u2019 problemi ya\u015fanmayacak<\/h1>\n<p>\u0130stanbul&#8217;da yap\u0131m\u0131 devam eden yeni havaliman\u0131na ili\u015fkin de\u011ferlendirmelerde de bulunan DHM\u0130 Genel M\u00fcd\u00fcr\u00fc Funda Ocak, b\u00f6lge hava sahas\u0131ndaki ku\u015f s\u00fcr\u00fclerine y\u00f6nelik \u00f6nlemlerin de titizlikle s\u00fcrd\u00fcr\u00fcld\u00fc\u011f\u00fcn\u00fc kaydetti.<\/p>\n<p>Gerekli g\u00f6zlemlerin deva etti\u011fini belirten Ocak, \u201c\u00dc\u00e7\u00fcnc\u00fc havaliman\u0131nda \u00c7ED raporlar\u0131n\u0131n gerek yat\u0131r\u0131m, gerekse i\u015fletme d\u00f6neminde \u00e7ok a\u011f\u0131r y\u00fck\u00fcml\u00fcl\u00fckleri var. Bunlar\u0131 biz de titizlikle takip ediyoruz, firma da titizlikle takip ediyor. Uluslararas\u0131 dan\u0131\u015fmanlar\u0131 var bununla ilgili s\u00fcrekli g\u00f6zlemler yap\u0131yorlar. Ku\u015f radarlar\u0131n\u0131 sipari\u015f verdiler. Hi\u00e7bir problem olmayacak. Bu arada \u0130stanbul B\u00fcy\u00fck\u015fehir Belediyesi&#8217;nin bu ku\u015flar\u0131 besleyen orada kat\u0131 at\u0131k yakma merkezleri var. Bunlarla da uzun s\u00fcredir temas halindeyiz. Tesislerini buradan kald\u0131racaklar ve yeni yerlerine g\u00f6t\u00fcrecekler. Ku\u015flar\u0131n da o civarda beslenme imkanlar\u0131 kalmayacak. \u00c7ok ciddiye al\u0131n\u0131yor bu konu titizlikle inceleniyor\u201d ifadelerini kulland\u0131.<\/p>\n<h1>Atat\u00fcrk Havaliman\u0131 kapat\u0131lacak m\u0131?<\/h1>\n<p>Yeni havaliman\u0131n\u0131n devreye girmesinin ard\u0131ndan Atat\u00fcrk Havaliman\u0131\u2019n\u0131n ak\u0131betinin ne olaca\u011f\u0131 y\u00f6n\u00fcndeki soruyu da yan\u0131tlayan Funda Ocak, \u201c\u00d6l\u00e7e\u011fini bilemeyiz, b\u00fcy\u00fckl\u00fc\u011f\u00fcn\u00fc bilemeyiz ancak b\u00fct\u00fcn b\u00fcy\u00fck metropollerde oldu\u011fu gibi \u0130stanbul yeni havaliman\u0131n\u0131n da mutlaka bir yedek meydan\u0131 olmas\u0131 laz\u0131m. Burada genel havac\u0131l\u0131k, m\u00fcstakil kargo, u\u00e7u\u015f e\u011fitim merkezleri, bak\u0131m onar\u0131m merkezleriyle ilgili bir b\u00f6l\u00fcm kalacak ama bunun d\u0131\u015f\u0131ndakiler tabii ki b\u00fcy\u00fcklerimizin verece\u011fi bir karard\u0131r. Ama \u015fu anda bununla ilgili \u00e7al\u0131\u015fmalar\u0131m\u0131z da \u00f6zellikle genel havac\u0131l\u0131k a\u011f\u0131rl\u0131 olarak biz planlamalar\u0131m\u0131z\u0131 yap\u0131yoruz\u201d \u015feklinde konu\u015ftu.<\/p>\n<h1>5 y\u0131lda 675 milyon lira g\u00fcvenlik harcamas\u0131 yap\u0131ld\u0131<\/h1>\n<p>T\u00fcrkiye genelindeki havalimanlar\u0131nda son y\u0131llarda g\u00fcvenlik \u00f6nlemlerinin ciddi derecede artt\u0131r\u0131ld\u0131\u011f\u0131na dikkat \u00e7eken Funda Ocak, \u201cSon 5 y\u0131l i\u00e7erisinde DHM\u0130 Genel M\u00fcd\u00fcrl\u00fc\u011f\u00fc t\u00fcm havaalanlar\u0131m\u0131za y\u00f6nelik olarak 675 milyon liral\u0131k g\u00fcvenlik harcamas\u0131 yapt\u0131. Bu harcamalar personel harcamalar\u0131n\u0131, sistem ve cihaz harcamalar\u0131n\u0131 da kaps\u0131yor. Bundan sonra da planlamalar\u0131m\u0131z devam edecek. G\u00fcvenlik tabi\u0130 ki havaalanlar\u0131m\u0131z i\u00e7in olmazsa olmazlar\u0131m\u0131z. Ciddi harcamalar yap\u0131yoruz bu konuyla ilgili. V\u00fccut taray\u0131c\u0131lar\u0131n ihalesi bitti. Avrupa\u2019da dahi \u00e7ok az meydanda olan v\u00fccut taray\u0131c\u0131lar body scanner dedi\u011fimiz aletler olduk\u00e7a pahal\u0131 g\u00fcvenlik sistemleri sipari\u015fleri verildi. Atat\u00fcrk, Antalya, Dalaman, Bodrum gibi b\u00fct\u00fcn \u00f6nemli d\u0131\u015fa a\u00e7\u0131k meydanlar\u0131m\u0131zda toplam 43 adet body scanner spari\u015fi verildi. Bu y\u0131l\u0131n sonuna do\u011fru teslim edilecek. 2018\u2019in ba\u015f\u0131ndan itibaren de kullan\u0131lmaya ba\u015flanacak\u201d dedi.<\/p>\n<p>2017\u2019de havac\u0131l\u0131k sekt\u00f6r\u00fc i\u00e7in olumlu y\u00f6nde beklentinin oldu\u011funu belirten Funda Ocak, \u201c2016 s\u0131k\u0131nt\u0131l\u0131 bir y\u0131ld\u0131. Hava trafikleri y\u00f6n\u00fcnden t\u00fcm T\u00fcrkiye genelinde d\u0131\u015f hat yolcu trafikleri y\u00fczde 15,5 oran\u0131nda azald\u0131. 2017\u2019yi iyimser g\u00f6r\u00fcyorum. Ocak ay\u0131nda biraz tahminlerin \u00fczerinde bir d\u00fc\u015f\u00fc\u015f oldu ama y\u0131l\u0131n ortas\u0131na do\u011fru toparlayacakt\u0131r diye d\u00fc\u015f\u00fcn\u00fcyoruz. Sezon iyi ge\u00e7ecektir diye d\u00fc\u015f\u00fcn\u00fcyoruz. Ge\u00e7ti\u011fimiz sene Rusya krizi \u00e7ok etkiledi sekt\u00f6r\u00fcm\u00fcz\u00fc in\u015fallah 2017 toparlanma y\u0131l\u0131 olacak, 2018 s\u0131\u00e7rama y\u0131l\u0131 olacak\u201d diye konu\u015ftu.<\/p>\n<p>\u201c\u00dc\u00e7\u00fcnc\u00fc havaliman\u0131 \u00e7ok b\u00fcy\u00fck bir pazar, \u00e7ok b\u00fcy\u00fck bir hikaye ve \u00e7ok b\u00fcy\u00fck bir hayalin hayata ge\u00e7mesi. Dolay\u0131s\u0131yla yurti\u00e7inde de \u00e7ok b\u00fcy\u00fck bir pazar, yurt d\u0131\u015f\u0131ndan da pek \u00e7ok \u00fclkenin ilgisini \u00e7eken bir pazar. \u0130lgi fazlas\u0131yla devam ediyor. San\u0131yoruz bu ilgi 2017\u2019nin ortas\u0131ndan itibaren daha da h\u0131zlanacak\u201d dedi.<\/p>\n<p>Yeni havaliman\u0131na yabanc\u0131lar\u0131n ilgisi artarak devam ediyor \u00a0Yeni havaliman\u0131na ba\u015fta ABD ve \u0130ngiltere olmak \u00fczere bir \u00e7ok \u00fclkenin yo\u011fun ilgi g\u00f6sterdi\u011fini dile getiren Funda Ocak, \u201c\u00dc\u00e7\u00fcnc\u00fc havaliman\u0131 \u00e7ok b\u00fcy\u00fck bir pazar, \u00e7ok b\u00fcy\u00fck bir hikaye ve \u00e7ok b\u00fcy\u00fck bir hayalin hayata ge\u00e7mesi. Dolay\u0131s\u0131yla yurti\u00e7inde de \u00e7ok b\u00fcy\u00fck bir pazar, yurt d\u0131\u015f\u0131ndan da pek \u00e7ok \u00fclkenin ilgisini \u00e7eken bir pazar. \u0130lgi fazlas\u0131yla devam ediyor. San\u0131yoruz bu ilgi 2017\u2019nin ortas\u0131ndan itibaren daha da h\u0131zlanacak\u201d dedi.<\/p>\n<p>H\u00fcrriyet<\/p>\n<\/div>\n","protected":false},"excerpt":{"rendered":"<p>DHM\u0130 Genel M\u00fcd\u00fcr\u00fc Funda Ocak, Atat\u00fcrk Havaliman\u0131&#8217;n\u0131n ak\u0131betine ili\u015fkin a\u00e7\u0131klama yapt\u0131. Peki Atat\u00fcrk Havaliman\u0131 kapat\u0131lacak m\u0131? Devlet Hava Meydanlar\u0131 \u0130\u015fletmesi (DHM\u0130) Genel M\u00fcd\u00fcr\u00fc Funda Ocak, DHM\u0130\u2019nin Florya&#8217;daki sosyal tesislerinde geleneksel olarak ger\u00e7ekle\u015ftirilen y\u0131ll\u0131k de\u011ferlendirme toplant\u0131s\u0131nda, Atat\u00fcrk Havaliman\u0131 muhabirleriyle bir araya geldi. Havac\u0131l\u0131k sekt\u00f6r\u00fcn\u00fcn 2016 y\u0131l\u0131 performans\u0131n\u0131 ve sivil havac\u0131l\u0131\u011f\u0131n gelecek hedeflerine ili\u015fkin de\u011ferlendirmelerde bulunan Ocak, [&hellip;]<\/p>\n","protected":false},"author":1,"featured_media":10942,"comment_status":"open","ping_status":"open","sticky":false,"template":"","format":"standard","meta":{"ngg_post_thumbnail":0},"categories":[97,5388],"tags":[11598,229,6508,6509,3967,73,11308,11214,11159,9384,11096],"_links":{"self":[{"href":"https:\/\/emlaktuel.com\/index.php?rest_route=\/wp\/v2\/posts\/10941"}],"collection":[{"href":"https:\/\/emlaktuel.com\/index.php?rest_route=\/wp\/v2\/posts"}],"about":[{"href":"https:\/\/emlaktuel.com\/index.php?rest_route=\/wp\/v2\/types\/post"}],"author":[{"embeddable":true,"href":"https:\/\/emlaktuel.com\/index.php?rest_route=\/wp\/v2\/users\/1"}],"replies":[{"embeddable":true,"href":"https:\/\/emlaktuel.com\/index.php?rest_route=%2Fwp%2Fv2%2Fcomments&post=10941"}],"version-history":[{"count":1,"href":"https:\/\/emlaktuel.com\/index.php?rest_route=\/wp\/v2\/posts\/10941\/revisions"}],"predecessor-version":[{"id":10943,"href":"https:\/\/emlaktuel.com\/index.php?rest_route=\/wp\/v2\/posts\/10941\/revisions\/10943"}],"wp:featuredmedia":[{"embeddable":true,"href":"https:\/\/emlaktuel.com\/index.php?rest_route=\/wp\/v2\/media\/10942"}],"wp:attachment":[{"href":"https:\/\/emlaktuel.com\/index.php?rest_route=%2Fwp%2Fv2%2Fmedia&parent=10941"}],"wp:term":[{"taxonomy":"category","embeddable":true,"href":"https:\/\/emlaktuel.com\/index.php?rest_route=%2Fwp%2Fv2%2Fcategories&post=10941"},{"taxonomy":"post_tag","embeddable":true,"href":"https:\/\/emlaktuel.com\/index.php?rest_route=%2Fwp%2Fv2%2Ftags&post=10941"}],"curies":[{"name":"wp","href":"https:\/\/api.w.org\/{rel}","templated":true}]}}